{"id":21820,"date":"2018-10-29T08:10:24","date_gmt":"2018-10-29T05:10:24","guid":{"rendered":"http:\/\/arantv.az\/?p=21820"},"modified":"2018-10-29T08:10:24","modified_gmt":"2018-10-29T05:10:24","slug":"c%c9%99mil-ucun-nar-festivali-basladi-fotosessiya","status":"publish","type":"post","link":"https:\/\/arantv.az\/?p=21820","title":{"rendered":"C\u0259mil \u00fc\u00e7\u00fcn Nar festival\u0131 ba\u015flad\u0131 &#8211; FOTOSESS\u0130YA"},"content":{"rendered":"<p>Son vaxtlar yarad\u0131c\u0131l\u0131q f\u0259aliyy\u0259tini aktivl\u0259\u015fdir\u0259n xarizmatik m\u00fc\u011f\u0259nni C\u0259mil yeni fotosessiya etdirib. <strong>ARANTV.AZ<\/strong>-\u0131n m\u0259lumat\u0131na g\u00f6r\u0259, C\u0259mil yeni fotossesiyas\u0131n\u0131 \u201cNar Bayram\u0131\u201d festival\u0131na h\u0259sr edib. \u201cS\u00fcr\u0259ti \u00e7ox sevir\u0259m. Bu fotosesiyan\u0131 haz\u0131rlama\u011fa iki aya yax\u0131n vaxt s\u0259rf etmi\u015f\u0259m. Festival\u0131n G\u00f6y\u00e7ada ke\u00e7m\u0259sinin tarixi konkretkl\u0259\u015f\u0259n kimi q\u0259rara ald\u0131m ki, o vaxtad\u0259k fotossesiya etdirim. \u00c7ox \u015fadam ki, arzum h\u0259yata ke\u00e7di. \u00c7\u0259kili\u015f &#8220;Tac Photostudio\u201dda ger\u00e7\u0259kl\u0259\u015fdi. Fotoqraf F\u0259rid H\u0259s\u0259novla birg\u0259 \u00e7al\u0131\u015fmaqdan m\u0259mnun qald\u0131m. Fotosessiyan\u0131n u\u011furlu al\u0131nmas\u0131nda menecerim Elton Hac\u0131yevin d\u0259 z\u0259hm\u0259ti d\u0259 az olmad\u0131. Y\u0259qin ki, oxucular yaratd\u0131\u011f\u0131m obraz\u0131 g\u00f6z\u0259l qar\u015f\u0131layacaqlar. D\u00fc\u015f\u00fcn\u00fcr\u0259m ki, bu da bir d\u0259st\u0259k n\u00f6v\u00fc ola bil\u0259r.\u201d- dey\u0259n C\u0259mil sevincini <strong>ARANTV.AZ<\/strong>-la b\u00f6l\u00fc\u015f\u00fcb.<\/p>\n<p><img loading=\"lazy\" class=\"alignnone size-medium wp-image-21821\" src=\"https:\/\/arantv.az\/wp-content\/uploads\/2018\/10\/44902160_254480208565826_6832132957398892544_n-200x300.jpg\" alt=\"\" width=\"200\" height=\"300\" \/><\/p>\n<p><img loading=\"lazy\" class=\"alignnone size-medium wp-image-21822\" src=\"https:\/\/arantv.az\/wp-content\/uploads\/2018\/10\/44982058_184817192396250_6119745041456955392_n-200x300.jpg\" alt=\"\" width=\"200\" height=\"300\" \/><\/p>\n<p><img loading=\"lazy\" class=\"alignnone size-medium wp-image-21823\" src=\"https:\/\/arantv.az\/wp-content\/uploads\/2018\/10\/45010794_445610762631998_3505951635874512896_n-200x300.jpg\" alt=\"\" width=\"200\" height=\"300\" \/><\/p>\n","protected":false},"excerpt":{"rendered":"<p>Son vaxtlar yarad\u0131c\u0131l\u0131q f\u0259aliyy\u0259tini aktivl\u0259\u015fdir\u0259n xarizmatik m\u00fc\u011f\u0259nni C\u0259mil yeni fotosessiya etdirib. ARANTV.AZ-\u0131n m\u0259lumat\u0131na g\u00f6r\u0259, C\u0259mil yeni fotossesiyas\u0131n\u0131 \u201cNar Bayram\u0131\u201d festival\u0131na h\u0259sr edib. \u201cS\u00fcr\u0259ti \u00e7ox sevir\u0259m. Bu fotosesiyan\u0131 haz\u0131rlama\u011fa iki aya yax\u0131n vaxt s\u0259rf etmi\u015f\u0259m. Festival\u0131n G\u00f6y\u00e7ada ke\u00e7m\u0259sinin tarixi konkretkl\u0259\u015f\u0259n kimi q\u0259rara ald\u0131m ki, o vaxtad\u0259k fotossesiya etdirim. \u00c7ox \u015fadam ki, arzum h\u0259yata ke\u00e7di. \u00c7\u0259kili\u015f &#8220;Tac Photostudio\u201dda ger\u00e7\u0259kl\u0259\u015fdi. Fotoqraf F\u0259rid H\u0259s\u0259novla birg\u0259 \u00e7al\u0131\u015fmaqdan m\u0259mnun qald\u0131m. Fotosessiyan\u0131n u\u011furlu al\u0131nmas\u0131nda menecerim Elton Hac\u0131yevin d\u0259 z\u0259hm\u0259ti d\u0259 az olmad\u0131. Y\u0259qin ki, oxucular yaratd\u0131\u011f\u0131m obraz\u0131 g\u00f6z\u0259l qar\u015f\u0131layacaqlar. D\u00fc\u015f\u00fcn\u00fcr\u0259m ki, bu da bir d\u0259st\u0259k n\u00f6v\u00fc ola&hellip;<\/p>\n","protected":false},"author":2,"featured_media":21822,"comment_status":"closed","ping_status":"closed","sticky":false,"template":"","format":"standard","meta":{"om_disable_all_campaigns":false,"_monsterinsights_skip_tracking":false,"_monsterinsights_sitenote_active":false,"_monsterinsights_sitenote_note":"","_monsterinsights_sitenote_category":0},"categories":[20],"tags":[],"aioseo_notices":[],"gutentor_comment":0,"rttpg_featured_image_url":{"full":["https:\/\/arantv.az\/wp-content\/uploads\/2018\/10\/44982058_184817192396250_6119745041456955392_n.jpg",640,960,false],"landscape":["https:\/\/arantv.az\/wp-content\/uploads\/2018\/10\/44982058_184817192396250_6119745041456955392_n.jpg",640,960,false],"portraits":["https:\/\/arantv.az\/wp-content\/uploads\/2018\/10\/44982058_184817192396250_6119745041456955392_n.jpg",640,960,false],"thumbnail":["https:\/\/arantv.az\/wp-content\/uploads\/2018\/10\/44982058_184817192396250_6119745041456955392_n-150x150.jpg",150,150,true],"medium":["https:\/\/arantv.az\/wp-content\/uploads\/2018\/10\/44982058_184817192396250_6119745041456955392_n-200x300.jpg",200,300,true],"large":["https:\/\/arantv.az\/wp-content\/uploads\/2018\/10\/44982058_184817192396250_6119745041456955392_n.jpg",560,840,false],"1536x1536":["https:\/\/arantv.az\/wp-content\/uploads\/2018\/10\/44982058_184817192396250_6119745041456955392_n.jpg",640,960,false],"2048x2048":["https:\/\/arantv.az\/wp-content\/uploads\/2018\/10\/44982058_184817192396250_6119745041456955392_n.jpg",640,960,false],"post-thumbnail":["https:\/\/arantv.az\/wp-content\/uploads\/2018\/10\/44982058_184817192396250_6119745041456955392_n-240x172.jpg",240,172,true],"advps-thumb-one":["https:\/\/arantv.az\/wp-content\/uploads\/2018\/10\/44982058_184817192396250_6119745041456955392_n-640x620.jpg",640,620,true]},"rttpg_author":{"display_name":"V\u00fcsal Rafiqo\u011flu","author_link":"https:\/\/arantv.az\/?author=2"},"rttpg_comment":0,"rttpg_category":"<a href=\"https:\/\/arantv.az\/?cat=20\" rel=\"category\">\u015eou biznes<\/a>","rttpg_excerpt":"Son vaxtlar yarad\u0131c\u0131l\u0131q f\u0259aliyy\u0259tini aktivl\u0259\u015fdir\u0259n xarizmatik m\u00fc\u011f\u0259nni C\u0259mil yeni fotosessiya etdirib. ARANTV.AZ-\u0131n m\u0259lumat\u0131na g\u00f6r\u0259, C\u0259mil yeni fotossesiyas\u0131n\u0131 \u201cNar Bayram\u0131\u201d festival\u0131na h\u0259sr edib. \u201cS\u00fcr\u0259ti \u00e7ox sevir\u0259m. Bu fotosesiyan\u0131 haz\u0131rlama\u011fa iki aya yax\u0131n vaxt s\u0259rf etmi\u015f\u0259m. Festival\u0131n G\u00f6y\u00e7ada ke\u00e7m\u0259sinin tarixi konkretkl\u0259\u015f\u0259n kimi q\u0259rara ald\u0131m ki, o vaxtad\u0259k fotossesiya etdirim. \u00c7ox \u015fadam ki, arzum h\u0259yata ke\u00e7di. \u00c7\u0259kili\u015f &#8220;Tac&hellip;","_links":{"self":[{"href":"https:\/\/arantv.az\/index.php?rest_route=\/wp\/v2\/posts\/21820"}],"collection":[{"href":"https:\/\/arantv.az\/index.php?rest_route=\/wp\/v2\/posts"}],"about":[{"href":"https:\/\/arantv.az\/index.php?rest_route=\/wp\/v2\/types\/post"}],"author":[{"embeddable":true,"href":"https:\/\/arantv.az\/index.php?rest_route=\/wp\/v2\/users\/2"}],"replies":[{"embeddable":true,"href":"https:\/\/arantv.az\/index.php?rest_route=%2Fwp%2Fv2%2Fcomments&post=21820"}],"version-history":[{"count":0,"href":"https:\/\/arantv.az\/index.php?rest_route=\/wp\/v2\/posts\/21820\/revisions"}],"wp:featuredmedia":[{"embeddable":true,"href":"https:\/\/arantv.az\/index.php?rest_route=\/wp\/v2\/media\/21822"}],"wp:attachment":[{"href":"https:\/\/arantv.az\/index.php?rest_route=%2Fwp%2Fv2%2Fmedia&parent=21820"}],"wp:term":[{"taxonomy":"category","embeddable":true,"href":"https:\/\/arantv.az\/index.php?rest_route=%2Fwp%2Fv2%2Fcategories&post=21820"},{"taxonomy":"post_tag","embeddable":true,"href":"https:\/\/arantv.az\/index.php?rest_route=%2Fwp%2Fv2%2Ftags&post=21820"}],"curies":[{"name":"wp","href":"https:\/\/api.w.org\/{rel}","templated":true}]}}