{"id":21844,"date":"2018-10-29T08:47:55","date_gmt":"2018-10-29T05:47:55","guid":{"rendered":"http:\/\/arantv.az\/?p=21844"},"modified":"2018-10-29T08:47:55","modified_gmt":"2018-10-29T05:47:55","slug":"roya-ayxandan-cazib%c9%99dar-fotolar","status":"publish","type":"post","link":"https:\/\/arantv.az\/?p=21844","title":{"rendered":"R\u00f6ya Ayxandan cazib\u0259dar \u2013 FOTOLAR"},"content":{"rendered":"<p>X\u0259b\u0259r verdiyimiz kimi, \u0259m\u0259kdar artist v\u0259 estrada ulduzu R\u00f6ya Ayxan qarda\u015f \u00f6lk\u0259 T\u00fcrkiy\u0259d\u0259 \u201cAfaki\u201d adlanan mahn\u0131s\u0131na \u00e7\u0259kdirdiyi klipini t\u0259qdim etmi\u015fdi. <strong>ARANTV.AZ<\/strong> x\u0259b\u0259r verir ki, superstar h\u0259m\u00e7inin T\u00fcrkiy\u0259d\u0259 yeni fotosessiyaya \u00e7\u0259kilib. M\u0259\u015fhur t\u00fcrkiy\u0259li fotoqraf Orcun Mutlunun kameras\u0131 \u00f6n\u00fcn\u0259 ke\u00e7\u0259n R\u00f6ya Ayxan cazib\u0259dar obraz yaratma\u011fa m\u00fcv\u0259ff\u0259q olub. Fotosessiyada R\u00f6yan\u0131n stilinin \u00fcz\u0259rind\u0259 is\u0259 Ozgur Yuksel i\u015fl\u0259yib. ARANTV.AZ fotosessiyan\u0131 t\u0259qdim edir:<\/p>\n<p><img loading=\"lazy\" class=\"alignnone size-medium wp-image-21845\" src=\"https:\/\/arantv.az\/wp-content\/uploads\/2018\/10\/44929545_323891238401846_5356200092174909440_n-296x300.jpg\" alt=\"\" width=\"296\" height=\"300\" \/> <img loading=\"lazy\" class=\"alignnone size-medium wp-image-21846\" src=\"https:\/\/arantv.az\/wp-content\/uploads\/2018\/10\/44948269_1950080628622068_2998567942104285184_n-296x300.jpg\" alt=\"\" width=\"296\" height=\"300\" \/><\/p>\n","protected":false},"excerpt":{"rendered":"<p>X\u0259b\u0259r verdiyimiz kimi, \u0259m\u0259kdar artist v\u0259 estrada ulduzu R\u00f6ya Ayxan qarda\u015f \u00f6lk\u0259 T\u00fcrkiy\u0259d\u0259 \u201cAfaki\u201d adlanan mahn\u0131s\u0131na \u00e7\u0259kdirdiyi klipini t\u0259qdim etmi\u015fdi. ARANTV.AZ x\u0259b\u0259r verir ki, superstar h\u0259m\u00e7inin T\u00fcrkiy\u0259d\u0259 yeni fotosessiyaya \u00e7\u0259kilib. M\u0259\u015fhur t\u00fcrkiy\u0259li fotoqraf Orcun Mutlunun kameras\u0131 \u00f6n\u00fcn\u0259 ke\u00e7\u0259n R\u00f6ya Ayxan cazib\u0259dar obraz yaratma\u011fa m\u00fcv\u0259ff\u0259q olub. Fotosessiyada R\u00f6yan\u0131n stilinin \u00fcz\u0259rind\u0259 is\u0259 Ozgur Yuksel i\u015fl\u0259yib. ARANTV.AZ fotosessiyan\u0131 t\u0259qdim edir:<\/p>\n","protected":false},"author":2,"featured_media":21845,"comment_status":"closed","ping_status":"closed","sticky":false,"template":"","format":"standard","meta":{"om_disable_all_campaigns":false,"_monsterinsights_skip_tracking":false,"_monsterinsights_sitenote_active":false,"_monsterinsights_sitenote_note":"","_monsterinsights_sitenote_category":0},"categories":[20],"tags":[],"aioseo_notices":[],"gutentor_comment":0,"rttpg_featured_image_url":{"full":["https:\/\/arantv.az\/wp-content\/uploads\/2018\/10\/44929545_323891238401846_5356200092174909440_n.jpg",948,960,false],"landscape":["https:\/\/arantv.az\/wp-content\/uploads\/2018\/10\/44929545_323891238401846_5356200092174909440_n.jpg",948,960,false],"portraits":["https:\/\/arantv.az\/wp-content\/uploads\/2018\/10\/44929545_323891238401846_5356200092174909440_n.jpg",948,960,false],"thumbnail":["https:\/\/arantv.az\/wp-content\/uploads\/2018\/10\/44929545_323891238401846_5356200092174909440_n-150x150.jpg",150,150,true],"medium":["https:\/\/arantv.az\/wp-content\/uploads\/2018\/10\/44929545_323891238401846_5356200092174909440_n-296x300.jpg",296,300,true],"large":["https:\/\/arantv.az\/wp-content\/uploads\/2018\/10\/44929545_323891238401846_5356200092174909440_n.jpg",640,648,false],"1536x1536":["https:\/\/arantv.az\/wp-content\/uploads\/2018\/10\/44929545_323891238401846_5356200092174909440_n.jpg",948,960,false],"2048x2048":["https:\/\/arantv.az\/wp-content\/uploads\/2018\/10\/44929545_323891238401846_5356200092174909440_n.jpg",948,960,false],"post-thumbnail":["https:\/\/arantv.az\/wp-content\/uploads\/2018\/10\/44929545_323891238401846_5356200092174909440_n-240x172.jpg",240,172,true],"advps-thumb-one":["https:\/\/arantv.az\/wp-content\/uploads\/2018\/10\/44929545_323891238401846_5356200092174909440_n-948x620.jpg",948,620,true]},"rttpg_author":{"display_name":"V\u00fcsal Rafiqo\u011flu","author_link":"https:\/\/arantv.az\/?author=2"},"rttpg_comment":0,"rttpg_category":"<a href=\"https:\/\/arantv.az\/?cat=20\" rel=\"category\">\u015eou biznes<\/a>","rttpg_excerpt":"X\u0259b\u0259r verdiyimiz kimi, \u0259m\u0259kdar artist v\u0259 estrada ulduzu R\u00f6ya Ayxan qarda\u015f \u00f6lk\u0259 T\u00fcrkiy\u0259d\u0259 \u201cAfaki\u201d adlanan mahn\u0131s\u0131na \u00e7\u0259kdirdiyi klipini t\u0259qdim etmi\u015fdi. ARANTV.AZ x\u0259b\u0259r verir ki, superstar h\u0259m\u00e7inin T\u00fcrkiy\u0259d\u0259 yeni fotosessiyaya \u00e7\u0259kilib. M\u0259\u015fhur t\u00fcrkiy\u0259li fotoqraf Orcun Mutlunun kameras\u0131 \u00f6n\u00fcn\u0259 ke\u00e7\u0259n R\u00f6ya Ayxan cazib\u0259dar obraz yaratma\u011fa m\u00fcv\u0259ff\u0259q olub. Fotosessiyada R\u00f6yan\u0131n stilinin \u00fcz\u0259rind\u0259 is\u0259 Ozgur Yuksel i\u015fl\u0259yib. ARANTV.AZ fotosessiyan\u0131&hellip;","_links":{"self":[{"href":"https:\/\/arantv.az\/index.php?rest_route=\/wp\/v2\/posts\/21844"}],"collection":[{"href":"https:\/\/arantv.az\/index.php?rest_route=\/wp\/v2\/posts"}],"about":[{"href":"https:\/\/arantv.az\/index.php?rest_route=\/wp\/v2\/types\/post"}],"author":[{"embeddable":true,"href":"https:\/\/arantv.az\/index.php?rest_route=\/wp\/v2\/users\/2"}],"replies":[{"embeddable":true,"href":"https:\/\/arantv.az\/index.php?rest_route=%2Fwp%2Fv2%2Fcomments&post=21844"}],"version-history":[{"count":0,"href":"https:\/\/arantv.az\/index.php?rest_route=\/wp\/v2\/posts\/21844\/revisions"}],"wp:featuredmedia":[{"embeddable":true,"href":"https:\/\/arantv.az\/index.php?rest_route=\/wp\/v2\/media\/21845"}],"wp:attachment":[{"href":"https:\/\/arantv.az\/index.php?rest_route=%2Fwp%2Fv2%2Fmedia&parent=21844"}],"wp:term":[{"taxonomy":"category","embeddable":true,"href":"https:\/\/arantv.az\/index.php?rest_route=%2Fwp%2Fv2%2Fcategories&post=21844"},{"taxonomy":"post_tag","embeddable":true,"href":"https:\/\/arantv.az\/index.php?rest_route=%2Fwp%2Fv2%2Ftags&post=21844"}],"curies":[{"name":"wp","href":"https:\/\/api.w.org\/{rel}","templated":true}]}}