{"id":21869,"date":"2018-10-29T09:32:01","date_gmt":"2018-10-29T06:32:01","guid":{"rendered":"http:\/\/arantv.az\/?p=21869"},"modified":"2018-10-29T09:32:01","modified_gmt":"2018-10-29T06:32:01","slug":"erm%c9%99nistan-az%c9%99rbaycan-%c9%99razil%c9%99rini-ilhaq-etm%c9%99k-kimi-cirkin-niyy%c9%99tl%c9%99rini-aciq-s%c9%99kild%c9%99-numayis-etdirir-xin-d%c9%99n-z%c9%99ngilan-aciqlamasi","status":"publish","type":"post","link":"https:\/\/arantv.az\/?p=21869","title":{"rendered":"Erm\u0259nistan Az\u0259rbaycan \u0259razil\u0259rini ilhaq etm\u0259k kimi \u00e7irkin niyy\u0259tl\u0259rini a\u00e7\u0131q \u015f\u0259kild\u0259 n\u00fcmayi\u015f etdirir &#8211; X\u0130N-d\u0259n Z\u0259ngilan a\u00e7\u0131qlamas\u0131"},"content":{"rendered":"<p>&#8220;Erm\u0259nistan d\u0259rk etm\u0259lidir ki, Az\u0259rbaycan \u0259razil\u0259rinin i\u015f\u011fal alt\u0131nda saxlanmas\u0131 he\u00e7 zaman Erm\u0259nistan\u0131n g\u00fcdd\u00fcy\u00fc siyasi n\u0259tic\u0259l\u0259ri ver\u0259 bilm\u0259z. Erm\u0259nistan qo\u015funlar\u0131n\u0131n Az\u0259rbaycan\u0131n i\u015f\u011fal olunmu\u015f \u0259razil\u0259rind\u0259n \u00e7\u0131xar\u0131lmas\u0131 v\u0259 i\u015f\u011fal n\u0259tic\u0259sind\u0259 yaranm\u0131\u015f status-kvonun d\u0259yi\u015fdirilm\u0259si m\u00fcnaqi\u015f\u0259nin siyasi h\u0259lli v\u0259 h\u0259rt\u0259r\u0259fli regional \u0259m\u0259kda\u015fl\u0131q \u00fc\u00e7\u00fcn imkanlar a\u00e7a v\u0259 davaml\u0131 s\u00fclh\u00fcn t\u0259min olunmas\u0131na t\u00f6hf\u0259 ver\u0259 bil\u0259r. Az\u0259rbaycan m\u00fcnaqi\u015f\u0259nin tezlikl\u0259 h\u0259lli istiqam\u0259tind\u0259 beyn\u0259xalq s\u0259yl\u0259rin art\u0131r\u0131lmas\u0131n\u0131 d\u0259st\u0259kl\u0259y\u0259r\u0259k beyn\u0259lxalq s\u0259viyy\u0259d\u0259 tan\u0131nm\u0131\u015f s\u0259rh\u0259dl\u0259ri daxilind\u0259 \u0259razi b\u00fct\u00f6vl\u00fcy\u00fc v\u0259 suverenliyini, h\u0259m\u00e7inin v\u0259t\u0259nda\u015flar\u0131n\u0131n pozulmu\u015f h\u00fcquqlar\u0131n\u0131 b\u0259rpa etm\u0259k h\u00fcququnu \u00f6z\u00fcnd\u0259 saxlay\u0131r&#8221;.<\/p>\n<p><strong>ARANTV.AZ\u00a0<\/strong> x\u0259b\u0259r verir ki, bu bar\u0259d\u0259 Xarici I\u015fl\u0259r Nazirliyinin M\u0259tbuat Xidm\u0259tinin r\u0259hb\u0259ri v\u0259zif\u0259sini icra ed\u0259n\u00a0<strong>Leyla Abdullayeva<\/strong>\u00a0Az\u0259rbaycan\u0131n Z\u0259ngilan rayonunun i\u015f\u011fal\u0131n\u0131n 25-ci ild\u00f6n\u00fcm\u00fc il\u0259 \u0259laq\u0259dar a\u00e7\u0131qlamas\u0131nda bildirib.<\/p>\n<p><img src=\"https:\/\/img.milli.az\/2018\/10\/05\/leyla_abdullayeva-xin.jpg\" alt=\"\" \/><\/p>\n<p>X\u0130N-nin s\u00f6z\u00e7\u00fcs\u00fc qeyd edib ki, 29 oktyabr 1993-c\u00fc il tarixind\u0259 Erm\u0259nistan Respublikas\u0131n\u0131n Az\u0259rbaycan Respublikas\u0131na qar\u015f\u0131 h\u0259rbi t\u0259cav\u00fcz\u00fcn\u00fcn davam\u0131 olaraq, Az\u0259rbaycana m\u0259nsub ke\u00e7mi\u015f Da\u011fl\u0131q Qaraba\u011f Muxtar Vilay\u0259tinin h\u00fcdudlar\u0131ndan k\u0259nar yerl\u0259\u015f\u0259n v\u0259 \u00fcmumi \u0259razisi 730 kv. km olan Z\u0259ngilan rayonu Erm\u0259nistan silahl\u0131 q\u00fcvv\u0259l\u0259ri t\u0259r\u0259find\u0259n i\u015f\u011fal olunub: &#8220;Qeyd olunmal\u0131d\u0131r ki, C\u0259bray\u0131l v\u0259 dig\u0259r h\u0259ms\u0259rh\u0259d rayonlar\u0131n i\u015f\u011fal edildikd\u0259n sonra m\u00fchasir\u0259 hal\u0131na d\u00fc\u015fm\u00fc\u015f Z\u0259ngilan iki aydan art\u0131q \u015f\u00fcca\u0259tl\u0259\u00a0m\u00fcqavim\u0259t g\u00f6st\u0259rib.<\/p>\n<p>T\u0259cav\u00fcz n\u0259tic\u0259sind\u0259 85 ya\u015fay\u0131\u015f m\u0259nt\u0259q\u0259sind\u0259n ibar\u0259t Z\u0259ngilan rayonunun \u0259halisi etnik t\u0259mizl\u0259m\u0259y\u0259 m\u0259ruz qal\u0131b. \u0130\u015f\u011fal n\u0259tic\u0259sind\u0259 \u00e7oxlu sayda ya\u015fay\u0131\u015f binalar\u0131, s\u0259naye v\u0259 k\u0259nd t\u0259s\u0259rr\u00fcfat\u0131 m\u00fc\u0259ssis\u0259l\u0259ri, t\u0259hsil, s\u0259hiyy\u0259 v\u0259 m\u0259d\u0259niyy\u0259t ocaqlar\u0131, o c\u00fcml\u0259d\u0259n q\u0259dim da\u015f abid\u0259l\u0259ri olan tarix muzeyi v\u0259 s. yand\u0131r\u0131laraq m\u0259hv edilib. Erm\u0259nistan t\u0259r\u0259find\u0259n rayonda d\u00f6vl\u0259t v\u0259 \u00f6z\u0259l m\u00fclkiyy\u0259t\u0259 ciddi z\u0259r\u0259r yetirilib. Hal-haz\u0131rda 45 min n\u0259f\u0259r rayon sakinl\u0259ri Az\u0259rbaycan\u0131n m\u00fcxt\u0259lif b\u00f6lg\u0259l\u0259rind\u0259 m\u0259cburi k\u00f6\u00e7k\u00fcn qismind\u0259 m\u0259skunla\u015f\u0131r.<\/p>\n<p>Dig\u0259r i\u015f\u011fal edilmi\u015f \u0259razil\u0259rd\u0259 oldu\u011fu kimi, Z\u0259ngilan rayonunda da Erm\u0259nistan t\u0259r\u0259find\u0259n Az\u0259rbaycan xalq\u0131na m\u0259xsus maddi-m\u0259d\u0259ni irsin talan edilm\u0259si, saxtala\u015fd\u0131r\u0131lmas\u0131, vandalizm\u0259 m\u0259ruz qoyulmas\u0131 v\u0259 xarakterik x\u00fcsusiyy\u0259tl\u0259rinin d\u0259yi\u015fdirilm\u0259si h\u0259yata ke\u00e7irilir. Onlar\u0131n aras\u0131nda Yuxar\u0131 v\u0259 Orta Yem\u0259zli k\u0259ndl\u0259rinin aras\u0131nda e.\u0259. I minilliy\u0259 aid k\u00fcp q\u0259birl\u0259ri v\u0259 \u015e\u0259rifan k\u0259ndind\u0259ki XIII-XIV \u0259srl\u0259r\u0259 aid \u015e\u0259hri-\u015e\u0259rifan tarixi \u015f\u0259h\u0259rciyinin qal\u0131qlar\u0131 kimi arxeoloji abid\u0259l\u0259r, \u018fmirxanl\u0131 k\u0259ndind\u0259ki XII \u0259sr\u0259 aid Q\u0131z qalas\u0131 abid\u0259si, M\u0259mm\u0259db\u0259yli k\u0259ndind\u0259ki 1304-1305-ci ill\u0259r\u0259 aid Y\u0259hya ibn M\u0259h\u0259mm\u0259d \u0259l-H\u0259ccin t\u00fcrb\u0259si, bir s\u0131ra Qafqaz alban kils\u0259l\u0259ri, \u00e7oxlu sayda m\u0259scidl\u0259r v\u0259 sair qeyd oluna bil\u0259r&#8221;.<\/p>\n<p>L.Abdullayeva Erm\u0259nistan \u00f6z i\u015flal\u00e7\u0131l\u0131q siyas\u0259tini davam etdirm\u0259kl\u0259 \u00f6z \u00e7irkin niyy\u0259tl\u0259rini n\u00fcmayi\u015f etdirir: &#8220;Respublikas\u0131 Cenevr\u0259 Konvensiyalar\u0131 il\u0259 \u00fcz\u0259rin\u0259 d\u00fc\u015f\u0259n \u00f6hd\u0259likl\u0259rini kobud \u015f\u0259kild\u0259 pozaraq, Z\u0259ngilan rayonunda co\u011frafi adlar\u0131n d\u0259yi\u015fdirilm\u0259si, oradak\u0131 m\u00fclkiyy\u0259tin talan edilm\u0259si v\u0259 \u0259razil\u0259rin yand\u0131r\u0131lmas\u0131 kimi qeyri-qanuni \u0259m\u0259ll\u0259rini davam etdirir. X\u00fcsusil\u0259 h\u0259min \u0259razil\u0259rd\u0259 Suriyadan olan erm\u0259ni \u0259silli \u015f\u0259xsl\u0259r daxil olmaqla, erm\u0259ni \u0259halisinin qanunsuz yerl\u0259\u015fdirilm\u0259si h\u0259yata ke\u00e7irilir. Z\u0259ngilan rayonu \u00fcz\u0259rind\u0259n i\u015f\u011fal edilmi\u015f Da\u011fl\u0131q Qaraba\u011f b\u00f6lg\u0259sinin Erm\u0259nistan il\u0259 birl\u0259\u015fdirilm\u0259si \u00fc\u00e7\u00fcn n\u0259z\u0259rd\u0259 tutulan art\u0131q \u00fc\u00e7\u00fcnc\u00fc yolun \u00e7\u0259kilm\u0259si bu i\u015f\u011fal\u00e7\u0131 d\u00f6vl\u0259tin Az\u0259rbaycan \u0259razil\u0259rini ilhaq etm\u0259k kimi \u00e7irkin niyy\u0259tl\u0259rini a\u00e7\u0131q \u015f\u0259kild\u0259 n\u00fcmayi\u015f etdirir.<\/p>\n<p>BMT T\u0259hl\u00fck\u0259sizlik \u015euras\u0131n\u0131n 884 sayl\u0131 q\u0259tnam\u0259sind\u0259 Az\u0259rbaycan Respublikas\u0131n\u0131n Z\u0259ngilan rayonunun i\u015f\u011fal\u0131 k\u0259skin \u015f\u0259kild\u0259 pisl\u0259nilib v\u0259 Az\u0259rbaycan\u0131n c\u0259nub s\u0259rh\u0259dl\u0259ri boyunca humanitar f\u0259lak\u0259tin yaranmas\u0131 v\u0259 \u00e7oxlu sayda m\u00fclki insan\u0131n did\u0259rgin d\u00fc\u015fm\u0259sin\u0259 m\u00fcnasib\u0259tind\u0259 ciddi narahatl\u0131q ifad\u0259 olunub. Q\u0259tnam\u0259d\u0259 &#8220;T\u0259hl\u00fck\u0259sizlik \u015euras\u0131n\u0131n 822 (1993) v\u0259 853 (1993) q\u0259tnam\u0259l\u0259rinin icras\u0131 m\u0259qs\u0259dil\u0259 t\u0259xir\u0259sal\u0131nmaz add\u0131mlara dair uy\u011funla\u015fd\u0131r\u0131lm\u0131\u015f vaxt c\u0259dv\u0259li&#8221;n\u0259 m\u00fcvafiq olaraq i\u015f\u011fal\u00e7\u0131 q\u00fcvv\u0259l\u0259rin birt\u0259r\u0259fli qaydada Z\u0259ngilan rayonundan v\u0259 Az\u0259rbaycan\u0131n dig\u0259r i\u015f\u011fal olunmu\u015f \u0259razil\u0259rind\u0259n \u00e7\u0131xar\u0131lmas\u0131 t\u0259l\u0259b olunub. BMT T\u0259hl\u00fck\u0259sizlik \u015euras\u0131n\u0131n q\u0259tnam\u0259l\u0259rind\u0259 birm\u0259nal\u0131 \u015f\u0259kild\u0259 i\u015f\u011fal\u00e7\u0131 qo\u015funlar\u0131n \u00e7\u0131xar\u0131lmas\u0131 t\u0259l\u0259b olunsa da, Erm\u0259nistan t\u0259r\u0259find\u0259n bu t\u0259l\u0259bl\u0259r\u0259 h\u0259l\u0259 d\u0259 \u0259m\u0259l edilm\u0259yib&#8221;.<\/p>\n<p>milli.az<\/p>\n","protected":false},"excerpt":{"rendered":"<p>&#8220;Erm\u0259nistan d\u0259rk etm\u0259lidir ki, Az\u0259rbaycan \u0259razil\u0259rinin i\u015f\u011fal alt\u0131nda saxlanmas\u0131 he\u00e7 zaman Erm\u0259nistan\u0131n g\u00fcdd\u00fcy\u00fc siyasi n\u0259tic\u0259l\u0259ri ver\u0259 bilm\u0259z. Erm\u0259nistan qo\u015funlar\u0131n\u0131n Az\u0259rbaycan\u0131n i\u015f\u011fal olunmu\u015f \u0259razil\u0259rind\u0259n \u00e7\u0131xar\u0131lmas\u0131 v\u0259 i\u015f\u011fal n\u0259tic\u0259sind\u0259 yaranm\u0131\u015f status-kvonun d\u0259yi\u015fdirilm\u0259si m\u00fcnaqi\u015f\u0259nin siyasi h\u0259lli v\u0259 h\u0259rt\u0259r\u0259fli regional \u0259m\u0259kda\u015fl\u0131q \u00fc\u00e7\u00fcn imkanlar a\u00e7a v\u0259 davaml\u0131 s\u00fclh\u00fcn t\u0259min olunmas\u0131na t\u00f6hf\u0259 ver\u0259 bil\u0259r. Az\u0259rbaycan m\u00fcnaqi\u015f\u0259nin tezlikl\u0259 h\u0259lli istiqam\u0259tind\u0259 beyn\u0259xalq s\u0259yl\u0259rin art\u0131r\u0131lmas\u0131n\u0131 d\u0259st\u0259kl\u0259y\u0259r\u0259k beyn\u0259lxalq s\u0259viyy\u0259d\u0259 tan\u0131nm\u0131\u015f s\u0259rh\u0259dl\u0259ri daxilind\u0259 \u0259razi b\u00fct\u00f6vl\u00fcy\u00fc v\u0259 suverenliyini, h\u0259m\u00e7inin v\u0259t\u0259nda\u015flar\u0131n\u0131n pozulmu\u015f h\u00fcquqlar\u0131n\u0131 b\u0259rpa etm\u0259k h\u00fcququnu \u00f6z\u00fcnd\u0259 saxlay\u0131r&#8221;. ARANTV.AZ\u00a0 x\u0259b\u0259r verir ki, bu bar\u0259d\u0259 Xarici I\u015fl\u0259r Nazirliyinin M\u0259tbuat Xidm\u0259tinin r\u0259hb\u0259ri v\u0259zif\u0259sini icra ed\u0259n\u00a0Leyla&hellip;<\/p>\n","protected":false},"author":2,"featured_media":21870,"comment_status":"closed","ping_status":"closed","sticky":false,"template":"","format":"standard","meta":{"om_disable_all_campaigns":false,"_monsterinsights_skip_tracking":false,"_monsterinsights_sitenote_active":false,"_monsterinsights_sitenote_note":"","_monsterinsights_sitenote_category":0},"categories":[4],"tags":[],"aioseo_notices":[],"gutentor_comment":0,"rttpg_featured_image_url":{"full":["https:\/\/arantv.az\/wp-content\/uploads\/2018\/10\/zengilan-qarabag.jpg",800,600,false],"landscape":["https:\/\/arantv.az\/wp-content\/uploads\/2018\/10\/zengilan-qarabag.jpg",800,600,false],"portraits":["https:\/\/arantv.az\/wp-content\/uploads\/2018\/10\/zengilan-qarabag.jpg",800,600,false],"thumbnail":["https:\/\/arantv.az\/wp-content\/uploads\/2018\/10\/zengilan-qarabag-150x150.jpg",150,150,true],"medium":["https:\/\/arantv.az\/wp-content\/uploads\/2018\/10\/zengilan-qarabag-300x225.jpg",300,225,true],"large":["https:\/\/arantv.az\/wp-content\/uploads\/2018\/10\/zengilan-qarabag.jpg",640,480,false],"1536x1536":["https:\/\/arantv.az\/wp-content\/uploads\/2018\/10\/zengilan-qarabag.jpg",800,600,false],"2048x2048":["https:\/\/arantv.az\/wp-content\/uploads\/2018\/10\/zengilan-qarabag.jpg",800,600,false],"post-thumbnail":["https:\/\/arantv.az\/wp-content\/uploads\/2018\/10\/zengilan-qarabag-240x172.jpg",240,172,true],"advps-thumb-one":["https:\/\/arantv.az\/wp-content\/uploads\/2018\/10\/zengilan-qarabag.jpg",800,600,false]},"rttpg_author":{"display_name":"V\u00fcsal Rafiqo\u011flu","author_link":"https:\/\/arantv.az\/?author=2"},"rttpg_comment":0,"rttpg_category":"<a href=\"https:\/\/arantv.az\/?cat=4\" rel=\"category\">Siyas\u0259t<\/a>","rttpg_excerpt":"&#8220;Erm\u0259nistan d\u0259rk etm\u0259lidir ki, Az\u0259rbaycan \u0259razil\u0259rinin i\u015f\u011fal alt\u0131nda saxlanmas\u0131 he\u00e7 zaman Erm\u0259nistan\u0131n g\u00fcdd\u00fcy\u00fc siyasi n\u0259tic\u0259l\u0259ri ver\u0259 bilm\u0259z. Erm\u0259nistan qo\u015funlar\u0131n\u0131n Az\u0259rbaycan\u0131n i\u015f\u011fal olunmu\u015f \u0259razil\u0259rind\u0259n \u00e7\u0131xar\u0131lmas\u0131 v\u0259 i\u015f\u011fal n\u0259tic\u0259sind\u0259 yaranm\u0131\u015f status-kvonun d\u0259yi\u015fdirilm\u0259si m\u00fcnaqi\u015f\u0259nin siyasi h\u0259lli v\u0259 h\u0259rt\u0259r\u0259fli regional \u0259m\u0259kda\u015fl\u0131q \u00fc\u00e7\u00fcn imkanlar a\u00e7a v\u0259 davaml\u0131 s\u00fclh\u00fcn t\u0259min olunmas\u0131na t\u00f6hf\u0259 ver\u0259 bil\u0259r. Az\u0259rbaycan m\u00fcnaqi\u015f\u0259nin tezlikl\u0259 h\u0259lli istiqam\u0259tind\u0259 beyn\u0259xalq s\u0259yl\u0259rin&hellip;","_links":{"self":[{"href":"https:\/\/arantv.az\/index.php?rest_route=\/wp\/v2\/posts\/21869"}],"collection":[{"href":"https:\/\/arantv.az\/index.php?rest_route=\/wp\/v2\/posts"}],"about":[{"href":"https:\/\/arantv.az\/index.php?rest_route=\/wp\/v2\/types\/post"}],"author":[{"embeddable":true,"href":"https:\/\/arantv.az\/index.php?rest_route=\/wp\/v2\/users\/2"}],"replies":[{"embeddable":true,"href":"https:\/\/arantv.az\/index.php?rest_route=%2Fwp%2Fv2%2Fcomments&post=21869"}],"version-history":[{"count":0,"href":"https:\/\/arantv.az\/index.php?rest_route=\/wp\/v2\/posts\/21869\/revisions"}],"wp:featuredmedia":[{"embeddable":true,"href":"https:\/\/arantv.az\/index.php?rest_route=\/wp\/v2\/media\/21870"}],"wp:attachment":[{"href":"https:\/\/arantv.az\/index.php?rest_route=%2Fwp%2Fv2%2Fmedia&parent=21869"}],"wp:term":[{"taxonomy":"category","embeddable":true,"href":"https:\/\/arantv.az\/index.php?rest_route=%2Fwp%2Fv2%2Fcategories&post=21869"},{"taxonomy":"post_tag","embeddable":true,"href":"https:\/\/arantv.az\/index.php?rest_route=%2Fwp%2Fv2%2Ftags&post=21869"}],"curies":[{"name":"wp","href":"https:\/\/api.w.org\/{rel}","templated":true}]}}