{"id":21911,"date":"2018-10-29T11:13:59","date_gmt":"2018-10-29T08:13:59","guid":{"rendered":"http:\/\/arantv.az\/?p=21911"},"modified":"2018-10-29T11:13:59","modified_gmt":"2018-10-29T08:13:59","slug":"baki-beyn%c9%99lxalq-humanitar-forumu-xalqlar-arasinda-dialoqun-mohk%c9%99ml%c9%99nm%c9%99si-v%c9%99-inkisafi-ucun-meydan-acir","status":"publish","type":"post","link":"https:\/\/arantv.az\/?p=21911","title":{"rendered":"&#8220;Bak\u0131 Beyn\u0259lxalq Humanitar Forumu xalqlar aras\u0131nda dialoqun m\u00f6hk\u0259ml\u0259nm\u0259si v\u0259 inki\u015faf\u0131 \u00fc\u00e7\u00fcn meydan a\u00e7\u0131r&#8221;"},"content":{"rendered":"<blockquote><p><em><strong>VI Bak\u0131 Beyn\u0259lxalq Humanitar Forumu xalqlar aras\u0131nda dialoqun m\u00f6hk\u0259ml\u0259nm\u0259si v\u0259 inki\u015faf\u0131 \u00fc\u00e7\u00fcn yeni ideyalar, fikir m\u00fcbadil\u0259si v\u0259 qar\u015f\u0131l\u0131ql\u0131 etimad\u0131n yaranmas\u0131na meydan a\u00e7\u0131r.<\/strong><\/em><\/p><\/blockquote>\n<p><strong>ARANTV.AZ<\/strong> x\u0259b\u0259r verir ki, bunu trend-\u0259 Milli M\u0259clisin deputat\u0131 Ayd\u0131n H\u00fcseynov deyib.<\/p>\n<p>Deputat bildirib ki, bu c\u00fcr t\u0259dbirl\u0259r ke\u00e7irm\u0259kl\u0259 Az\u0259rbaycan d\u00fcnyada s\u00fclh\u00fcn v\u0259 t\u0259hl\u00fck\u0259sizliyin t\u0259min olunmas\u0131na m\u00fch\u00fcm t\u00f6hf\u0259 verir:<\/p>\n<p>&#8220;Baxmayaraq ki, bu g\u00fcn Az\u0259rbaycan \u00f6z\u00fc erm\u0259ni i\u015f\u011fal\u0131ndan \u0259ziyy\u0259t \u00e7\u0259kir, \u00f6lk\u0259mizd\u0259 bir milyondan art\u0131q qa\u00e7q\u0131n v\u0259 m\u0259cburi k\u00f6\u00e7k\u00fcn var, \u00f6lk\u0259miz n\u0259inki regionda, o c\u00fcml\u0259d\u0259n d\u00fcnyada s\u00fclh\u00fcn b\u0259rq\u0259rar olmas\u0131 istiqam\u0259tind\u0259 m\u00fch\u00fcm i\u015fl\u0259r g\u00f6r\u00fcr. Az\u0259rbaycan art\u0131q d\u00fcnya \u00fc\u00e7\u00fcn m\u00fch\u00fcm \u0259h\u0259miyy\u0259t k\u0259sb ed\u0259n beyn\u0259lxalq t\u0259dbirl\u0259rin ke\u00e7irildiyi, vacib m\u0259s\u0259l\u0259l\u0259rin m\u00fczakir\u0259 edildiyi m\u0259kana \u00e7evrilib&#8221;.<\/p>\n<p>A.H\u00fcseynov vur\u011fulay\u0131b ki, Az\u0259rbaycan indiy\u0259 q\u0259d\u0259r dinamik inki\u015faf\u0131 il\u0259 sivilizasiyalararas\u0131 dialoqun qurulmas\u0131 \u00fc\u00e7\u00fcn qlobal t\u0259dbirl\u0259r\u0259 u\u011furla ev sahibliyi edir: &#8220;Bak\u0131da art\u0131q 6-c\u0131 ildir ki, Beyn\u0259lxalq Humanitar Forum ke\u00e7irilir. H\u0259r bir forumda d\u00fcnyan\u0131 d\u00fc\u015f\u00fcnd\u00fcr\u0259n qlobal probleml\u0259rin h\u0259lli yollar\u0131n\u0131n tap\u0131lmas\u0131 istiqam\u0259tind\u0259 s\u0259m\u0259r\u0259li m\u00fczakir\u0259l\u0259r apar\u0131l\u0131r, geni\u015f \u0259hat\u0259li m\u0259s\u0259l\u0259l\u0259r m\u00fczakir\u0259 edilir, \u00e7a\u011f\u0131r\u0131\u015flar olur&#8221;.<\/p>\n<p>Mill\u0259t v\u0259kili deyib ki, Bak\u0131 Forumuna maraq h\u0259r il art\u0131r v\u0259 art\u0131q 6-c\u0131 d\u0259f\u0259 \u00f6lk\u0259mizd\u0259 ke\u00e7irilm\u0259si onu dem\u0259y\u0259 \u0259sas verir ki, bu t\u0259dbir d\u00fcnyan\u0131n siyasi-ictimai elitas\u0131n\u0131 birl\u0259\u015fdir\u0259n diskussiya v\u0259 dialoq m\u0259kan\u0131 kimi tan\u0131n\u0131r.<\/p>\n<p>Qeyd ed\u0259k ki, oktyabr\u0131n 25-26-da Bak\u0131da VI Beyn\u0259lxalq Humanitar Forum ke\u00e7irilib. &#8220;Yeni d\u00fcnya v\u0259 yeni insan formala\u015fd\u0131raq: kreativlik v\u0259 insan inki\u015faf\u0131&#8221; m\u00f6vzusunda ke\u00e7iril\u0259n bud\u0259f\u0259ki Foruma 86 \u00f6lk\u0259 v\u0259 24 beyn\u0259lxalq t\u0259\u015fkilatdan 581 n\u00fcmay\u0259nd\u0259 qat\u0131l\u0131b.<\/p>\n","protected":false},"excerpt":{"rendered":"<p>VI Bak\u0131 Beyn\u0259lxalq Humanitar Forumu xalqlar aras\u0131nda dialoqun m\u00f6hk\u0259ml\u0259nm\u0259si v\u0259 inki\u015faf\u0131 \u00fc\u00e7\u00fcn yeni ideyalar, fikir m\u00fcbadil\u0259si v\u0259 qar\u015f\u0131l\u0131ql\u0131 etimad\u0131n yaranmas\u0131na meydan a\u00e7\u0131r. ARANTV.AZ x\u0259b\u0259r verir ki, bunu trend-\u0259 Milli M\u0259clisin deputat\u0131 Ayd\u0131n H\u00fcseynov deyib. Deputat bildirib ki, bu c\u00fcr t\u0259dbirl\u0259r ke\u00e7irm\u0259kl\u0259 Az\u0259rbaycan d\u00fcnyada s\u00fclh\u00fcn v\u0259 t\u0259hl\u00fck\u0259sizliyin t\u0259min olunmas\u0131na m\u00fch\u00fcm t\u00f6hf\u0259 verir: &#8220;Baxmayaraq ki, bu g\u00fcn Az\u0259rbaycan \u00f6z\u00fc erm\u0259ni i\u015f\u011fal\u0131ndan \u0259ziyy\u0259t \u00e7\u0259kir, \u00f6lk\u0259mizd\u0259 bir milyondan art\u0131q qa\u00e7q\u0131n v\u0259 m\u0259cburi k\u00f6\u00e7k\u00fcn var, \u00f6lk\u0259miz n\u0259inki regionda, o c\u00fcml\u0259d\u0259n d\u00fcnyada s\u00fclh\u00fcn b\u0259rq\u0259rar olmas\u0131 istiqam\u0259tind\u0259 m\u00fch\u00fcm i\u015fl\u0259r g\u00f6r\u00fcr. Az\u0259rbaycan art\u0131q d\u00fcnya \u00fc\u00e7\u00fcn m\u00fch\u00fcm \u0259h\u0259miyy\u0259t k\u0259sb&hellip;<\/p>\n","protected":false},"author":2,"featured_media":21912,"comment_status":"closed","ping_status":"closed","sticky":false,"template":"","format":"standard","meta":{"om_disable_all_campaigns":false,"_monsterinsights_skip_tracking":false,"_monsterinsights_sitenote_active":false,"_monsterinsights_sitenote_note":"","_monsterinsights_sitenote_category":0},"categories":[4],"tags":[],"aioseo_notices":[],"gutentor_comment":0,"rttpg_featured_image_url":{"full":["https:\/\/arantv.az\/wp-content\/uploads\/2018\/10\/698848.jpg",800,600,false],"landscape":["https:\/\/arantv.az\/wp-content\/uploads\/2018\/10\/698848.jpg",800,600,false],"portraits":["https:\/\/arantv.az\/wp-content\/uploads\/2018\/10\/698848.jpg",800,600,false],"thumbnail":["https:\/\/arantv.az\/wp-content\/uploads\/2018\/10\/698848-150x150.jpg",150,150,true],"medium":["https:\/\/arantv.az\/wp-content\/uploads\/2018\/10\/698848-300x225.jpg",300,225,true],"large":["https:\/\/arantv.az\/wp-content\/uploads\/2018\/10\/698848.jpg",640,480,false],"1536x1536":["https:\/\/arantv.az\/wp-content\/uploads\/2018\/10\/698848.jpg",800,600,false],"2048x2048":["https:\/\/arantv.az\/wp-content\/uploads\/2018\/10\/698848.jpg",800,600,false],"post-thumbnail":["https:\/\/arantv.az\/wp-content\/uploads\/2018\/10\/698848-240x172.jpg",240,172,true],"advps-thumb-one":["https:\/\/arantv.az\/wp-content\/uploads\/2018\/10\/698848.jpg",800,600,false]},"rttpg_author":{"display_name":"V\u00fcsal Rafiqo\u011flu","author_link":"https:\/\/arantv.az\/?author=2"},"rttpg_comment":0,"rttpg_category":"<a href=\"https:\/\/arantv.az\/?cat=4\" rel=\"category\">Siyas\u0259t<\/a>","rttpg_excerpt":"VI Bak\u0131 Beyn\u0259lxalq Humanitar Forumu xalqlar aras\u0131nda dialoqun m\u00f6hk\u0259ml\u0259nm\u0259si v\u0259 inki\u015faf\u0131 \u00fc\u00e7\u00fcn yeni ideyalar, fikir m\u00fcbadil\u0259si v\u0259 qar\u015f\u0131l\u0131ql\u0131 etimad\u0131n yaranmas\u0131na meydan a\u00e7\u0131r. ARANTV.AZ x\u0259b\u0259r verir ki, bunu trend-\u0259 Milli M\u0259clisin deputat\u0131 Ayd\u0131n H\u00fcseynov deyib. Deputat bildirib ki, bu c\u00fcr t\u0259dbirl\u0259r ke\u00e7irm\u0259kl\u0259 Az\u0259rbaycan d\u00fcnyada s\u00fclh\u00fcn v\u0259 t\u0259hl\u00fck\u0259sizliyin t\u0259min olunmas\u0131na m\u00fch\u00fcm t\u00f6hf\u0259 verir: &#8220;Baxmayaraq ki, bu g\u00fcn&hellip;","_links":{"self":[{"href":"https:\/\/arantv.az\/index.php?rest_route=\/wp\/v2\/posts\/21911"}],"collection":[{"href":"https:\/\/arantv.az\/index.php?rest_route=\/wp\/v2\/posts"}],"about":[{"href":"https:\/\/arantv.az\/index.php?rest_route=\/wp\/v2\/types\/post"}],"author":[{"embeddable":true,"href":"https:\/\/arantv.az\/index.php?rest_route=\/wp\/v2\/users\/2"}],"replies":[{"embeddable":true,"href":"https:\/\/arantv.az\/index.php?rest_route=%2Fwp%2Fv2%2Fcomments&post=21911"}],"version-history":[{"count":0,"href":"https:\/\/arantv.az\/index.php?rest_route=\/wp\/v2\/posts\/21911\/revisions"}],"wp:featuredmedia":[{"embeddable":true,"href":"https:\/\/arantv.az\/index.php?rest_route=\/wp\/v2\/media\/21912"}],"wp:attachment":[{"href":"https:\/\/arantv.az\/index.php?rest_route=%2Fwp%2Fv2%2Fmedia&parent=21911"}],"wp:term":[{"taxonomy":"category","embeddable":true,"href":"https:\/\/arantv.az\/index.php?rest_route=%2Fwp%2Fv2%2Fcategories&post=21911"},{"taxonomy":"post_tag","embeddable":true,"href":"https:\/\/arantv.az\/index.php?rest_route=%2Fwp%2Fv2%2Ftags&post=21911"}],"curies":[{"name":"wp","href":"https:\/\/api.w.org\/{rel}","templated":true}]}}