{"id":21917,"date":"2018-10-29T11:19:27","date_gmt":"2018-10-29T08:19:27","guid":{"rendered":"http:\/\/arantv.az\/?p=21917"},"modified":"2018-10-29T11:19:27","modified_gmt":"2018-10-29T08:19:27","slug":"bir-%c9%99r-bir-otaqda-iki-arvadi-il%c9%99-lut-s%c9%99kild%c9%99-tutduq-d%c9%99hs%c9%99t-video","status":"publish","type":"post","link":"https:\/\/arantv.az\/?p=21917","title":{"rendered":"Bir \u0259r, bir otaqda iki arvad\u0131 il\u0259\u2026 \u2013 \u201cL\u00fct \u015f\u0259kild\u0259 tutduq\u2026\u201d D\u018fH\u015e\u018fT (Video)"},"content":{"rendered":"<article>\n<div class=\"post-content\">\n<p><strong>Space Tv-d\u0259 Amil X\u0259lilin t\u0259qdimat\u0131nda yay\u0131mlanan \u201cG\u0259l D\u0259rdini Dan\u0131\u015f\u201d sosial-kriminal layih\u0259d\u0259 maraql\u0131 anlar qeyd\u0259 al\u0131n\u0131b.<\/strong><\/p>\n<p><b>ARANTV.AZ\u00a0<\/b>x\u0259b\u0259r verir ki, \u00f6t\u0259n h\u0259ft\u0259 \u201cOlar? Olmaz!\u201dda \u201cbir \u0259rin iki arvad\u0131 bir otaqda\u201d ba\u015fl\u0131qla yay\u0131mlanan verili\u015f \u00f6lk\u0259 g\u00fcnd\u0259mini z\u0259bt etmi\u015fdi. \u00d6t\u0259n g\u00fcn V\u00fcqar, anas\u0131 v\u0259 atas\u0131 \u201cG\u0259l D\u0259rdini dan\u0131\u015f\u201d verili\u015fin\u0259 d\u0259v\u0259t edilib.<\/p>\n<p>Ail\u0259nin a\u00e7\u0131qlamalar\u0131 h\u0259r k\u0259si d\u0259h\u015f\u0259t\u0259 g\u0259tirib. Bel\u0259 ki, qaynana iddia edib ki, g\u0259linini h\u0259rb\u00e7i o\u011flanla tutublar v\u0259 l\u00fct formada polis\u0259 apar\u0131blar\u2026 Daha sonra qon\u015fular\u0131n v\u0259 hadis\u0259 \u015fahidl\u0259rinin a\u00e7\u0131qlamalar\u0131 tama\u015fa\u00e7\u0131lara t\u0259qdim edilib. Xat\u0131rladaq ki, \u201cOlar? Olmaz!\u201d verili\u015fin\u0259 m\u00fcraci\u0259t ed\u0259n V\u00fcqar bir otaqda qald\u0131\u011f\u0131n\u0131 v\u0259 birinci arvad\u0131n\u0131n da m\u0259hk\u0259m\u0259nin q\u0259rar\u0131 il\u0259 h\u0259min otaqda ya\u015famas\u0131na qar\u015f\u0131 oldu\u011funu qeyd edib\u2026<\/p>\n<p>Maraql\u0131 anlar\u0131 siz\u0259 t\u0259qdim edirik\u2026 Qeyd ed\u0259k ki, Amil X\u0259lilin t\u0259qdimat\u0131nda\u00a0 \u201cG\u0259l D\u0259rdini Dan\u0131\u015f\u201d verili\u015fi h\u0259ft\u0259 i\u00e7i h\u0259r g\u00fcn saat 16:00 da yay\u0131mlan\u0131r.<\/p>\n<p><strong>Minval.info<\/strong><\/p>\n<div class=\"video-container\"><iframe loading=\"lazy\" src=\"https:\/\/www.youtube.com\/embed\/4U163WD6Od4?feature=oembed\" width=\"500\" height=\"281\" frameborder=\"0\" allowfullscreen=\"allowfullscreen\" data-mce-fragment=\"1\"><\/iframe><\/div>\n<\/div>\n<\/article>\n<div id=\"s_buttons\">\n<div class=\"social-likes social-likes_visible social-likes_ready\">\n<div class=\"social-likes__widget social-likes__widget_twitter\" title=\"\u041f\u043e\u0434\u0435\u043b\u0438\u0442\u044c\u0441\u044f \u0441\u0441\u044b\u043b\u043a\u043e\u0439 \u0432 \u0422\u0432\u0438\u0442\u0442\u0435\u0440\u0435\" data-via=\"minval_az\"><\/div>\n<\/div>\n<\/div>\n","protected":false},"excerpt":{"rendered":"<p>Space Tv-d\u0259 Amil X\u0259lilin t\u0259qdimat\u0131nda yay\u0131mlanan \u201cG\u0259l D\u0259rdini Dan\u0131\u015f\u201d sosial-kriminal layih\u0259d\u0259 maraql\u0131 anlar qeyd\u0259 al\u0131n\u0131b. ARANTV.AZ\u00a0x\u0259b\u0259r verir ki, \u00f6t\u0259n h\u0259ft\u0259 \u201cOlar? Olmaz!\u201dda \u201cbir \u0259rin iki arvad\u0131 bir otaqda\u201d ba\u015fl\u0131qla yay\u0131mlanan verili\u015f \u00f6lk\u0259 g\u00fcnd\u0259mini z\u0259bt etmi\u015fdi. \u00d6t\u0259n g\u00fcn V\u00fcqar, anas\u0131 v\u0259 atas\u0131 \u201cG\u0259l D\u0259rdini dan\u0131\u015f\u201d verili\u015fin\u0259 d\u0259v\u0259t edilib. Ail\u0259nin a\u00e7\u0131qlamalar\u0131 h\u0259r k\u0259si d\u0259h\u015f\u0259t\u0259 g\u0259tirib. Bel\u0259 ki, qaynana iddia edib ki, g\u0259linini h\u0259rb\u00e7i o\u011flanla tutublar v\u0259 l\u00fct formada polis\u0259 apar\u0131blar\u2026 Daha sonra qon\u015fular\u0131n v\u0259 hadis\u0259 \u015fahidl\u0259rinin a\u00e7\u0131qlamalar\u0131 tama\u015fa\u00e7\u0131lara t\u0259qdim edilib. Xat\u0131rladaq ki, \u201cOlar? Olmaz!\u201d verili\u015fin\u0259 m\u00fcraci\u0259t ed\u0259n V\u00fcqar bir otaqda qald\u0131\u011f\u0131n\u0131 v\u0259&hellip;<\/p>\n","protected":false},"author":2,"featured_media":21918,"comment_status":"closed","ping_status":"closed","sticky":false,"template":"","format":"standard","meta":{"om_disable_all_campaigns":false,"_monsterinsights_skip_tracking":false,"_monsterinsights_sitenote_active":false,"_monsterinsights_sitenote_note":"","_monsterinsights_sitenote_category":0},"categories":[1],"tags":[],"aioseo_notices":[],"gutentor_comment":0,"rttpg_featured_image_url":{"full":["https:\/\/arantv.az\/wp-content\/uploads\/2018\/10\/Collaj-vosstanovleno-1.jpg",800,510,false],"landscape":["https:\/\/arantv.az\/wp-content\/uploads\/2018\/10\/Collaj-vosstanovleno-1.jpg",800,510,false],"portraits":["https:\/\/arantv.az\/wp-content\/uploads\/2018\/10\/Collaj-vosstanovleno-1.jpg",800,510,false],"thumbnail":["https:\/\/arantv.az\/wp-content\/uploads\/2018\/10\/Collaj-vosstanovleno-1-150x150.jpg",150,150,true],"medium":["https:\/\/arantv.az\/wp-content\/uploads\/2018\/10\/Collaj-vosstanovleno-1-300x191.jpg",300,191,true],"large":["https:\/\/arantv.az\/wp-content\/uploads\/2018\/10\/Collaj-vosstanovleno-1.jpg",640,408,false],"1536x1536":["https:\/\/arantv.az\/wp-content\/uploads\/2018\/10\/Collaj-vosstanovleno-1.jpg",800,510,false],"2048x2048":["https:\/\/arantv.az\/wp-content\/uploads\/2018\/10\/Collaj-vosstanovleno-1.jpg",800,510,false],"post-thumbnail":["https:\/\/arantv.az\/wp-content\/uploads\/2018\/10\/Collaj-vosstanovleno-1-240x172.jpg",240,172,true],"advps-thumb-one":["https:\/\/arantv.az\/wp-content\/uploads\/2018\/10\/Collaj-vosstanovleno-1.jpg",800,510,false]},"rttpg_author":{"display_name":"V\u00fcsal Rafiqo\u011flu","author_link":"https:\/\/arantv.az\/?author=2"},"rttpg_comment":0,"rttpg_category":"<a href=\"https:\/\/arantv.az\/?cat=1\" rel=\"category\">C\u0259miyy\u0259t<\/a>","rttpg_excerpt":"Space Tv-d\u0259 Amil X\u0259lilin t\u0259qdimat\u0131nda yay\u0131mlanan \u201cG\u0259l D\u0259rdini Dan\u0131\u015f\u201d sosial-kriminal layih\u0259d\u0259 maraql\u0131 anlar qeyd\u0259 al\u0131n\u0131b. ARANTV.AZ\u00a0x\u0259b\u0259r verir ki, \u00f6t\u0259n h\u0259ft\u0259 \u201cOlar? Olmaz!\u201dda \u201cbir \u0259rin iki arvad\u0131 bir otaqda\u201d ba\u015fl\u0131qla yay\u0131mlanan verili\u015f \u00f6lk\u0259 g\u00fcnd\u0259mini z\u0259bt etmi\u015fdi. \u00d6t\u0259n g\u00fcn V\u00fcqar, anas\u0131 v\u0259 atas\u0131 \u201cG\u0259l D\u0259rdini dan\u0131\u015f\u201d verili\u015fin\u0259 d\u0259v\u0259t edilib. Ail\u0259nin a\u00e7\u0131qlamalar\u0131 h\u0259r k\u0259si d\u0259h\u015f\u0259t\u0259 g\u0259tirib. Bel\u0259 ki,&hellip;","_links":{"self":[{"href":"https:\/\/arantv.az\/index.php?rest_route=\/wp\/v2\/posts\/21917"}],"collection":[{"href":"https:\/\/arantv.az\/index.php?rest_route=\/wp\/v2\/posts"}],"about":[{"href":"https:\/\/arantv.az\/index.php?rest_route=\/wp\/v2\/types\/post"}],"author":[{"embeddable":true,"href":"https:\/\/arantv.az\/index.php?rest_route=\/wp\/v2\/users\/2"}],"replies":[{"embeddable":true,"href":"https:\/\/arantv.az\/index.php?rest_route=%2Fwp%2Fv2%2Fcomments&post=21917"}],"version-history":[{"count":0,"href":"https:\/\/arantv.az\/index.php?rest_route=\/wp\/v2\/posts\/21917\/revisions"}],"wp:featuredmedia":[{"embeddable":true,"href":"https:\/\/arantv.az\/index.php?rest_route=\/wp\/v2\/media\/21918"}],"wp:attachment":[{"href":"https:\/\/arantv.az\/index.php?rest_route=%2Fwp%2Fv2%2Fmedia&parent=21917"}],"wp:term":[{"taxonomy":"category","embeddable":true,"href":"https:\/\/arantv.az\/index.php?rest_route=%2Fwp%2Fv2%2Fcategories&post=21917"},{"taxonomy":"post_tag","embeddable":true,"href":"https:\/\/arantv.az\/index.php?rest_route=%2Fwp%2Fv2%2Ftags&post=21917"}],"curies":[{"name":"wp","href":"https:\/\/api.w.org\/{rel}","templated":true}]}}