{"id":21921,"date":"2018-10-29T13:52:24","date_gmt":"2018-10-29T10:52:24","guid":{"rendered":"http:\/\/arantv.az\/?p=21921"},"modified":"2018-10-29T13:52:24","modified_gmt":"2018-10-29T10:52:24","slug":"az%c9%99rbaycan-avropa-s%c9%99masinda-t%c9%99hluk%c9%99sizliyin-qarantidir","status":"publish","type":"post","link":"https:\/\/arantv.az\/?p=21921","title":{"rendered":"Az\u0259rbaycan Avropa s\u0259mas\u0131nda t\u0259hl\u00fck\u0259sizliyin qarant\u0131d\u0131r"},"content":{"rendered":"<p>Br\u00fcsseld\u0259 \u201cAz\u0259raeronaviqasiya\u201d (AZANS) Hava H\u0259r\u0259k\u0259ti \u0130dar\u0259sinin d\u0259 i\u015ftirak etdiyi Avropa \u00f6lk\u0259l\u0259rinin aeronaviqasiya qurumlar\u0131n\u0131n r\u0259hb\u0259rl\u0259rinin g\u00f6r\u00fc\u015f\u00fc ke\u00e7irilib.<\/p>\n<p><b>ARANTV.AZ\u00a0<\/b>x\u0259b\u0259r verir ki, g\u00f6r\u00fc\u015f\u00fcn n\u0259tic\u0259l\u0259rin\u0259 \u0259sas\u0259n, AZANS Avropa Aeronaviqasiya T\u0259\u015fkilatlar\u0131n\u0131n Direktorlar\u0131 Komit\u0259sin\u0259 \u00fczv se\u00e7ilib.<\/p>\n<p>S\u00f6z\u00fcged\u0259n Komit\u0259 \u0130ngilt\u0259r\u0259, Almaniya, Bel\u00e7ika, Avstriya, \u0130taliya v\u0259 dig\u0259r iri Avropa \u00f6lk\u0259l\u0259rinin aeronaviqasiya qurumlar\u0131n\u0131n ba\u015f direktorlar\u0131n\u0131 bir araya g\u0259tirir.<\/p>\n<div id=\"AdributorNativeVideo0\" class=\"AdributorNativeVideo\"><\/div>\n<p>Komit\u0259 h\u0259m\u00e7inin Avropa \u0130ttifaq\u0131, \u201cEurocontrol\u201d, \u201cSESAR\u201d HHT inki\u015faf proqram\u0131, U\u00e7u\u015flar\u0131n T\u0259hl\u00fck\u0259sizliyi \u00fczr\u0259 Avropa Agentliyi (EASA), \u0130CAO v\u0259 CANSO qar\u015f\u0131s\u0131nda Avropan\u0131n aeronaviqasiya qurumlar\u0131n\u0131n m\u00f6vqeyini m\u00fcdafi\u0259 etm\u0259k, strategiyalar\u0131n i\u015fl\u0259nib haz\u0131rlanmas\u0131, q\u0259rarlar\u0131n q\u0259bul edilm\u0259si v\u0259 t\u0259l\u0259bl\u0259rin ir\u0259li s\u00fcr\u00fclm\u0259si \u00fczr\u0259 r\u0259hb\u0259r orqand\u0131r.<\/p>\n<p>\u201cEurocontrol\u201d-un m\u0259ruz\u0259sin\u0259 \u0259sas\u0259n, Avropa hava m\u0259kan\u0131nda hava ax\u0131n\u0131n\u0131n \u0259h\u0259miyy\u0259tli art\u0131m\u0131 g\u00f6zl\u0259nilir. 2018-ci ild\u0259 11 milyon ilk u\u00e7u\u015f il\u0259 m\u00fcqayis\u0259d\u0259 bu g\u00f6st\u0259rici 2040-c\u0131 il\u0259 16,2 milyon t\u0259\u015fkil ed\u0259c\u0259k.<\/p>\n<p>Bel\u0259 b\u00f6y\u00fck ax\u0131n\u0131n\u0131n t\u0259nziml\u0259nm\u0259si \u00fc\u00e7\u00fcn Avropa t\u0259\u015fkilatlar\u0131 hava m\u0259kan\u0131n\u0131n burax\u0131l\u0131\u015f qabiliyy\u0259tinin art\u0131r\u0131lmas\u0131 \u00fczr\u0259 harmonizasiya edilmi\u015f t\u0259dbirl\u0259r plan\u0131n\u0131n i\u015fl\u0259nib haz\u0131rlanmas\u0131, hava h\u0259r\u0259k\u0259tinin idar\u0259 olunmas\u0131n\u0131n avtomatla\u015fd\u0131r\u0131lmas\u0131 \u00fczr\u0259 m\u00fcasir texnologiyalar\u0131n t\u0259tbiqi, HH\u0130 dispet\u00e7erl\u0259rinin t\u0259l\u0259b olunan say\u0131n\u0131n t\u0259min olunmas\u0131na ba\u015flan\u0131lmas\u0131n\u0131 t\u00f6vsiy\u0259 edirl\u0259r.<\/p>\n<p>\u00d6lk\u0259nin strateji m\u00f6vqeyi v\u0259 aeronaviqasiya t\u0259minat\u0131n\u0131n m\u00fcasir s\u0259viyy\u0259si say\u0259sind\u0259, Az\u0259rbaycan\u0131n hava m\u0259kan\u0131n\u0131n Avropa \u00fc\u00e7\u00fcn \u00f6n\u0259mi daha da art\u0131r. Az\u0259rbaycan vasit\u0259sil\u0259 hava ax\u0131nlar\u0131n\u0131n art\u0131m\u0131 2018-ci ild\u0259 9 faiz t\u0259\u015fkil etmi\u015fdir, halbuki Avropada illik art\u0131m orta hesabla 4 faiz t\u0259\u015fkil edir.<\/p>\n<p>Bu, \u00f6lk\u0259 \u00fc\u00e7\u00fcn t\u0259kc\u0259 iqtisadi m\u0259nf\u0259\u0259t yox, h\u0259m d\u0259 strateji m\u0259nf\u0259\u0259tdir, bel\u0259 ki, AZANS Avropa s\u0259mas\u0131 \u00fcz\u0259rind\u0259 hava trafikinin t\u0259hl\u00fck\u0259sizliyinin qarant\u0131 kimi \u00e7\u0131x\u0131\u015f edir. oxu.az<\/p>\n","protected":false},"excerpt":{"rendered":"<p>Br\u00fcsseld\u0259 \u201cAz\u0259raeronaviqasiya\u201d (AZANS) Hava H\u0259r\u0259k\u0259ti \u0130dar\u0259sinin d\u0259 i\u015ftirak etdiyi Avropa \u00f6lk\u0259l\u0259rinin aeronaviqasiya qurumlar\u0131n\u0131n r\u0259hb\u0259rl\u0259rinin g\u00f6r\u00fc\u015f\u00fc ke\u00e7irilib. ARANTV.AZ\u00a0x\u0259b\u0259r verir ki, g\u00f6r\u00fc\u015f\u00fcn n\u0259tic\u0259l\u0259rin\u0259 \u0259sas\u0259n, AZANS Avropa Aeronaviqasiya T\u0259\u015fkilatlar\u0131n\u0131n Direktorlar\u0131 Komit\u0259sin\u0259 \u00fczv se\u00e7ilib. S\u00f6z\u00fcged\u0259n Komit\u0259 \u0130ngilt\u0259r\u0259, Almaniya, Bel\u00e7ika, Avstriya, \u0130taliya v\u0259 dig\u0259r iri Avropa \u00f6lk\u0259l\u0259rinin aeronaviqasiya qurumlar\u0131n\u0131n ba\u015f direktorlar\u0131n\u0131 bir araya g\u0259tirir. Komit\u0259 h\u0259m\u00e7inin Avropa \u0130ttifaq\u0131, \u201cEurocontrol\u201d, \u201cSESAR\u201d HHT inki\u015faf proqram\u0131, U\u00e7u\u015flar\u0131n T\u0259hl\u00fck\u0259sizliyi \u00fczr\u0259 Avropa Agentliyi (EASA), \u0130CAO v\u0259 CANSO qar\u015f\u0131s\u0131nda Avropan\u0131n aeronaviqasiya qurumlar\u0131n\u0131n m\u00f6vqeyini m\u00fcdafi\u0259 etm\u0259k, strategiyalar\u0131n i\u015fl\u0259nib haz\u0131rlanmas\u0131, q\u0259rarlar\u0131n q\u0259bul edilm\u0259si v\u0259 t\u0259l\u0259bl\u0259rin ir\u0259li s\u00fcr\u00fclm\u0259si \u00fczr\u0259 r\u0259hb\u0259r orqand\u0131r. \u201cEurocontrol\u201d-un m\u0259ruz\u0259sin\u0259 \u0259sas\u0259n,&hellip;<\/p>\n","protected":false},"author":2,"featured_media":21922,"comment_status":"closed","ping_status":"closed","sticky":false,"template":"","format":"standard","meta":{"om_disable_all_campaigns":false,"_monsterinsights_skip_tracking":false,"_monsterinsights_sitenote_active":false,"_monsterinsights_sitenote_note":"","_monsterinsights_sitenote_category":0},"categories":[1],"tags":[],"aioseo_notices":[],"gutentor_comment":0,"rttpg_featured_image_url":{"full":["https:\/\/arantv.az\/wp-content\/uploads\/2018\/10\/AZANS_tower_Baku.jpg",620,398,false],"landscape":["https:\/\/arantv.az\/wp-content\/uploads\/2018\/10\/AZANS_tower_Baku.jpg",620,398,false],"portraits":["https:\/\/arantv.az\/wp-content\/uploads\/2018\/10\/AZANS_tower_Baku.jpg",620,398,false],"thumbnail":["https:\/\/arantv.az\/wp-content\/uploads\/2018\/10\/AZANS_tower_Baku-150x150.jpg",150,150,true],"medium":["https:\/\/arantv.az\/wp-content\/uploads\/2018\/10\/AZANS_tower_Baku-300x193.jpg",300,193,true],"large":["https:\/\/arantv.az\/wp-content\/uploads\/2018\/10\/AZANS_tower_Baku.jpg",620,398,false],"1536x1536":["https:\/\/arantv.az\/wp-content\/uploads\/2018\/10\/AZANS_tower_Baku.jpg",620,398,false],"2048x2048":["https:\/\/arantv.az\/wp-content\/uploads\/2018\/10\/AZANS_tower_Baku.jpg",620,398,false],"post-thumbnail":["https:\/\/arantv.az\/wp-content\/uploads\/2018\/10\/AZANS_tower_Baku-240x172.jpg",240,172,true],"advps-thumb-one":["https:\/\/arantv.az\/wp-content\/uploads\/2018\/10\/AZANS_tower_Baku.jpg",620,398,false]},"rttpg_author":{"display_name":"V\u00fcsal Rafiqo\u011flu","author_link":"https:\/\/arantv.az\/?author=2"},"rttpg_comment":0,"rttpg_category":"<a href=\"https:\/\/arantv.az\/?cat=1\" rel=\"category\">C\u0259miyy\u0259t<\/a>","rttpg_excerpt":"Br\u00fcsseld\u0259 \u201cAz\u0259raeronaviqasiya\u201d (AZANS) Hava H\u0259r\u0259k\u0259ti \u0130dar\u0259sinin d\u0259 i\u015ftirak etdiyi Avropa \u00f6lk\u0259l\u0259rinin aeronaviqasiya qurumlar\u0131n\u0131n r\u0259hb\u0259rl\u0259rinin g\u00f6r\u00fc\u015f\u00fc ke\u00e7irilib. ARANTV.AZ\u00a0x\u0259b\u0259r verir ki, g\u00f6r\u00fc\u015f\u00fcn n\u0259tic\u0259l\u0259rin\u0259 \u0259sas\u0259n, AZANS Avropa Aeronaviqasiya T\u0259\u015fkilatlar\u0131n\u0131n Direktorlar\u0131 Komit\u0259sin\u0259 \u00fczv se\u00e7ilib. S\u00f6z\u00fcged\u0259n Komit\u0259 \u0130ngilt\u0259r\u0259, Almaniya, Bel\u00e7ika, Avstriya, \u0130taliya v\u0259 dig\u0259r iri Avropa \u00f6lk\u0259l\u0259rinin aeronaviqasiya qurumlar\u0131n\u0131n ba\u015f direktorlar\u0131n\u0131 bir araya g\u0259tirir. Komit\u0259 h\u0259m\u00e7inin Avropa \u0130ttifaq\u0131, \u201cEurocontrol\u201d, \u201cSESAR\u201d&hellip;","_links":{"self":[{"href":"https:\/\/arantv.az\/index.php?rest_route=\/wp\/v2\/posts\/21921"}],"collection":[{"href":"https:\/\/arantv.az\/index.php?rest_route=\/wp\/v2\/posts"}],"about":[{"href":"https:\/\/arantv.az\/index.php?rest_route=\/wp\/v2\/types\/post"}],"author":[{"embeddable":true,"href":"https:\/\/arantv.az\/index.php?rest_route=\/wp\/v2\/users\/2"}],"replies":[{"embeddable":true,"href":"https:\/\/arantv.az\/index.php?rest_route=%2Fwp%2Fv2%2Fcomments&post=21921"}],"version-history":[{"count":0,"href":"https:\/\/arantv.az\/index.php?rest_route=\/wp\/v2\/posts\/21921\/revisions"}],"wp:featuredmedia":[{"embeddable":true,"href":"https:\/\/arantv.az\/index.php?rest_route=\/wp\/v2\/media\/21922"}],"wp:attachment":[{"href":"https:\/\/arantv.az\/index.php?rest_route=%2Fwp%2Fv2%2Fmedia&parent=21921"}],"wp:term":[{"taxonomy":"category","embeddable":true,"href":"https:\/\/arantv.az\/index.php?rest_route=%2Fwp%2Fv2%2Fcategories&post=21921"},{"taxonomy":"post_tag","embeddable":true,"href":"https:\/\/arantv.az\/index.php?rest_route=%2Fwp%2Fv2%2Ftags&post=21921"}],"curies":[{"name":"wp","href":"https:\/\/api.w.org\/{rel}","templated":true}]}}