{"id":21945,"date":"2018-10-29T14:07:38","date_gmt":"2018-10-29T11:07:38","guid":{"rendered":"http:\/\/arantv.az\/?p=21945"},"modified":"2018-10-29T14:07:38","modified_gmt":"2018-10-29T11:07:38","slug":"z%c9%99ngilanin-isgalinin-25-ci-ildonumu-il%c9%99-%c9%99laq%c9%99dar-rayon-ictimaiyy%c9%99tinin-numay%c9%99nd%c9%99l%c9%99ri-s%c9%99hidl%c9%99r-xiyabanini-ziyar%c9%99t-edibl%c9%99r","status":"publish","type":"post","link":"https:\/\/arantv.az\/?p=21945","title":{"rendered":"Z\u0259ngilan\u0131n i\u015f\u011fal\u0131n\u0131n 25-ci ild\u00f6n\u00fcm\u00fc il\u0259 \u0259laq\u0259dar rayon ictimaiyy\u0259tinin n\u00fcmay\u0259nd\u0259l\u0259ri \u015e\u0259hidl\u0259r Xiyaban\u0131n\u0131 ziyar\u0259t edibl\u0259r"},"content":{"rendered":"<p><strong>ARANTV.AZ<\/strong> x\u0259b\u0259r verir ki, Z\u0259ngilan\u0131n i\u015f\u011fal\u0131n\u0131n 25-ci ild\u00f6n\u00fcm\u00fc il\u0259 \u0259laq\u0259dar rayon ictimaiyy\u0259tinin n\u00fcmay\u0259nd\u0259l\u0259ri \u015e\u0259hidl\u0259r Xiyaban\u0131n\u0131 ziyar\u0259t edibl\u0259r.<\/p>\n<p>Z\u0259ngilan\u0131n i\u015f\u011fal\u0131n\u0131n 25-ci ild\u00f6n\u00fcm\u00fc il\u0259 \u0259laq\u0259dar rayon r\u0259hb\u0259rliyi, ictimaiyy\u0259t n\u00fcmay\u0259nd\u0259l\u0259ri, ziyal\u0131lar \u015e\u0259hidl\u0259r Xiyaban\u0131nda v\u0259t\u0259nimizin azadl\u0131\u011f\u0131 u\u011frunda \u015f\u0259hid olan o\u011ful v\u0259 q\u0131zlar\u0131m\u0131z\u0131n m\u0259zarlar\u0131 \u00f6n\u00fcn\u0259 g\u00fcl d\u0259st\u0259l\u0259ri d\u00fcz\u00fcb, ehtiramlar\u0131n\u0131 bildirdil\u0259r. Sonra Qaraba\u011f m\u00fcharib\u0259sind\u0259 torpaqlar\u0131m\u0131z\u0131n m\u00fcdafi\u0259si zaman\u0131 q\u0259hramancas\u0131na h\u0259lak olan z\u0259ngilanl\u0131 \u015f\u0259hidl\u0259rin xatir\u0259si yad edildi. Qa\u00e7q\u0131n v\u0259 m\u0259cburi k\u00f6\u00e7k\u00fcnl\u0259rin sosial v\u0259ziyy\u0259tinin y\u00fcks\u0259ldilm\u0259si d\u00f6vl\u0259tin h\u0259yata ke\u00e7irdiyi siyas\u0259tin \u0259sas istiqam\u0259tl\u0259rind\u0259n birini t\u0259\u015fkil edir v\u0259 bu istiqam\u0259td\u0259 u\u011furlu n\u0259tic\u0259l\u0259r \u0259ld\u0259 olunub. Qa\u00e7q\u0131n v\u0259 m\u0259cburi k\u00f6\u00e7k\u00fcnl\u0259rin h\u0259yat \u015f\u0259raitinin yax\u015f\u0131la\u015fd\u0131r\u0131lmas\u0131 \u00fc\u00e7\u00fcn g\u00f6r\u00fcl\u0259n i\u015fl\u0259r bu q\u0259bild\u0259n olan soyda\u015flar\u0131m\u0131z\u0131n h\u0259r zaman Prezident \u0130lham \u018fliyevin, Heyd\u0259r \u018fliyev Fondunun prezidenti Mehriban \u018fliyevan\u0131n diqq\u0259t v\u0259 qay\u011f\u0131s\u0131 il\u0259 \u0259hat\u0259 olundu\u011funu g\u00f6st\u0259rir. Rayon \u0130cra Hakimiyy\u0259tinin ba\u015f\u00e7\u0131s\u0131 Ramiz H\u0259s\u0259nov dedi ki, qa\u00e7q\u0131n v\u0259 m\u0259cburi k\u00f6\u00e7k\u00fcnl\u0259rin m\u00fcv\u0259qq\u0259ti ya\u015fay\u0131\u015f yerl\u0259ri v\u0259 \u00e7ad\u0131rlardan m\u00fcasir t\u0259l\u0259bl\u0259r s\u0259viyy\u0259sind\u0259 in\u015fa olunan q\u0259s\u0259b\u0259l\u0259r\u0259 k\u00f6\u00e7\u00fcr\u00fclm\u0259si d\u00f6vl\u0259tin x\u00fcsusi m\u00fcnasib\u0259tinin \u0259ks etdirir.<\/p>\n","protected":false},"excerpt":{"rendered":"<p>ARANTV.AZ x\u0259b\u0259r verir ki, Z\u0259ngilan\u0131n i\u015f\u011fal\u0131n\u0131n 25-ci ild\u00f6n\u00fcm\u00fc il\u0259 \u0259laq\u0259dar rayon ictimaiyy\u0259tinin n\u00fcmay\u0259nd\u0259l\u0259ri \u015e\u0259hidl\u0259r Xiyaban\u0131n\u0131 ziyar\u0259t edibl\u0259r. Z\u0259ngilan\u0131n i\u015f\u011fal\u0131n\u0131n 25-ci ild\u00f6n\u00fcm\u00fc il\u0259 \u0259laq\u0259dar rayon r\u0259hb\u0259rliyi, ictimaiyy\u0259t n\u00fcmay\u0259nd\u0259l\u0259ri, ziyal\u0131lar \u015e\u0259hidl\u0259r Xiyaban\u0131nda v\u0259t\u0259nimizin azadl\u0131\u011f\u0131 u\u011frunda \u015f\u0259hid olan o\u011ful v\u0259 q\u0131zlar\u0131m\u0131z\u0131n m\u0259zarlar\u0131 \u00f6n\u00fcn\u0259 g\u00fcl d\u0259st\u0259l\u0259ri d\u00fcz\u00fcb, ehtiramlar\u0131n\u0131 bildirdil\u0259r. Sonra Qaraba\u011f m\u00fcharib\u0259sind\u0259 torpaqlar\u0131m\u0131z\u0131n m\u00fcdafi\u0259si zaman\u0131 q\u0259hramancas\u0131na h\u0259lak olan z\u0259ngilanl\u0131 \u015f\u0259hidl\u0259rin xatir\u0259si yad edildi. Qa\u00e7q\u0131n v\u0259 m\u0259cburi k\u00f6\u00e7k\u00fcnl\u0259rin sosial v\u0259ziyy\u0259tinin y\u00fcks\u0259ldilm\u0259si d\u00f6vl\u0259tin h\u0259yata ke\u00e7irdiyi siyas\u0259tin \u0259sas istiqam\u0259tl\u0259rind\u0259n birini t\u0259\u015fkil edir v\u0259 bu istiqam\u0259td\u0259 u\u011furlu n\u0259tic\u0259l\u0259r \u0259ld\u0259 olunub. Qa\u00e7q\u0131n v\u0259 m\u0259cburi k\u00f6\u00e7k\u00fcnl\u0259rin h\u0259yat \u015f\u0259raitinin yax\u015f\u0131la\u015fd\u0131r\u0131lmas\u0131 \u00fc\u00e7\u00fcn&hellip;<\/p>\n","protected":false},"author":2,"featured_media":21946,"comment_status":"closed","ping_status":"closed","sticky":false,"template":"","format":"standard","meta":{"om_disable_all_campaigns":false,"_monsterinsights_skip_tracking":false,"_monsterinsights_sitenote_active":false,"_monsterinsights_sitenote_note":"","_monsterinsights_sitenote_category":0},"categories":[1],"tags":[],"aioseo_notices":[],"gutentor_comment":0,"rttpg_featured_image_url":{"full":["https:\/\/arantv.az\/wp-content\/uploads\/2018\/10\/g57te8pffn8g9nrsvo3045h762sh.jpg",1200,800,false],"landscape":["https:\/\/arantv.az\/wp-content\/uploads\/2018\/10\/g57te8pffn8g9nrsvo3045h762sh.jpg",1200,800,false],"portraits":["https:\/\/arantv.az\/wp-content\/uploads\/2018\/10\/g57te8pffn8g9nrsvo3045h762sh.jpg",1200,800,false],"thumbnail":["https:\/\/arantv.az\/wp-content\/uploads\/2018\/10\/g57te8pffn8g9nrsvo3045h762sh-150x150.jpg",150,150,true],"medium":["https:\/\/arantv.az\/wp-content\/uploads\/2018\/10\/g57te8pffn8g9nrsvo3045h762sh-300x200.jpg",300,200,true],"large":["https:\/\/arantv.az\/wp-content\/uploads\/2018\/10\/g57te8pffn8g9nrsvo3045h762sh-1024x683.jpg",640,427,true],"1536x1536":["https:\/\/arantv.az\/wp-content\/uploads\/2018\/10\/g57te8pffn8g9nrsvo3045h762sh.jpg",1200,800,false],"2048x2048":["https:\/\/arantv.az\/wp-content\/uploads\/2018\/10\/g57te8pffn8g9nrsvo3045h762sh.jpg",1200,800,false],"post-thumbnail":["https:\/\/arantv.az\/wp-content\/uploads\/2018\/10\/g57te8pffn8g9nrsvo3045h762sh-240x172.jpg",240,172,true],"advps-thumb-one":["https:\/\/arantv.az\/wp-content\/uploads\/2018\/10\/g57te8pffn8g9nrsvo3045h762sh-1200x620.jpg",1200,620,true]},"rttpg_author":{"display_name":"V\u00fcsal Rafiqo\u011flu","author_link":"https:\/\/arantv.az\/?author=2"},"rttpg_comment":0,"rttpg_category":"<a href=\"https:\/\/arantv.az\/?cat=1\" rel=\"category\">C\u0259miyy\u0259t<\/a>","rttpg_excerpt":"ARANTV.AZ x\u0259b\u0259r verir ki, Z\u0259ngilan\u0131n i\u015f\u011fal\u0131n\u0131n 25-ci ild\u00f6n\u00fcm\u00fc il\u0259 \u0259laq\u0259dar rayon ictimaiyy\u0259tinin n\u00fcmay\u0259nd\u0259l\u0259ri \u015e\u0259hidl\u0259r Xiyaban\u0131n\u0131 ziyar\u0259t edibl\u0259r. Z\u0259ngilan\u0131n i\u015f\u011fal\u0131n\u0131n 25-ci ild\u00f6n\u00fcm\u00fc il\u0259 \u0259laq\u0259dar rayon r\u0259hb\u0259rliyi, ictimaiyy\u0259t n\u00fcmay\u0259nd\u0259l\u0259ri, ziyal\u0131lar \u015e\u0259hidl\u0259r Xiyaban\u0131nda v\u0259t\u0259nimizin azadl\u0131\u011f\u0131 u\u011frunda \u015f\u0259hid olan o\u011ful v\u0259 q\u0131zlar\u0131m\u0131z\u0131n m\u0259zarlar\u0131 \u00f6n\u00fcn\u0259 g\u00fcl d\u0259st\u0259l\u0259ri d\u00fcz\u00fcb, ehtiramlar\u0131n\u0131 bildirdil\u0259r. Sonra Qaraba\u011f m\u00fcharib\u0259sind\u0259 torpaqlar\u0131m\u0131z\u0131n m\u00fcdafi\u0259si zaman\u0131 q\u0259hramancas\u0131na h\u0259lak olan z\u0259ngilanl\u0131&hellip;","_links":{"self":[{"href":"https:\/\/arantv.az\/index.php?rest_route=\/wp\/v2\/posts\/21945"}],"collection":[{"href":"https:\/\/arantv.az\/index.php?rest_route=\/wp\/v2\/posts"}],"about":[{"href":"https:\/\/arantv.az\/index.php?rest_route=\/wp\/v2\/types\/post"}],"author":[{"embeddable":true,"href":"https:\/\/arantv.az\/index.php?rest_route=\/wp\/v2\/users\/2"}],"replies":[{"embeddable":true,"href":"https:\/\/arantv.az\/index.php?rest_route=%2Fwp%2Fv2%2Fcomments&post=21945"}],"version-history":[{"count":0,"href":"https:\/\/arantv.az\/index.php?rest_route=\/wp\/v2\/posts\/21945\/revisions"}],"wp:featuredmedia":[{"embeddable":true,"href":"https:\/\/arantv.az\/index.php?rest_route=\/wp\/v2\/media\/21946"}],"wp:attachment":[{"href":"https:\/\/arantv.az\/index.php?rest_route=%2Fwp%2Fv2%2Fmedia&parent=21945"}],"wp:term":[{"taxonomy":"category","embeddable":true,"href":"https:\/\/arantv.az\/index.php?rest_route=%2Fwp%2Fv2%2Fcategories&post=21945"},{"taxonomy":"post_tag","embeddable":true,"href":"https:\/\/arantv.az\/index.php?rest_route=%2Fwp%2Fv2%2Ftags&post=21945"}],"curies":[{"name":"wp","href":"https:\/\/api.w.org\/{rel}","templated":true}]}}