{"id":21948,"date":"2018-10-29T14:09:48","date_gmt":"2018-10-29T11:09:48","guid":{"rendered":"http:\/\/arantv.az\/?p=21948"},"modified":"2018-10-29T14:09:48","modified_gmt":"2018-10-29T11:09:48","slug":"turkiy%c9%99-respublikasinin-prezidenti-zati-alil%c9%99ri-c%c9%99nab-r%c9%99c%c9%99b-tayyib-%c9%99rdogana","status":"publish","type":"post","link":"https:\/\/arantv.az\/?p=21948","title":{"rendered":"T\u00fcrkiy\u0259 Respublikas\u0131n\u0131n Prezidenti Zati-alil\u0259ri c\u0259nab R\u0259c\u0259b Tayyib \u018frdo\u011fana"},"content":{"rendered":"<p><strong>ARANTV.AZ<\/strong> x\u0259b\u0259r verir ki, t\u0259brikd\u0259 deyilir.<\/p>\n<p>H\u00f6rm\u0259tli c\u0259nab Prezident,<\/p>\n<p>\u018fziz qarda\u015f\u0131m,<\/p>\n<p>T\u00fcrkiy\u0259 Respublikas\u0131n\u0131n yaranmas\u0131n\u0131n 95-ci ild\u00f6n\u00fcm\u00fc m\u00fcnasib\u0259til\u0259 Sizi v\u0259 Sizin siman\u0131zda b\u00fct\u00fcn xalq\u0131n\u0131z\u0131 \u015f\u0259xs\u0259n \u00f6z ad\u0131mdan v\u0259 Az\u0259rbaycan xalq\u0131 ad\u0131ndan s\u0259mimi q\u0259lbd\u0259n t\u0259brik edir\u0259m.<\/p>\n<p>Bu g\u00fcn qarda\u015f T\u00fcrkiy\u0259 \u00f6z\u00fcn\u00fcn h\u0259rt\u0259r\u0259fli v\u0259 dinamik inki\u015faf\u0131 il\u0259 d\u00fcnyan\u0131n \u0259n qabaqc\u0131l \u00f6lk\u0259l\u0259ri s\u0131ras\u0131nda q\u0259rar tutmu\u015fdur. Sizin r\u0259hb\u0259rliyinizl\u0259 h\u0259yata ke\u00e7iril\u0259n islahatlar, irimiqyasl\u0131 infrastruktur layih\u0259l\u0259ri \u00f6lk\u0259nin iqtisadi q\u00fcdr\u0259tinin g\u00fcnd\u0259n-g\u00fcn\u0259 artmas\u0131na xidm\u0259t edir. T\u00fcrkiy\u0259, h\u0259m\u00e7inin d\u00fcnyada v\u0259 regionda c\u0259r\u0259yan ed\u0259n prosesl\u0259rd\u0259 f\u0259al rol oynayaraq q\u0259tiyy\u0259tli m\u00f6vqe n\u00fcmayi\u015f etdirir.<\/p>\n<p>\u018fmin\u0259m ki, Az\u0259rbaycan-T\u00fcrkiy\u0259 dostlu\u011fu v\u0259 qarda\u015fl\u0131\u011f\u0131, ikit\u0259r\u0259fli m\u00fcnasib\u0259tl\u0259rimizin \u0259sas\u0131n\u0131 t\u0259\u015fkil ed\u0259n m\u00fctt\u0259fiqliyimiz v\u0259 strateji t\u0259r\u0259fda\u015fl\u0131\u011f\u0131m\u0131z bundan sonra da b\u00fct\u00fcn nailiyy\u0259tl\u0259rimizi \u015f\u0259rtl\u0259ndir\u0259n ba\u015fl\u0131ca amil olacaqd\u0131r.<\/p>\n<p>Bel\u0259 bir \u0259lam\u0259tdar g\u00fcnd\u0259 Siz\u0259 m\u00f6hk\u0259m cansa\u011fl\u0131\u011f\u0131, xo\u015fb\u0259xtlik, i\u015fl\u0259rinizd\u0259 u\u011furlar, qarda\u015f T\u00fcrkiy\u0259 xalq\u0131na daim s\u00fclh v\u0259 firavanl\u0131q dil\u0259yir\u0259m.<\/p>\n<p>H\u00f6rm\u0259tl\u0259,<\/p>\n<p>&nbsp;<\/p>\n<p>\u0130lham \u018fliyev<\/p>\n<p>Az\u0259rbaycan Respublikas\u0131n\u0131n Prezidenti<\/p>\n<p>Bak\u0131 \u015f\u0259h\u0259ri, 26 oktyabr 2018-ci il.<\/p>\n","protected":false},"excerpt":{"rendered":"<p>ARANTV.AZ x\u0259b\u0259r verir ki, t\u0259brikd\u0259 deyilir. H\u00f6rm\u0259tli c\u0259nab Prezident, \u018fziz qarda\u015f\u0131m, T\u00fcrkiy\u0259 Respublikas\u0131n\u0131n yaranmas\u0131n\u0131n 95-ci ild\u00f6n\u00fcm\u00fc m\u00fcnasib\u0259til\u0259 Sizi v\u0259 Sizin siman\u0131zda b\u00fct\u00fcn xalq\u0131n\u0131z\u0131 \u015f\u0259xs\u0259n \u00f6z ad\u0131mdan v\u0259 Az\u0259rbaycan xalq\u0131 ad\u0131ndan s\u0259mimi q\u0259lbd\u0259n t\u0259brik edir\u0259m. Bu g\u00fcn qarda\u015f T\u00fcrkiy\u0259 \u00f6z\u00fcn\u00fcn h\u0259rt\u0259r\u0259fli v\u0259 dinamik inki\u015faf\u0131 il\u0259 d\u00fcnyan\u0131n \u0259n qabaqc\u0131l \u00f6lk\u0259l\u0259ri s\u0131ras\u0131nda q\u0259rar tutmu\u015fdur. Sizin r\u0259hb\u0259rliyinizl\u0259 h\u0259yata ke\u00e7iril\u0259n islahatlar, irimiqyasl\u0131 infrastruktur layih\u0259l\u0259ri \u00f6lk\u0259nin iqtisadi q\u00fcdr\u0259tinin g\u00fcnd\u0259n-g\u00fcn\u0259 artmas\u0131na xidm\u0259t edir. T\u00fcrkiy\u0259, h\u0259m\u00e7inin d\u00fcnyada v\u0259 regionda c\u0259r\u0259yan ed\u0259n prosesl\u0259rd\u0259 f\u0259al rol oynayaraq q\u0259tiyy\u0259tli m\u00f6vqe n\u00fcmayi\u015f etdirir. \u018fmin\u0259m ki, Az\u0259rbaycan-T\u00fcrkiy\u0259 dostlu\u011fu v\u0259 qarda\u015fl\u0131\u011f\u0131, ikit\u0259r\u0259fli m\u00fcnasib\u0259tl\u0259rimizin \u0259sas\u0131n\u0131&hellip;<\/p>\n","protected":false},"author":2,"featured_media":21949,"comment_status":"closed","ping_status":"closed","sticky":false,"template":"","format":"standard","meta":{"om_disable_all_campaigns":false,"_monsterinsights_skip_tracking":false,"_monsterinsights_sitenote_active":false,"_monsterinsights_sitenote_note":"","_monsterinsights_sitenote_category":0},"categories":[8],"tags":[],"aioseo_notices":[],"gutentor_comment":0,"rttpg_featured_image_url":{"full":["https:\/\/arantv.az\/wp-content\/uploads\/2018\/10\/g57te8pffn8g9nrsvo3045h762tur.jpg",749,500,false],"landscape":["https:\/\/arantv.az\/wp-content\/uploads\/2018\/10\/g57te8pffn8g9nrsvo3045h762tur.jpg",749,500,false],"portraits":["https:\/\/arantv.az\/wp-content\/uploads\/2018\/10\/g57te8pffn8g9nrsvo3045h762tur.jpg",749,500,false],"thumbnail":["https:\/\/arantv.az\/wp-content\/uploads\/2018\/10\/g57te8pffn8g9nrsvo3045h762tur-150x150.jpg",150,150,true],"medium":["https:\/\/arantv.az\/wp-content\/uploads\/2018\/10\/g57te8pffn8g9nrsvo3045h762tur-300x200.jpg",300,200,true],"large":["https:\/\/arantv.az\/wp-content\/uploads\/2018\/10\/g57te8pffn8g9nrsvo3045h762tur.jpg",640,427,false],"1536x1536":["https:\/\/arantv.az\/wp-content\/uploads\/2018\/10\/g57te8pffn8g9nrsvo3045h762tur.jpg",749,500,false],"2048x2048":["https:\/\/arantv.az\/wp-content\/uploads\/2018\/10\/g57te8pffn8g9nrsvo3045h762tur.jpg",749,500,false],"post-thumbnail":["https:\/\/arantv.az\/wp-content\/uploads\/2018\/10\/g57te8pffn8g9nrsvo3045h762tur-240x172.jpg",240,172,true],"advps-thumb-one":["https:\/\/arantv.az\/wp-content\/uploads\/2018\/10\/g57te8pffn8g9nrsvo3045h762tur.jpg",749,500,false]},"rttpg_author":{"display_name":"V\u00fcsal Rafiqo\u011flu","author_link":"https:\/\/arantv.az\/?author=2"},"rttpg_comment":0,"rttpg_category":"<a href=\"https:\/\/arantv.az\/?cat=8\" rel=\"category\">\u018fsas s\u0259hif\u0259<\/a>","rttpg_excerpt":"ARANTV.AZ x\u0259b\u0259r verir ki, t\u0259brikd\u0259 deyilir. H\u00f6rm\u0259tli c\u0259nab Prezident, \u018fziz qarda\u015f\u0131m, T\u00fcrkiy\u0259 Respublikas\u0131n\u0131n yaranmas\u0131n\u0131n 95-ci ild\u00f6n\u00fcm\u00fc m\u00fcnasib\u0259til\u0259 Sizi v\u0259 Sizin siman\u0131zda b\u00fct\u00fcn xalq\u0131n\u0131z\u0131 \u015f\u0259xs\u0259n \u00f6z ad\u0131mdan v\u0259 Az\u0259rbaycan xalq\u0131 ad\u0131ndan s\u0259mimi q\u0259lbd\u0259n t\u0259brik edir\u0259m. Bu g\u00fcn qarda\u015f T\u00fcrkiy\u0259 \u00f6z\u00fcn\u00fcn h\u0259rt\u0259r\u0259fli v\u0259 dinamik inki\u015faf\u0131 il\u0259 d\u00fcnyan\u0131n \u0259n qabaqc\u0131l \u00f6lk\u0259l\u0259ri s\u0131ras\u0131nda q\u0259rar tutmu\u015fdur. Sizin r\u0259hb\u0259rliyinizl\u0259 h\u0259yata ke\u00e7iril\u0259n&hellip;","_links":{"self":[{"href":"https:\/\/arantv.az\/index.php?rest_route=\/wp\/v2\/posts\/21948"}],"collection":[{"href":"https:\/\/arantv.az\/index.php?rest_route=\/wp\/v2\/posts"}],"about":[{"href":"https:\/\/arantv.az\/index.php?rest_route=\/wp\/v2\/types\/post"}],"author":[{"embeddable":true,"href":"https:\/\/arantv.az\/index.php?rest_route=\/wp\/v2\/users\/2"}],"replies":[{"embeddable":true,"href":"https:\/\/arantv.az\/index.php?rest_route=%2Fwp%2Fv2%2Fcomments&post=21948"}],"version-history":[{"count":0,"href":"https:\/\/arantv.az\/index.php?rest_route=\/wp\/v2\/posts\/21948\/revisions"}],"wp:featuredmedia":[{"embeddable":true,"href":"https:\/\/arantv.az\/index.php?rest_route=\/wp\/v2\/media\/21949"}],"wp:attachment":[{"href":"https:\/\/arantv.az\/index.php?rest_route=%2Fwp%2Fv2%2Fmedia&parent=21948"}],"wp:term":[{"taxonomy":"category","embeddable":true,"href":"https:\/\/arantv.az\/index.php?rest_route=%2Fwp%2Fv2%2Fcategories&post=21948"},{"taxonomy":"post_tag","embeddable":true,"href":"https:\/\/arantv.az\/index.php?rest_route=%2Fwp%2Fv2%2Ftags&post=21948"}],"curies":[{"name":"wp","href":"https:\/\/api.w.org\/{rel}","templated":true}]}}