{"id":21971,"date":"2018-10-29T15:21:11","date_gmt":"2018-10-29T12:21:11","guid":{"rendered":"http:\/\/arantv.az\/?p=21971"},"modified":"2018-10-29T15:21:11","modified_gmt":"2018-10-29T12:21:11","slug":"%c9%99cn%c9%99bi-v%c9%99t%c9%99ndasi-s%c9%99rxos-halda-az%c9%99rbaycanda-q%c9%99za-tor%c9%99tdi-dasidigi-avtomobill%c9%99r-yola-dagilib-foto","status":"publish","type":"post","link":"https:\/\/arantv.az\/?p=21971","title":{"rendered":"\u018fcn\u0259bi v\u0259t\u0259nda\u015f\u0131 s\u0259rxo\u015f halda Az\u0259rbaycanda q\u0259za t\u00f6r\u0259tdi, da\u015f\u0131d\u0131\u011f\u0131 avtomobill\u0259r yola da\u011f\u0131l\u0131b &#8211; FOTO"},"content":{"rendered":"<p>Yevlax rayonunda s\u0259rxo\u015f s\u00fcr\u00fcc\u00fc q\u0259za t\u00f6r\u0259dib.<\/p>\n<p><strong>ARANTV.AZ<\/strong> report-a istinad\u0259n x\u0259b\u0259r verir ki, Q\u0131r\u011f\u0131z Respublikas\u0131n\u0131n v\u0259t\u0259nda\u015f\u0131, 1965-ci il t\u0259v\u0259ll\u00fcdl\u00fc Dima Aleksandr o\u011flu s\u0259rxo\u015f halda idar\u0259 etdiyi y\u00fck avtomobilini a\u015f\u0131r\u0131b.<\/p>\n<p>Q\u0259za n\u0259tic\u0259sind\u0259 m\u00fcxt\u0259lif d\u0259r\u0259c\u0259li b\u0259d\u0259n x\u0259sar\u0259tl\u0259ri alan s\u00fcr\u00fcc\u00fc x\u0259st\u0259xanaya yerl\u0259\u015fdirilib. Y\u00fck ma\u015f\u0131n\u0131nda da\u015f\u0131nan m\u00fcxt\u0259lif markal\u0131 avtomobill\u0259r is\u0259 yola a\u015f\u0131b.<\/p>\n<p>Faktla ba\u011fl\u0131 ara\u015fd\u0131rma apar\u0131l\u0131r.<\/p>\n<p><img loading=\"lazy\" class=\"alignnone size-full wp-image-21972\" src=\"https:\/\/arantv.az\/wp-content\/uploads\/2018\/10\/698939_01.jpg\" alt=\"\" width=\"250\" height=\"122\" \/><\/p>\n<p><img loading=\"lazy\" class=\"alignnone size-full wp-image-21973\" src=\"https:\/\/arantv.az\/wp-content\/uploads\/2018\/10\/698939_03.jpg\" alt=\"\" width=\"250\" height=\"122\" \/><\/p>\n","protected":false},"excerpt":{"rendered":"<p>Yevlax rayonunda s\u0259rxo\u015f s\u00fcr\u00fcc\u00fc q\u0259za t\u00f6r\u0259dib. ARANTV.AZ report-a istinad\u0259n x\u0259b\u0259r verir ki, Q\u0131r\u011f\u0131z Respublikas\u0131n\u0131n v\u0259t\u0259nda\u015f\u0131, 1965-ci il t\u0259v\u0259ll\u00fcdl\u00fc Dima Aleksandr o\u011flu s\u0259rxo\u015f halda idar\u0259 etdiyi y\u00fck avtomobilini a\u015f\u0131r\u0131b. Q\u0259za n\u0259tic\u0259sind\u0259 m\u00fcxt\u0259lif d\u0259r\u0259c\u0259li b\u0259d\u0259n x\u0259sar\u0259tl\u0259ri alan s\u00fcr\u00fcc\u00fc x\u0259st\u0259xanaya yerl\u0259\u015fdirilib. Y\u00fck ma\u015f\u0131n\u0131nda da\u015f\u0131nan m\u00fcxt\u0259lif markal\u0131 avtomobill\u0259r is\u0259 yola a\u015f\u0131b. Faktla ba\u011fl\u0131 ara\u015fd\u0131rma apar\u0131l\u0131r.<\/p>\n","protected":false},"author":2,"featured_media":21974,"comment_status":"closed","ping_status":"closed","sticky":false,"template":"","format":"standard","meta":{"om_disable_all_campaigns":false,"_monsterinsights_skip_tracking":false,"_monsterinsights_sitenote_active":false,"_monsterinsights_sitenote_note":"","_monsterinsights_sitenote_category":0},"categories":[5],"tags":[],"aioseo_notices":[],"gutentor_comment":0,"rttpg_featured_image_url":{"full":["https:\/\/arantv.az\/wp-content\/uploads\/2018\/10\/698939.jpg",800,600,false],"landscape":["https:\/\/arantv.az\/wp-content\/uploads\/2018\/10\/698939.jpg",800,600,false],"portraits":["https:\/\/arantv.az\/wp-content\/uploads\/2018\/10\/698939.jpg",800,600,false],"thumbnail":["https:\/\/arantv.az\/wp-content\/uploads\/2018\/10\/698939-150x150.jpg",150,150,true],"medium":["https:\/\/arantv.az\/wp-content\/uploads\/2018\/10\/698939-300x225.jpg",300,225,true],"large":["https:\/\/arantv.az\/wp-content\/uploads\/2018\/10\/698939.jpg",640,480,false],"1536x1536":["https:\/\/arantv.az\/wp-content\/uploads\/2018\/10\/698939.jpg",800,600,false],"2048x2048":["https:\/\/arantv.az\/wp-content\/uploads\/2018\/10\/698939.jpg",800,600,false],"post-thumbnail":["https:\/\/arantv.az\/wp-content\/uploads\/2018\/10\/698939-240x172.jpg",240,172,true],"advps-thumb-one":["https:\/\/arantv.az\/wp-content\/uploads\/2018\/10\/698939.jpg",800,600,false]},"rttpg_author":{"display_name":"V\u00fcsal Rafiqo\u011flu","author_link":"https:\/\/arantv.az\/?author=2"},"rttpg_comment":0,"rttpg_category":"<a href=\"https:\/\/arantv.az\/?cat=5\" rel=\"category\">Hadis\u0259<\/a>","rttpg_excerpt":"Yevlax rayonunda s\u0259rxo\u015f s\u00fcr\u00fcc\u00fc q\u0259za t\u00f6r\u0259dib. ARANTV.AZ report-a istinad\u0259n x\u0259b\u0259r verir ki, Q\u0131r\u011f\u0131z Respublikas\u0131n\u0131n v\u0259t\u0259nda\u015f\u0131, 1965-ci il t\u0259v\u0259ll\u00fcdl\u00fc Dima Aleksandr o\u011flu s\u0259rxo\u015f halda idar\u0259 etdiyi y\u00fck avtomobilini a\u015f\u0131r\u0131b. Q\u0259za n\u0259tic\u0259sind\u0259 m\u00fcxt\u0259lif d\u0259r\u0259c\u0259li b\u0259d\u0259n x\u0259sar\u0259tl\u0259ri alan s\u00fcr\u00fcc\u00fc x\u0259st\u0259xanaya yerl\u0259\u015fdirilib. Y\u00fck ma\u015f\u0131n\u0131nda da\u015f\u0131nan m\u00fcxt\u0259lif markal\u0131 avtomobill\u0259r is\u0259 yola a\u015f\u0131b. Faktla ba\u011fl\u0131 ara\u015fd\u0131rma apar\u0131l\u0131r.","_links":{"self":[{"href":"https:\/\/arantv.az\/index.php?rest_route=\/wp\/v2\/posts\/21971"}],"collection":[{"href":"https:\/\/arantv.az\/index.php?rest_route=\/wp\/v2\/posts"}],"about":[{"href":"https:\/\/arantv.az\/index.php?rest_route=\/wp\/v2\/types\/post"}],"author":[{"embeddable":true,"href":"https:\/\/arantv.az\/index.php?rest_route=\/wp\/v2\/users\/2"}],"replies":[{"embeddable":true,"href":"https:\/\/arantv.az\/index.php?rest_route=%2Fwp%2Fv2%2Fcomments&post=21971"}],"version-history":[{"count":0,"href":"https:\/\/arantv.az\/index.php?rest_route=\/wp\/v2\/posts\/21971\/revisions"}],"wp:featuredmedia":[{"embeddable":true,"href":"https:\/\/arantv.az\/index.php?rest_route=\/wp\/v2\/media\/21974"}],"wp:attachment":[{"href":"https:\/\/arantv.az\/index.php?rest_route=%2Fwp%2Fv2%2Fmedia&parent=21971"}],"wp:term":[{"taxonomy":"category","embeddable":true,"href":"https:\/\/arantv.az\/index.php?rest_route=%2Fwp%2Fv2%2Fcategories&post=21971"},{"taxonomy":"post_tag","embeddable":true,"href":"https:\/\/arantv.az\/index.php?rest_route=%2Fwp%2Fv2%2Ftags&post=21971"}],"curies":[{"name":"wp","href":"https:\/\/api.w.org\/{rel}","templated":true}]}}