{"id":21979,"date":"2018-10-29T15:24:41","date_gmt":"2018-10-29T12:24:41","guid":{"rendered":"http:\/\/arantv.az\/?p=21979"},"modified":"2018-10-29T15:24:41","modified_gmt":"2018-10-29T12:24:41","slug":"prezident-ilham-%c9%99liyev-indoneziyali-h%c9%99mkarina-bassagligi-verib","status":"publish","type":"post","link":"https:\/\/arantv.az\/?p=21979","title":{"rendered":"Prezident \u0130lham \u018fliyev indoneziyal\u0131 h\u0259mkar\u0131na ba\u015fsa\u011fl\u0131\u011f\u0131 verib"},"content":{"rendered":"<p><strong>Prezident \u0130lham \u018fliyev \u0130ndoneziya Respublikas\u0131n\u0131n Prezidenti Coko Vidodoya ba\u015fsa\u011fl\u0131\u011f\u0131 m\u0259ktubu g\u00f6nd\u0259rib.<\/strong><\/p>\n<p><strong>ARANTV.AZ<\/strong> az\u0259rtac-a istinad\u0259n x\u0259b\u0259r verir ki, m\u0259ktubda deyilir:<\/p>\n<p>&#8220;H\u00f6rm\u0259tli c\u0259nab Prezident,<\/p>\n<p>\u00d6lk\u0259nizd\u0259 ba\u015f vermi\u015f t\u0259yyar\u0259 q\u0259zas\u0131 n\u0259tic\u0259sind\u0259 \u00e7oxsayl\u0131 insan t\u0259l\u0259fat\u0131 x\u0259b\u0259rind\u0259n son d\u0259r\u0259c\u0259 k\u0259d\u0259rl\u0259ndim.<\/p>\n<p>Ba\u015f vermi\u015f faci\u0259 il\u0259 \u0259laq\u0259dar Siz\u0259, h\u0259lak olanlar\u0131n ail\u0259l\u0259rin\u0259 v\u0259 yax\u0131nlar\u0131na, b\u00fct\u00fcn \u0130ndoneziya xalq\u0131na \u015f\u0259xs\u0259n \u00f6z ad\u0131mdan v\u0259 Az\u0259rbaycan xalq\u0131 ad\u0131ndan d\u0259rin h\u00fcznl\u0259 ba\u015fsa\u011fl\u0131\u011f\u0131 verir\u0259m.<\/p>\n<p>Allah r\u0259hm\u0259t el\u0259sin!&#8221;<\/p>\n","protected":false},"excerpt":{"rendered":"<p>Prezident \u0130lham \u018fliyev \u0130ndoneziya Respublikas\u0131n\u0131n Prezidenti Coko Vidodoya ba\u015fsa\u011fl\u0131\u011f\u0131 m\u0259ktubu g\u00f6nd\u0259rib. ARANTV.AZ az\u0259rtac-a istinad\u0259n x\u0259b\u0259r verir ki, m\u0259ktubda deyilir: &#8220;H\u00f6rm\u0259tli c\u0259nab Prezident, \u00d6lk\u0259nizd\u0259 ba\u015f vermi\u015f t\u0259yyar\u0259 q\u0259zas\u0131 n\u0259tic\u0259sind\u0259 \u00e7oxsayl\u0131 insan t\u0259l\u0259fat\u0131 x\u0259b\u0259rind\u0259n son d\u0259r\u0259c\u0259 k\u0259d\u0259rl\u0259ndim. Ba\u015f vermi\u015f faci\u0259 il\u0259 \u0259laq\u0259dar Siz\u0259, h\u0259lak olanlar\u0131n ail\u0259l\u0259rin\u0259 v\u0259 yax\u0131nlar\u0131na, b\u00fct\u00fcn \u0130ndoneziya xalq\u0131na \u015f\u0259xs\u0259n \u00f6z ad\u0131mdan v\u0259 Az\u0259rbaycan xalq\u0131 ad\u0131ndan d\u0259rin h\u00fcznl\u0259 ba\u015fsa\u011fl\u0131\u011f\u0131 verir\u0259m. Allah r\u0259hm\u0259t el\u0259sin!&#8221;<\/p>\n","protected":false},"author":2,"featured_media":21807,"comment_status":"closed","ping_status":"closed","sticky":false,"template":"","format":"standard","meta":{"om_disable_all_campaigns":false,"_monsterinsights_skip_tracking":false,"_monsterinsights_sitenote_active":false,"_monsterinsights_sitenote_note":"","_monsterinsights_sitenote_category":0},"categories":[8],"tags":[],"aioseo_notices":[],"gutentor_comment":0,"rttpg_featured_image_url":{"full":["https:\/\/arantv.az\/wp-content\/uploads\/2018\/10\/2018_ilham_aliyev_01-2.jpg",1200,900,false],"landscape":["https:\/\/arantv.az\/wp-content\/uploads\/2018\/10\/2018_ilham_aliyev_01-2.jpg",1200,900,false],"portraits":["https:\/\/arantv.az\/wp-content\/uploads\/2018\/10\/2018_ilham_aliyev_01-2.jpg",1200,900,false],"thumbnail":["https:\/\/arantv.az\/wp-content\/uploads\/2018\/10\/2018_ilham_aliyev_01-2-150x150.jpg",150,150,true],"medium":["https:\/\/arantv.az\/wp-content\/uploads\/2018\/10\/2018_ilham_aliyev_01-2-300x225.jpg",300,225,true],"large":["https:\/\/arantv.az\/wp-content\/uploads\/2018\/10\/2018_ilham_aliyev_01-2-1024x768.jpg",640,480,true],"1536x1536":["https:\/\/arantv.az\/wp-content\/uploads\/2018\/10\/2018_ilham_aliyev_01-2.jpg",1200,900,false],"2048x2048":["https:\/\/arantv.az\/wp-content\/uploads\/2018\/10\/2018_ilham_aliyev_01-2.jpg",1200,900,false],"post-thumbnail":["https:\/\/arantv.az\/wp-content\/uploads\/2018\/10\/2018_ilham_aliyev_01-2-240x172.jpg",240,172,true],"advps-thumb-one":["https:\/\/arantv.az\/wp-content\/uploads\/2018\/10\/2018_ilham_aliyev_01-2-1200x620.jpg",1200,620,true]},"rttpg_author":{"display_name":"V\u00fcsal Rafiqo\u011flu","author_link":"https:\/\/arantv.az\/?author=2"},"rttpg_comment":0,"rttpg_category":"<a href=\"https:\/\/arantv.az\/?cat=8\" rel=\"category\">\u018fsas s\u0259hif\u0259<\/a>","rttpg_excerpt":"Prezident \u0130lham \u018fliyev \u0130ndoneziya Respublikas\u0131n\u0131n Prezidenti Coko Vidodoya ba\u015fsa\u011fl\u0131\u011f\u0131 m\u0259ktubu g\u00f6nd\u0259rib. ARANTV.AZ az\u0259rtac-a istinad\u0259n x\u0259b\u0259r verir ki, m\u0259ktubda deyilir: &#8220;H\u00f6rm\u0259tli c\u0259nab Prezident, \u00d6lk\u0259nizd\u0259 ba\u015f vermi\u015f t\u0259yyar\u0259 q\u0259zas\u0131 n\u0259tic\u0259sind\u0259 \u00e7oxsayl\u0131 insan t\u0259l\u0259fat\u0131 x\u0259b\u0259rind\u0259n son d\u0259r\u0259c\u0259 k\u0259d\u0259rl\u0259ndim. Ba\u015f vermi\u015f faci\u0259 il\u0259 \u0259laq\u0259dar Siz\u0259, h\u0259lak olanlar\u0131n ail\u0259l\u0259rin\u0259 v\u0259 yax\u0131nlar\u0131na, b\u00fct\u00fcn \u0130ndoneziya xalq\u0131na \u015f\u0259xs\u0259n \u00f6z ad\u0131mdan v\u0259 Az\u0259rbaycan xalq\u0131&hellip;","_links":{"self":[{"href":"https:\/\/arantv.az\/index.php?rest_route=\/wp\/v2\/posts\/21979"}],"collection":[{"href":"https:\/\/arantv.az\/index.php?rest_route=\/wp\/v2\/posts"}],"about":[{"href":"https:\/\/arantv.az\/index.php?rest_route=\/wp\/v2\/types\/post"}],"author":[{"embeddable":true,"href":"https:\/\/arantv.az\/index.php?rest_route=\/wp\/v2\/users\/2"}],"replies":[{"embeddable":true,"href":"https:\/\/arantv.az\/index.php?rest_route=%2Fwp%2Fv2%2Fcomments&post=21979"}],"version-history":[{"count":0,"href":"https:\/\/arantv.az\/index.php?rest_route=\/wp\/v2\/posts\/21979\/revisions"}],"wp:featuredmedia":[{"embeddable":true,"href":"https:\/\/arantv.az\/index.php?rest_route=\/wp\/v2\/media\/21807"}],"wp:attachment":[{"href":"https:\/\/arantv.az\/index.php?rest_route=%2Fwp%2Fv2%2Fmedia&parent=21979"}],"wp:term":[{"taxonomy":"category","embeddable":true,"href":"https:\/\/arantv.az\/index.php?rest_route=%2Fwp%2Fv2%2Fcategories&post=21979"},{"taxonomy":"post_tag","embeddable":true,"href":"https:\/\/arantv.az\/index.php?rest_route=%2Fwp%2Fv2%2Ftags&post=21979"}],"curies":[{"name":"wp","href":"https:\/\/api.w.org\/{rel}","templated":true}]}}