{"id":22019,"date":"2018-10-29T16:39:40","date_gmt":"2018-10-29T13:39:40","guid":{"rendered":"http:\/\/arantv.az\/?p=22019"},"modified":"2018-10-29T16:39:40","modified_gmt":"2018-10-29T13:39:40","slug":"60-yasli-kisi-intihar-etdi","status":"publish","type":"post","link":"https:\/\/arantv.az\/?p=22019","title":{"rendered":"60 ya\u015fl\u0131 ki\u015fi intihar etdi"},"content":{"rendered":"<p><strong>Balak\u0259n rayonunda 60 ya\u015fl\u0131 ki\u015fi intihar edib.<\/strong><\/p>\n<p><strong>ARANTV.AZ<\/strong> report-a istinad\u0259n x\u0259b\u0259r verir ki, hadis\u0259 bu g\u00fcn s\u0259h\u0259r saatlar\u0131nda Balak\u0259n \u015f\u0259h\u0259ri, H.Z.Ta\u011f\u0131yev k\u00fc\u00e7\u0259sind\u0259ki f\u0259rdi ya\u015fay\u0131\u015f evl\u0259rind\u0259n birind\u0259 qeyd\u0259 al\u0131n\u0131b. 1958-ci il t\u0259v\u0259ll\u00fcdl\u00fc Rauf \u018fziz o\u011flu \u018fzizovun meyiti ya\u015fad\u0131\u011f\u0131 evin h\u0259y\u0259tyan\u0131 sah\u0259sind\u0259ki yard\u0131m\u00e7\u0131 tikilid\u0259 yax\u0131nlar\u0131 t\u0259r\u0259find\u0259n a\u015fkar edilib.<\/p>\n<p>Faktla ba\u011fl\u0131 Balak\u0259n Rayon prokurorlu\u011funda Cinay\u0259t M\u0259c\u0259ll\u0259sinin 125-ci (\u00f6z\u00fcn\u00fc \u00f6ld\u00fcrm\u0259 h\u0259ddin\u0259 \u00e7atd\u0131rma) madd\u0259si il\u0259 cinay\u0259t i\u015fi ba\u015flan\u0131l\u0131b, ara\u015fd\u0131rma apar\u0131l\u0131r.<\/p>\n","protected":false},"excerpt":{"rendered":"<p>Balak\u0259n rayonunda 60 ya\u015fl\u0131 ki\u015fi intihar edib. ARANTV.AZ report-a istinad\u0259n x\u0259b\u0259r verir ki, hadis\u0259 bu g\u00fcn s\u0259h\u0259r saatlar\u0131nda Balak\u0259n \u015f\u0259h\u0259ri, H.Z.Ta\u011f\u0131yev k\u00fc\u00e7\u0259sind\u0259ki f\u0259rdi ya\u015fay\u0131\u015f evl\u0259rind\u0259n birind\u0259 qeyd\u0259 al\u0131n\u0131b. 1958-ci il t\u0259v\u0259ll\u00fcdl\u00fc Rauf \u018fziz o\u011flu \u018fzizovun meyiti ya\u015fad\u0131\u011f\u0131 evin h\u0259y\u0259tyan\u0131 sah\u0259sind\u0259ki yard\u0131m\u00e7\u0131 tikilid\u0259 yax\u0131nlar\u0131 t\u0259r\u0259find\u0259n a\u015fkar edilib. Faktla ba\u011fl\u0131 Balak\u0259n Rayon prokurorlu\u011funda Cinay\u0259t M\u0259c\u0259ll\u0259sinin 125-ci (\u00f6z\u00fcn\u00fc \u00f6ld\u00fcrm\u0259 h\u0259ddin\u0259 \u00e7atd\u0131rma) madd\u0259si il\u0259 cinay\u0259t i\u015fi ba\u015flan\u0131l\u0131b, ara\u015fd\u0131rma apar\u0131l\u0131r.<\/p>\n","protected":false},"author":2,"featured_media":22020,"comment_status":"closed","ping_status":"closed","sticky":false,"template":"","format":"standard","meta":{"om_disable_all_campaigns":false,"_monsterinsights_skip_tracking":false,"_monsterinsights_sitenote_active":false,"_monsterinsights_sitenote_note":"","_monsterinsights_sitenote_category":0},"categories":[5],"tags":[],"aioseo_notices":[],"gutentor_comment":0,"rttpg_featured_image_url":{"full":["https:\/\/arantv.az\/wp-content\/uploads\/2018\/10\/meyit_2387576.jpg",800,600,false],"landscape":["https:\/\/arantv.az\/wp-content\/uploads\/2018\/10\/meyit_2387576.jpg",800,600,false],"portraits":["https:\/\/arantv.az\/wp-content\/uploads\/2018\/10\/meyit_2387576.jpg",800,600,false],"thumbnail":["https:\/\/arantv.az\/wp-content\/uploads\/2018\/10\/meyit_2387576-150x150.jpg",150,150,true],"medium":["https:\/\/arantv.az\/wp-content\/uploads\/2018\/10\/meyit_2387576-300x225.jpg",300,225,true],"large":["https:\/\/arantv.az\/wp-content\/uploads\/2018\/10\/meyit_2387576.jpg",640,480,false],"1536x1536":["https:\/\/arantv.az\/wp-content\/uploads\/2018\/10\/meyit_2387576.jpg",800,600,false],"2048x2048":["https:\/\/arantv.az\/wp-content\/uploads\/2018\/10\/meyit_2387576.jpg",800,600,false],"post-thumbnail":["https:\/\/arantv.az\/wp-content\/uploads\/2018\/10\/meyit_2387576-240x172.jpg",240,172,true],"advps-thumb-one":["https:\/\/arantv.az\/wp-content\/uploads\/2018\/10\/meyit_2387576.jpg",800,600,false]},"rttpg_author":{"display_name":"V\u00fcsal Rafiqo\u011flu","author_link":"https:\/\/arantv.az\/?author=2"},"rttpg_comment":0,"rttpg_category":"<a href=\"https:\/\/arantv.az\/?cat=5\" rel=\"category\">Hadis\u0259<\/a>","rttpg_excerpt":"Balak\u0259n rayonunda 60 ya\u015fl\u0131 ki\u015fi intihar edib. ARANTV.AZ report-a istinad\u0259n x\u0259b\u0259r verir ki, hadis\u0259 bu g\u00fcn s\u0259h\u0259r saatlar\u0131nda Balak\u0259n \u015f\u0259h\u0259ri, H.Z.Ta\u011f\u0131yev k\u00fc\u00e7\u0259sind\u0259ki f\u0259rdi ya\u015fay\u0131\u015f evl\u0259rind\u0259n birind\u0259 qeyd\u0259 al\u0131n\u0131b. 1958-ci il t\u0259v\u0259ll\u00fcdl\u00fc Rauf \u018fziz o\u011flu \u018fzizovun meyiti ya\u015fad\u0131\u011f\u0131 evin h\u0259y\u0259tyan\u0131 sah\u0259sind\u0259ki yard\u0131m\u00e7\u0131 tikilid\u0259 yax\u0131nlar\u0131 t\u0259r\u0259find\u0259n a\u015fkar edilib. Faktla ba\u011fl\u0131 Balak\u0259n Rayon prokurorlu\u011funda Cinay\u0259t M\u0259c\u0259ll\u0259sinin 125-ci (\u00f6z\u00fcn\u00fc&hellip;","_links":{"self":[{"href":"https:\/\/arantv.az\/index.php?rest_route=\/wp\/v2\/posts\/22019"}],"collection":[{"href":"https:\/\/arantv.az\/index.php?rest_route=\/wp\/v2\/posts"}],"about":[{"href":"https:\/\/arantv.az\/index.php?rest_route=\/wp\/v2\/types\/post"}],"author":[{"embeddable":true,"href":"https:\/\/arantv.az\/index.php?rest_route=\/wp\/v2\/users\/2"}],"replies":[{"embeddable":true,"href":"https:\/\/arantv.az\/index.php?rest_route=%2Fwp%2Fv2%2Fcomments&post=22019"}],"version-history":[{"count":0,"href":"https:\/\/arantv.az\/index.php?rest_route=\/wp\/v2\/posts\/22019\/revisions"}],"wp:featuredmedia":[{"embeddable":true,"href":"https:\/\/arantv.az\/index.php?rest_route=\/wp\/v2\/media\/22020"}],"wp:attachment":[{"href":"https:\/\/arantv.az\/index.php?rest_route=%2Fwp%2Fv2%2Fmedia&parent=22019"}],"wp:term":[{"taxonomy":"category","embeddable":true,"href":"https:\/\/arantv.az\/index.php?rest_route=%2Fwp%2Fv2%2Fcategories&post=22019"},{"taxonomy":"post_tag","embeddable":true,"href":"https:\/\/arantv.az\/index.php?rest_route=%2Fwp%2Fv2%2Ftags&post=22019"}],"curies":[{"name":"wp","href":"https:\/\/api.w.org\/{rel}","templated":true}]}}