{"id":22027,"date":"2018-10-29T16:45:19","date_gmt":"2018-10-29T13:45:19","guid":{"rendered":"http:\/\/arantv.az\/?p=22027"},"modified":"2018-10-29T16:45:19","modified_gmt":"2018-10-29T13:45:19","slug":"ilham-%c9%99liyev-s%c9%99ki-s%c9%99h%c9%99rind%c9%99-insa-olunan-heyd%c9%99r-%c9%99liyev-m%c9%99rk%c9%99zinin-acilisinda-istirak-edib","status":"publish","type":"post","link":"https:\/\/arantv.az\/?p=22027","title":{"rendered":"\u0130lham \u018fliyev \u015e\u0259ki \u015f\u0259h\u0259rind\u0259 in\u015fa olunan Heyd\u0259r \u018fliyev M\u0259rk\u0259zinin a\u00e7\u0131l\u0131\u015f\u0131nda i\u015ftirak edib"},"content":{"rendered":"<p><strong>ARANTV.AZ<\/strong> x\u0259b\u0259r verir ki, Az\u0259rbaycan Respublikas\u0131n\u0131n Prezidenti \u0130lham \u018fliyev v\u0259 birinci xan\u0131m Mehriban \u018fliyeva \u015e\u0259ki \u015f\u0259h\u0259rind\u0259 in\u015fa olunan Heyd\u0259r \u018fliyev M\u0259rk\u0259zinin a\u00e7\u0131l\u0131\u015f\u0131nda i\u015ftirak edibl\u0259r.<\/p>\n<p>D\u00f6vl\u0259timizin ba\u015f\u00e7\u0131s\u0131 M\u0259rk\u0259zin r\u0259mzi a\u00e7\u0131l\u0131\u015f\u0131n\u0131 bildir\u0259n lenti k\u0259sdi.<\/p>\n<p>\u015e\u0259kid\u0259 orijinal layih\u0259 \u0259sas\u0131nda yeni tikil\u0259n Heyd\u0259r \u018fliyev M\u0259rk\u0259zi \u00dcmummilli Liderin xatir\u0259sin\u0259 d\u0259rin ehtiram\u0131n parlaq n\u00fcmun\u0259sidir. M\u0259rk\u0259zd\u0259 Ulu \u00d6nd\u0259rin m\u0259nal\u0131 h\u0259yat\u0131 v\u0259 \u00e7ox\u015fax\u0259li f\u0259aliyy\u0259tinin m\u00fcxt\u0259lif d\u00f6vrl\u0259rini \u0259ks etdir\u0259n fotolar v\u0259 eksponatlar yer al\u0131b. Burada d\u00fcnyan\u0131n g\u00f6rk\u0259mli dahi \u015f\u0259xsiyy\u0259tl\u0259rind\u0259n olan Heyd\u0259r \u018fliyevin Az\u0259rbaycan\u0131n beyn\u0259lxalq al\u0259md\u0259 n\u00fcfuzunun m\u00f6hk\u0259ml\u0259ndirilm\u0259si, bu b\u00f6y\u00fck insan\u0131n h\u0259yata ke\u00e7irdiyi m\u0259qs\u0259dy\u00f6nl\u00fc siyas\u0259t n\u0259tic\u0259sind\u0259 m\u00fcst\u0259qilliyin ilk ill\u0259rind\u0259 \u00f6lk\u0259mizd\u0259 v\u0259t\u0259nda\u015f m\u00fcharib\u0259sinin qar\u015f\u0131s\u0131n\u0131n al\u0131nmas\u0131, iqtisadiyyat\u0131n a\u011f\u0131r b\u00f6hran v\u0259ziyy\u0259tind\u0259n \u00e7\u0131xar\u0131laraq inki\u015faf yoluna q\u0259d\u0259m qoymas\u0131, q\u00fcdr\u0259tli ordu quruculu\u011fu istiqam\u0259tind\u0259 g\u00f6r\u00fcl\u0259n m\u00fch\u00fcm t\u0259dbirl\u0259ri \u0259ks etdir\u0259n foto, kitab v\u0259 dig\u0259r v\u0259saitl\u0259r\u0259 geni\u015f yer verilib. \u00dcmummilli lider Heyd\u0259r \u018fliyevin az\u0259rbaycan\u00e7\u0131l\u0131q f\u0259ls\u0259f\u0259sinin t\u0259bli\u011fi, g\u0259l\u0259c\u0259kd\u0259 Az\u0259rbaycan v\u0259t\u0259nda\u015flar\u0131n\u0131n d\u00fcnyada ged\u0259n m\u00fcasir prosesl\u0259r \u00e7\u0259r\u00e7iv\u0259sind\u0259 \u00f6z v\u0259t\u0259ni, mill\u0259ti v\u0259 xalq\u0131n\u0131n taleyi il\u0259 ba\u011fl\u0131 geni\u015fmiqyasl\u0131 layih\u0259l\u0259rd\u0259 i\u015ftirak\u0131n\u0131n t\u0259min olunmas\u0131, onlar\u0131n arzu v\u0259 niyy\u0259tl\u0259rini ger\u00e7\u0259kl\u0259\u015fdirm\u0259k \u0259zminin realla\u015fmas\u0131 bax\u0131m\u0131ndan m\u00fch\u00fcm \u0259h\u0259miyy\u0259t da\u015f\u0131yan Heyd\u0259r \u018fliyev M\u0259rk\u0259zinin in\u015fas\u0131 Az\u0259rbaycan\u0131n m\u00fcasir h\u0259yat\u0131n\u0131 \u0259ks etdirir.<\/p>\n<p>Heyd\u0259r \u018fliyev M\u0259rk\u0259zind\u0259 g\u00f6r\u00fcl\u0259n i\u015fl\u0259rl\u0259 tan\u0131\u015fl\u0131q zaman\u0131 m\u0259lumat verildi ki, burada \u00dcmummilli Liderin yeni abid\u0259si ucald\u0131l\u0131b. Ulu \u00d6nd\u0259r\u0259 \u015f\u0259kilil\u0259rin sonsuz m\u0259h\u0259bb\u0259tinin t\u0259c\u0259ss\u00fcm\u00fc olan Heyd\u0259r \u018fliyev M\u0259rk\u0259zinin tikintisin\u0259 2018-ci ilin mart\u0131nda ba\u015flan\u0131l\u0131b. Y\u00fcks\u0259k s\u0259viyy\u0259d\u0259 apar\u0131lan tikinti i\u015fl\u0259ri bu ilin oktyabr\u0131nda ba\u015fa \u00e7atd\u0131r\u0131l\u0131b. \u018frazid\u0259 geni\u015f abadl\u0131q v\u0259 ya\u015f\u0131lla\u015fd\u0131rma i\u015fl\u0259ri g\u00f6r\u00fcl\u00fcb.<\/p>\n<p>\u00dcmummilli lider Heyd\u0259r \u018fliyevin xatir\u0259sinin \u0259b\u0259dil\u0259\u015fdirilm\u0259si bax\u0131m\u0131ndan b\u00f6y\u00fck \u0259h\u0259miyy\u0259ti olan M\u0259rk\u0259zd\u0259 Ulu \u00d6nd\u0259rin h\u0259yat v\u0259 f\u0259aliyy\u0259tin\u0259 dair tarixi s\u0259n\u0259dl\u0259r\u0259 d\u0259 geni\u015f yer verilib. Burada Ulu \u00d6nd\u0259rin u\u015faql\u0131q, g\u0259nclik v\u0259 t\u0259l\u0259b\u0259lik ill\u0259rin\u0259, h\u0259m\u00e7inin hakimiyy\u0259td\u0259 oldu\u011fu d\u00f6vrl\u0259r\u0259 aid m\u00fcxt\u0259lif fotolar maraqla qar\u015f\u0131lan\u0131r. Bu fotolarda Heyd\u0259r \u018fliyevin sovet hakimiyy\u0259ti ill\u0259rind\u0259, ist\u0259rs\u0259 d\u0259 m\u00fcst\u0259qillik d\u00f6vr\u00fcnd\u0259 Az\u0259rbaycana r\u0259hb\u0259rlik ed\u0259rk\u0259n \u00f6lk\u0259mizin inki\u015faf\u0131na x\u00fcsusi diqq\u0259t g\u00f6st\u0259rm\u0259si dol\u011fun \u0259ksini tap\u0131b. Dahi \u015f\u0259xsiyy\u0259tin hakimiyy\u0259td\u0259 oldu\u011fu ill\u0259rd\u0259 b\u00f6lg\u0259l\u0259rimiz\u0259, o c\u00fcml\u0259d\u0259n \u015e\u0259kiy\u0259 s\u0259f\u0259rl\u0259ri bunun bariz n\u00fcmun\u0259sidir. Ulu \u00d6nd\u0259rin \u00f6lk\u0259d\u0259ki m\u00fcxt\u0259lif obyektl\u0259rin a\u00e7\u0131l\u0131\u015f\u0131nda i\u015ftirak\u0131, ictimaiyy\u0259t n\u00fcmay\u0259nd\u0259l\u0259ri, ziyal\u0131lar v\u0259 z\u0259hm\u0259tke\u015fl\u0259rl\u0259 g\u00f6r\u00fc\u015fl\u0259ri \u015f\u0259kilil\u0259rin d\u0259 xatir\u0259sind\u0259 d\u0259rin izl\u0259r burax\u0131b.<\/p>\n<p>Sah\u0259si 3700 kvadratmetr olan Heyd\u0259r \u018fliyev M\u0259rk\u0259zind\u0259 m\u00fcxt\u0259lif t\u0259dbirl\u0259rin ke\u00e7irilm\u0259si \u00fc\u00e7\u00fcn b\u00f6y\u00fck akt zal\u0131 yarad\u0131l\u0131b. Son ill\u0259rd\u0259 respublikam\u0131zda f\u0259aliyy\u0259t g\u00f6st\u0259r\u0259n Heyd\u0259r \u018fliyev m\u0259rk\u0259zl\u0259rind\u0259 yeni ail\u0259 quran g\u0259ncl\u0259rin nikah m\u0259rasiml\u0259rinin t\u0259\u015fkili kimi xo\u015fm\u0259raml\u0131 t\u0259dbirl\u0259r d\u0259 ke\u00e7irilir. \u015e\u0259kid\u0259ki Heyd\u0259r \u018fliyev M\u0259rk\u0259zind\u0259 d\u0259 bu m\u0259qs\u0259dl\u0259 m\u00fcvafiq \u015f\u0259rait yarad\u0131l\u0131b. M\u0259rk\u0259zd\u0259 komp\u00fcterl\u0259r v\u0259 dig\u0259r m\u00fcasir avadanl\u0131qla t\u0259chiz olunan xidm\u0259ti otaqlar f\u0259aliyy\u0259t g\u00f6st\u0259r\u0259c\u0259k. M\u00fcxt\u0259lif t\u0259yinatl\u0131 b\u00f6lm\u0259l\u0259rd\u0259n ibar\u0259t olan xarici dill\u0259rin t\u0259drisi ota\u011f\u0131, 20 v\u0259 60 yerlik iclas zallar\u0131, r\u0259sm v\u0259 foto studiyalar\u0131, elektron kitabxana, komp\u00fcter, r\u0259qs, intellektual oyun d\u0259rn\u0259kl\u0259ri f\u0259aliyy\u0259t g\u00f6st\u0259r\u0259c\u0259k. Burada m\u00fcxt\u0259lif t\u0259dbirl\u0259rin ke\u00e7irilm\u0259si \u00fc\u00e7\u00fcn d\u0259 laz\u0131mi \u015f\u0259rait yarad\u0131l\u0131b.<\/p>\n<p>M\u0259rk\u0259zd\u0259, h\u0259m\u00e7inin \u015e\u0259ki \u015f\u0259h\u0259rinin 2017-ci ild\u0259n UNESCO-nun yarad\u0131c\u0131 \u015f\u0259h\u0259rl\u0259r \u015f\u0259b\u0259k\u0259sinin \u00fczv\u00fc olmas\u0131na dair x\u00fcsusi gu\u015f\u0259 yarad\u0131l\u0131b, &#8220;Yuxar\u0131 Ba\u015f&#8221; D\u00f6vl\u0259t Tarix-Memarl\u0131q Qoru\u011funun maketi qura\u015fd\u0131r\u0131l\u0131b.<\/p>\n<p>D\u00f6vl\u0259timizin ba\u015f\u00e7\u0131s\u0131na v\u0259 birinci xan\u0131ma \u015e\u0259ki rayonunun Ki\u015f k\u0259ndind\u0259ki Alban m\u0259b\u0259din\u0259 aparan dair\u0259vi avtomobil yolunun tikintisi v\u0259 yolboyu \u0259razinin abadla\u015fd\u0131r\u0131lmas\u0131 layih\u0259si bar\u0259d\u0259 d\u0259 m\u0259lumat verildi.<\/p>\n<p>M\u0259rk\u0259zd\u0259ki foto v\u0259 eksponatlar bir daha s\u00fcbut edir ki, Az\u0259rbaycan\u0131n t\u0259n\u0259zz\u00fcl d\u00f6vr\u00fcnd\u0259n inki\u015faf m\u0259rh\u0259l\u0259sin\u0259 q\u0259d\u0259m qoymas\u0131 v\u0259 indiki h\u0259rt\u0259r\u0259fli inki\u015faf\u0131, beyn\u0259lxalq n\u00fcfuzunun artmas\u0131 m\u0259hz ulu \u00f6nd\u0259r Heyd\u0259r \u018fliyevin V\u0259t\u0259n v\u0259 xalq qar\u015f\u0131s\u0131ndak\u0131 misilsiz xidm\u0259tl\u0259ri il\u0259 ba\u011fl\u0131d\u0131r. Bu c\u00fcr m\u0259rk\u0259zl\u0259r Az\u0259rbaycan\u0131n Heyd\u0259r \u018fliyev irsin\u0259 \u0259saslanan v\u0259 indi d\u0259 u\u011furla davam etdiril\u0259n davaml\u0131 inki\u015faf konsepsiyas\u0131n\u0131n mahiyy\u0259tinin ayd\u0131n \u015f\u0259kild\u0259 \u00f6yr\u0259nilm\u0259sin\u0259 real z\u0259min yarad\u0131r.<\/p>\n<div class=\"fotorama--hidden\"><\/div>\n<div class=\"article-carousel fotorama fotorama1540820555739\" data-autoplay=\"true\" data-ratio=\"660\/430\" data-width=\"100%\">\n<div class=\"fotorama__wrap fotorama__wrap--css3 fotorama__wrap--slide fotorama__wrap--toggle-arrows fotorama__wrap--no-controls\">\n<div class=\"fotorama__stage fotorama__pointer\">\n<div class=\"fotorama__stage__shaft\">\n<div class=\"fotorama__stage__frame fotorama__loaded fotorama__loaded--img\"><img class=\"fotorama__img\" src=\"https:\/\/static.president.az\/media\/W1siZiIsIjIwMTgvMTAvMjkvOHA3dGlpbm5rMF8wMDIuanBnIl0sWyJwIiwidGh1bWIiLCIxMzQweDEwMjAiXV0?sha=4e8c05e5b9eff72d\" \/><\/div>\n<div class=\"fotorama__stage__frame fotorama__loaded fotorama__loaded--img fotorama__active\"><img class=\"fotorama__img\" src=\"https:\/\/static.president.az\/media\/W1siZiIsIjIwMTgvMTAvMjkvOGtzNXBsbno1dF8wMDMuanBnIl0sWyJwIiwidGh1bWIiLCIxMzQweDEwMjAiXV0?sha=f9a94dd5e18331a2\" \/><\/div>\n<div class=\"fotorama__stage__frame fotorama__loaded fotorama__loaded--img\"><img class=\"fotorama__img\" src=\"https:\/\/static.president.az\/media\/W1siZiIsIjIwMTgvMTAvMjkvNnIzc2t3M3M1Ml8wMDQuanBnIl0sWyJwIiwidGh1bWIiLCIxMzQweDEwMjAiXV0?sha=6bbc9ffde287c86f\" \/><\/div>\n<\/div>\n<div class=\"fotorama__arr fotorama__arr--prev\" tabindex=\"0\" role=\"button\"><\/div>\n<div class=\"fotorama__arr fotorama__arr--next\" tabindex=\"0\" role=\"button\"><\/div>\n<div class=\"fotorama__video-close\"><\/div>\n<\/div>\n<div class=\"fotorama__nav-wrap\">\n<div class=\"fotorama__nav fotorama__nav--dots\">\n<div class=\"fotorama__nav__shaft\">\n<div class=\"fotorama__nav__frame fotorama__nav__frame--dot\" tabindex=\"0\" role=\"button\">\n<div class=\"fotorama__dot\"><\/div>\n<\/div>\n<div class=\"fotorama__nav__frame fotorama__nav__frame--dot\" tabindex=\"0\" role=\"button\">\n<div class=\"fotorama__dot\"><\/div>\n<\/div>\n<div class=\"fotorama__nav__frame fotorama__nav__frame--dot fotorama__active\" tabindex=\"0\" role=\"button\">\n<div class=\"fotorama__dot\"><\/div>\n<\/div>\n<div class=\"fotorama__nav__frame fotorama__nav__frame--dot\" tabindex=\"0\" role=\"button\">\n<div class=\"fotorama__dot\"><\/div>\n<\/div>\n<div class=\"fotorama__nav__frame fotorama__nav__frame--dot\" tabindex=\"0\" role=\"button\">\n<div class=\"fotorama__dot\"><\/div>\n<\/div>\n<div class=\"fotorama__nav__frame fotorama__nav__frame--dot\" tabindex=\"0\" role=\"button\">\n<div class=\"fotorama__dot\"><\/div>\n<\/div>\n<div class=\"fotorama__nav__frame fotorama__nav__frame--dot\" tabindex=\"0\" role=\"button\">\n<div class=\"fotorama__dot\"><\/div>\n<\/div>\n<div class=\"fotorama__nav__frame fotorama__nav__frame--dot\" tabindex=\"0\" role=\"button\">\n<div class=\"fotorama__dot\"><\/div>\n<\/div>\n<div class=\"fotorama__nav__frame fotorama__nav__frame--dot\" tabindex=\"0\" role=\"button\">\n<div class=\"fotorama__dot\"><\/div>\n<\/div>\n<div class=\"fotorama__nav__frame fotorama__nav__frame--dot\" tabindex=\"0\" role=\"button\">\n<div class=\"fotorama__dot\"><\/div>\n<\/div>\n<div class=\"fotorama__nav__frame fotorama__nav__frame--dot\" tabindex=\"0\" role=\"button\">\n<div class=\"fotorama__dot\"><\/div>\n<\/div>\n<div class=\"fotorama__nav__frame fotorama__nav__frame--dot\" tabindex=\"0\" role=\"button\">\n<div class=\"fotorama__dot\"><\/div>\n<\/div>\n<div class=\"fotorama__nav__frame fotorama__nav__frame--dot\" tabindex=\"0\" role=\"button\">\n<div class=\"fotorama__dot\"><\/div>\n<\/div>\n<div class=\"fotorama__nav__frame fotorama__nav__frame--dot\" tabindex=\"0\" role=\"button\">\n<div class=\"fotorama__dot\"><\/div>\n<\/div>\n<div class=\"fotorama__nav__frame fotorama__nav__frame--dot\" tabindex=\"0\" role=\"button\">\n<div class=\"fotorama__dot\"><\/div>\n<\/div>\n<div class=\"fotorama__nav__frame fotorama__nav__frame--dot\" tabindex=\"0\" role=\"button\">\n<div class=\"fotorama__dot\"><\/div>\n<\/div>\n<div class=\"fotorama__nav__frame fotorama__nav__frame--dot\" tabindex=\"0\" role=\"button\">\n<div class=\"fotorama__dot\"><\/div>\n<\/div>\n<div class=\"fotorama__nav__frame fotorama__nav__frame--dot\" tabindex=\"0\" role=\"button\">\n<div class=\"fotorama__dot\"><\/div>\n<\/div>\n<div class=\"fotorama__nav__frame fotorama__nav__frame--dot\" tabindex=\"0\" role=\"button\">\n<div class=\"fotorama__dot\"><\/div>\n<\/div>\n<\/div>\n<\/div>\n<\/div>\n<\/div>\n<\/div>\n","protected":false},"excerpt":{"rendered":"<p>ARANTV.AZ x\u0259b\u0259r verir ki, Az\u0259rbaycan Respublikas\u0131n\u0131n Prezidenti \u0130lham \u018fliyev v\u0259 birinci xan\u0131m Mehriban \u018fliyeva \u015e\u0259ki \u015f\u0259h\u0259rind\u0259 in\u015fa olunan Heyd\u0259r \u018fliyev M\u0259rk\u0259zinin a\u00e7\u0131l\u0131\u015f\u0131nda i\u015ftirak edibl\u0259r. D\u00f6vl\u0259timizin ba\u015f\u00e7\u0131s\u0131 M\u0259rk\u0259zin r\u0259mzi a\u00e7\u0131l\u0131\u015f\u0131n\u0131 bildir\u0259n lenti k\u0259sdi. \u015e\u0259kid\u0259 orijinal layih\u0259 \u0259sas\u0131nda yeni tikil\u0259n Heyd\u0259r \u018fliyev M\u0259rk\u0259zi \u00dcmummilli Liderin xatir\u0259sin\u0259 d\u0259rin ehtiram\u0131n parlaq n\u00fcmun\u0259sidir. M\u0259rk\u0259zd\u0259 Ulu \u00d6nd\u0259rin m\u0259nal\u0131 h\u0259yat\u0131 v\u0259 \u00e7ox\u015fax\u0259li f\u0259aliyy\u0259tinin m\u00fcxt\u0259lif d\u00f6vrl\u0259rini \u0259ks etdir\u0259n fotolar v\u0259 eksponatlar yer al\u0131b. Burada d\u00fcnyan\u0131n g\u00f6rk\u0259mli dahi \u015f\u0259xsiyy\u0259tl\u0259rind\u0259n olan Heyd\u0259r \u018fliyevin Az\u0259rbaycan\u0131n beyn\u0259lxalq al\u0259md\u0259 n\u00fcfuzunun m\u00f6hk\u0259ml\u0259ndirilm\u0259si, bu b\u00f6y\u00fck insan\u0131n h\u0259yata ke\u00e7irdiyi m\u0259qs\u0259dy\u00f6nl\u00fc siyas\u0259t n\u0259tic\u0259sind\u0259 m\u00fcst\u0259qilliyin ilk ill\u0259rind\u0259 \u00f6lk\u0259mizd\u0259&hellip;<\/p>\n","protected":false},"author":2,"featured_media":22028,"comment_status":"closed","ping_status":"closed","sticky":false,"template":"","format":"standard","meta":{"om_disable_all_campaigns":false,"_monsterinsights_skip_tracking":false,"_monsterinsights_sitenote_active":false,"_monsterinsights_sitenote_note":"","_monsterinsights_sitenote_category":0},"categories":[8],"tags":[],"aioseo_notices":[],"gutentor_comment":0,"rttpg_featured_image_url":{"full":["https:\/\/arantv.az\/wp-content\/uploads\/2018\/10\/004.jpg",960,512,false],"landscape":["https:\/\/arantv.az\/wp-content\/uploads\/2018\/10\/004.jpg",960,512,false],"portraits":["https:\/\/arantv.az\/wp-content\/uploads\/2018\/10\/004.jpg",960,512,false],"thumbnail":["https:\/\/arantv.az\/wp-content\/uploads\/2018\/10\/004-150x150.jpg",150,150,true],"medium":["https:\/\/arantv.az\/wp-content\/uploads\/2018\/10\/004-300x160.jpg",300,160,true],"large":["https:\/\/arantv.az\/wp-content\/uploads\/2018\/10\/004.jpg",640,341,false],"1536x1536":["https:\/\/arantv.az\/wp-content\/uploads\/2018\/10\/004.jpg",960,512,false],"2048x2048":["https:\/\/arantv.az\/wp-content\/uploads\/2018\/10\/004.jpg",960,512,false],"post-thumbnail":["https:\/\/arantv.az\/wp-content\/uploads\/2018\/10\/004-240x172.jpg",240,172,true],"advps-thumb-one":["https:\/\/arantv.az\/wp-content\/uploads\/2018\/10\/004.jpg",960,512,false]},"rttpg_author":{"display_name":"V\u00fcsal Rafiqo\u011flu","author_link":"https:\/\/arantv.az\/?author=2"},"rttpg_comment":0,"rttpg_category":"<a href=\"https:\/\/arantv.az\/?cat=8\" rel=\"category\">\u018fsas s\u0259hif\u0259<\/a>","rttpg_excerpt":"ARANTV.AZ x\u0259b\u0259r verir ki, Az\u0259rbaycan Respublikas\u0131n\u0131n Prezidenti \u0130lham \u018fliyev v\u0259 birinci xan\u0131m Mehriban \u018fliyeva \u015e\u0259ki \u015f\u0259h\u0259rind\u0259 in\u015fa olunan Heyd\u0259r \u018fliyev M\u0259rk\u0259zinin a\u00e7\u0131l\u0131\u015f\u0131nda i\u015ftirak edibl\u0259r. D\u00f6vl\u0259timizin ba\u015f\u00e7\u0131s\u0131 M\u0259rk\u0259zin r\u0259mzi a\u00e7\u0131l\u0131\u015f\u0131n\u0131 bildir\u0259n lenti k\u0259sdi. \u015e\u0259kid\u0259 orijinal layih\u0259 \u0259sas\u0131nda yeni tikil\u0259n Heyd\u0259r \u018fliyev M\u0259rk\u0259zi \u00dcmummilli Liderin xatir\u0259sin\u0259 d\u0259rin ehtiram\u0131n parlaq n\u00fcmun\u0259sidir. M\u0259rk\u0259zd\u0259 Ulu \u00d6nd\u0259rin m\u0259nal\u0131 h\u0259yat\u0131 v\u0259 \u00e7ox\u015fax\u0259li&hellip;","_links":{"self":[{"href":"https:\/\/arantv.az\/index.php?rest_route=\/wp\/v2\/posts\/22027"}],"collection":[{"href":"https:\/\/arantv.az\/index.php?rest_route=\/wp\/v2\/posts"}],"about":[{"href":"https:\/\/arantv.az\/index.php?rest_route=\/wp\/v2\/types\/post"}],"author":[{"embeddable":true,"href":"https:\/\/arantv.az\/index.php?rest_route=\/wp\/v2\/users\/2"}],"replies":[{"embeddable":true,"href":"https:\/\/arantv.az\/index.php?rest_route=%2Fwp%2Fv2%2Fcomments&post=22027"}],"version-history":[{"count":0,"href":"https:\/\/arantv.az\/index.php?rest_route=\/wp\/v2\/posts\/22027\/revisions"}],"wp:featuredmedia":[{"embeddable":true,"href":"https:\/\/arantv.az\/index.php?rest_route=\/wp\/v2\/media\/22028"}],"wp:attachment":[{"href":"https:\/\/arantv.az\/index.php?rest_route=%2Fwp%2Fv2%2Fmedia&parent=22027"}],"wp:term":[{"taxonomy":"category","embeddable":true,"href":"https:\/\/arantv.az\/index.php?rest_route=%2Fwp%2Fv2%2Fcategories&post=22027"},{"taxonomy":"post_tag","embeddable":true,"href":"https:\/\/arantv.az\/index.php?rest_route=%2Fwp%2Fv2%2Ftags&post=22027"}],"curies":[{"name":"wp","href":"https:\/\/api.w.org\/{rel}","templated":true}]}}