{"id":220400,"date":"2020-09-14T15:36:00","date_gmt":"2020-09-14T12:36:00","guid":{"rendered":"http:\/\/arantv.az\/?p=220400"},"modified":"2020-09-14T15:36:00","modified_gmt":"2020-09-14T12:36:00","slug":"bu-parkin-acilisindan-sonra-murtuza-muxtarovun-ruhu-sad-olacaq","status":"publish","type":"post","link":"https:\/\/arantv.az\/?p=220400","title":{"rendered":"\u201cBu park\u0131n a\u00e7\u0131l\u0131\u015f\u0131ndan sonra Murtuza Muxtarovun ruhu \u015fad olacaq\u201d"},"content":{"rendered":"<p><strong>Murtuza Muxtarovun n\u0259tic\u0259si v\u0259 \u018fmircan sakinl\u0259ri yeni parka g\u00f6r\u0259 minn\u0259tdarl\u0131qlar\u0131n\u0131 bildiribl\u0259r<\/strong><\/p>\n<p>&nbsp;<\/p>\n<p>\u018fmircan sakinl\u0259ri apar\u0131lan geni\u015f-miqyasl\u0131 i\u015fl\u0259r n\u0259tic\u0259sind\u0259 Murtuza Muxtarov park\u0131n yenid\u0259n qurulmas\u0131na g\u00f6r\u0259 t\u0259\u015f\u0259kk\u00fcr edibl\u0259r.<\/p>\n<p><strong>ARANTV.AZ<\/strong>-\u0131n m\u0259lumat\u0131na g\u00f6r\u0259, Murtuza muxtarovun n\u0259tic\u0259si Ziyn\u0259txan\u0131m \u018fliyeva bildirib ki, bu park\u0131n a\u00e7l\u0131\u015f\u0131ndan sonra Murtuza Muxtarovun ruhu \u015fad olacaq: &#8220;Bizim \u018fmircan\u0131m\u0131zda bu park\u0131n a\u00e7\u0131lmas\u0131n\u0131 sakinl\u0259r s\u0259brsizlikl\u0259r g\u00f6sl\u0259yirdil\u0259r ki, Murtuza Muxtarovun ad\u0131na bel\u0259 g\u00f6z\u0259l park a\u00e7\u0131ls\u0131n&#8221;.<\/p>\n<p>\u018fmircan q\u0259s\u0259b\u0259sinin sakinl\u0259ri bildiribl\u0259r ki, bura g\u0259lm\u0259k, oturmaq m\u00fcmk\u00fcn deyildi. \u0130ndi is\u0259 g\u00f6z\u0259l park, ya\u015f\u0131l\u0131q sal\u0131n\u0131b. Bunu in\u015fa ed\u0259nl\u0259r\u0259 \u00e7ox sa\u011fol deyirik. \u00c7ox \u015fad\u0131q ki, bu park\u0131 a\u00e7\u0131blar. \u018fmircan sakinl\u0259ri bura g\u0259lib burada istirah\u0259t ed\u0259c\u0259kl\u0259r.<\/p>\n<p>Qeyd ed\u0259k ki, q\u0259s\u0259b\u0259nin Cabir \u018fliyev k\u00fc\u00e7\u0259sind\u0259 yerl\u0259\u015f\u0259n ke\u00e7mi\u015f \u201c7 Qo\u00e7\u201d park\u0131 1992-ci ild\u0259 sal\u0131n\u0131b. Uzun ill\u0259r park\u0131n \u0259razisind\u0259 he\u00e7 bir t\u0259mir i\u015fl\u0259ri g\u00f6r\u00fclm\u0259yib. Q\u0259s\u0259b\u0259 sakinl\u0259rinin m\u00fcraci\u0259ti n\u0259z\u0259r\u0259 al\u0131naraq parka \u0259sl\u0259n \u018fmircandan olan, XIX \u0259srd\u0259 ilk qazma avadanl\u0131\u011f\u0131 zavodu a\u00e7an v\u0259 qazma d\u0259zgah\u0131 ixtira ed\u0259n xeyriyy\u0259\u00e7i Murtuza Muxtarovun ad\u0131 verilib, burada onun b\u00fcst\u00fc qoyulub.<\/p>\n<p>Heyd\u0259r \u018fliyev Fondunun d\u0259st\u0259yi il\u0259 iki ay \u0259rzind\u0259 burada geni\u015fmiqyasl\u0131 abadl\u0131q i\u015fl\u0259ri apar\u0131l\u0131b, g\u00f6z\u0259l v\u0259 m\u00fcasir park yarad\u0131l\u0131b.Trend<\/p>\n","protected":false},"excerpt":{"rendered":"<p>Murtuza Muxtarovun n\u0259tic\u0259si v\u0259 \u018fmircan sakinl\u0259ri yeni parka g\u00f6r\u0259 minn\u0259tdarl\u0131qlar\u0131n\u0131 bildiribl\u0259r &nbsp; \u018fmircan sakinl\u0259ri apar\u0131lan geni\u015f-miqyasl\u0131 i\u015fl\u0259r n\u0259tic\u0259sind\u0259 Murtuza Muxtarov park\u0131n yenid\u0259n qurulmas\u0131na g\u00f6r\u0259 t\u0259\u015f\u0259kk\u00fcr edibl\u0259r. ARANTV.AZ-\u0131n m\u0259lumat\u0131na g\u00f6r\u0259, Murtuza muxtarovun n\u0259tic\u0259si Ziyn\u0259txan\u0131m \u018fliyeva bildirib ki, bu park\u0131n a\u00e7l\u0131\u015f\u0131ndan sonra Murtuza Muxtarovun ruhu \u015fad olacaq: &#8220;Bizim \u018fmircan\u0131m\u0131zda bu park\u0131n a\u00e7\u0131lmas\u0131n\u0131 sakinl\u0259r s\u0259brsizlikl\u0259r g\u00f6sl\u0259yirdil\u0259r ki, Murtuza Muxtarovun ad\u0131na bel\u0259 g\u00f6z\u0259l park a\u00e7\u0131ls\u0131n&#8221;. \u018fmircan q\u0259s\u0259b\u0259sinin sakinl\u0259ri bildiribl\u0259r ki, bura g\u0259lm\u0259k, oturmaq m\u00fcmk\u00fcn deyildi. \u0130ndi is\u0259 g\u00f6z\u0259l park, ya\u015f\u0131l\u0131q sal\u0131n\u0131b. Bunu in\u015fa ed\u0259nl\u0259r\u0259 \u00e7ox sa\u011fol deyirik. \u00c7ox \u015fad\u0131q ki, bu park\u0131 a\u00e7\u0131blar. \u018fmircan&hellip;<\/p>\n","protected":false},"author":2,"featured_media":220401,"comment_status":"closed","ping_status":"closed","sticky":false,"template":"","format":"standard","meta":{"om_disable_all_campaigns":false,"_monsterinsights_skip_tracking":false,"_monsterinsights_sitenote_active":false,"_monsterinsights_sitenote_note":"","_monsterinsights_sitenote_category":0},"categories":[1],"tags":[],"aioseo_notices":[],"gutentor_comment":0,"rttpg_featured_image_url":{"full":["https:\/\/arantv.az\/wp-content\/uploads\/2020\/09\/c203e4a1160008573544396042410617618.jpg",975,540,false],"landscape":["https:\/\/arantv.az\/wp-content\/uploads\/2020\/09\/c203e4a1160008573544396042410617618.jpg",975,540,false],"portraits":["https:\/\/arantv.az\/wp-content\/uploads\/2020\/09\/c203e4a1160008573544396042410617618.jpg",975,540,false],"thumbnail":["https:\/\/arantv.az\/wp-content\/uploads\/2020\/09\/c203e4a1160008573544396042410617618-150x150.jpg",150,150,true],"medium":["https:\/\/arantv.az\/wp-content\/uploads\/2020\/09\/c203e4a1160008573544396042410617618-300x166.jpg",300,166,true],"large":["https:\/\/arantv.az\/wp-content\/uploads\/2020\/09\/c203e4a1160008573544396042410617618.jpg",640,354,false],"1536x1536":["https:\/\/arantv.az\/wp-content\/uploads\/2020\/09\/c203e4a1160008573544396042410617618.jpg",975,540,false],"2048x2048":["https:\/\/arantv.az\/wp-content\/uploads\/2020\/09\/c203e4a1160008573544396042410617618.jpg",975,540,false],"post-thumbnail":["https:\/\/arantv.az\/wp-content\/uploads\/2020\/09\/c203e4a1160008573544396042410617618-240x172.jpg",240,172,true],"advps-thumb-one":["https:\/\/arantv.az\/wp-content\/uploads\/2020\/09\/c203e4a1160008573544396042410617618.jpg",975,540,false]},"rttpg_author":{"display_name":"V\u00fcsal Rafiqo\u011flu","author_link":"https:\/\/arantv.az\/?author=2"},"rttpg_comment":0,"rttpg_category":"<a href=\"https:\/\/arantv.az\/?cat=1\" rel=\"category\">C\u0259miyy\u0259t<\/a>","rttpg_excerpt":"Murtuza Muxtarovun n\u0259tic\u0259si v\u0259 \u018fmircan sakinl\u0259ri yeni parka g\u00f6r\u0259 minn\u0259tdarl\u0131qlar\u0131n\u0131 bildiribl\u0259r &nbsp; \u018fmircan sakinl\u0259ri apar\u0131lan geni\u015f-miqyasl\u0131 i\u015fl\u0259r n\u0259tic\u0259sind\u0259 Murtuza Muxtarov park\u0131n yenid\u0259n qurulmas\u0131na g\u00f6r\u0259 t\u0259\u015f\u0259kk\u00fcr edibl\u0259r. ARANTV.AZ-\u0131n m\u0259lumat\u0131na g\u00f6r\u0259, Murtuza muxtarovun n\u0259tic\u0259si Ziyn\u0259txan\u0131m \u018fliyeva bildirib ki, bu park\u0131n a\u00e7l\u0131\u015f\u0131ndan sonra Murtuza Muxtarovun ruhu \u015fad olacaq: &#8220;Bizim \u018fmircan\u0131m\u0131zda bu park\u0131n a\u00e7\u0131lmas\u0131n\u0131 sakinl\u0259r s\u0259brsizlikl\u0259r g\u00f6sl\u0259yirdil\u0259r ki, Murtuza&hellip;","_links":{"self":[{"href":"https:\/\/arantv.az\/index.php?rest_route=\/wp\/v2\/posts\/220400"}],"collection":[{"href":"https:\/\/arantv.az\/index.php?rest_route=\/wp\/v2\/posts"}],"about":[{"href":"https:\/\/arantv.az\/index.php?rest_route=\/wp\/v2\/types\/post"}],"author":[{"embeddable":true,"href":"https:\/\/arantv.az\/index.php?rest_route=\/wp\/v2\/users\/2"}],"replies":[{"embeddable":true,"href":"https:\/\/arantv.az\/index.php?rest_route=%2Fwp%2Fv2%2Fcomments&post=220400"}],"version-history":[{"count":0,"href":"https:\/\/arantv.az\/index.php?rest_route=\/wp\/v2\/posts\/220400\/revisions"}],"wp:featuredmedia":[{"embeddable":true,"href":"https:\/\/arantv.az\/index.php?rest_route=\/wp\/v2\/media\/220401"}],"wp:attachment":[{"href":"https:\/\/arantv.az\/index.php?rest_route=%2Fwp%2Fv2%2Fmedia&parent=220400"}],"wp:term":[{"taxonomy":"category","embeddable":true,"href":"https:\/\/arantv.az\/index.php?rest_route=%2Fwp%2Fv2%2Fcategories&post=220400"},{"taxonomy":"post_tag","embeddable":true,"href":"https:\/\/arantv.az\/index.php?rest_route=%2Fwp%2Fv2%2Ftags&post=220400"}],"curies":[{"name":"wp","href":"https:\/\/api.w.org\/{rel}","templated":true}]}}