{"id":220408,"date":"2020-09-14T15:38:20","date_gmt":"2020-09-14T12:38:20","guid":{"rendered":"http:\/\/arantv.az\/?p=220408"},"modified":"2020-09-14T15:38:20","modified_gmt":"2020-09-14T12:38:20","slug":"dyp-h%c9%99r%c9%99k%c9%99t-istirakcilarina-muraci%c9%99t-etdi","status":"publish","type":"post","link":"https:\/\/arantv.az\/?p=220408","title":{"rendered":"DYP h\u0259r\u0259k\u0259t i\u015ftirak\u00e7\u0131lar\u0131na m\u00fcraci\u0259t etdi"},"content":{"rendered":"<p>Yeni d\u0259rs ilinin ba\u015flanmas\u0131 il\u0259 \u0259laq\u0259dar sentyabr ay\u0131n\u0131n 15-d\u0259 orta t\u0259hsil m\u00fc\u0259ssis\u0259l\u0259rinin yerl\u0259\u015fdiyi k\u00fc\u00e7\u0259 v\u0259 yollarda, x\u00fcsusil\u0259 d\u0259 paytaxt \u0259razisind\u0259 n\u0259qliyyat vasit\u0259l\u0259rinin v\u0259 piyadalar\u0131n h\u0259r\u0259k\u0259t intensivliyinin artaca\u011f\u0131 ehtimal olunur.<\/p>\n<p>Ba\u015f D\u00f6vl\u0259t Yol Polisi \u0130dar\u0259sind\u0259n veril\u0259n m\u0259lumata g\u00f6r\u0259, D\u0130N Ba\u015f DYP \u0130dar\u0259si h\u0259r\u0259k\u0259t i\u015ftirak\u00e7\u0131lar\u0131ndan xahi\u015f edir ki, \u015fagirdl\u0259ri m\u0259kt\u0259b\u0259 aparan valideynl\u0259r k\u00fc\u00e7\u0259 v\u0259 yollarda t\u0259hl\u00fck\u0259siz h\u0259r\u0259k\u0259t qaydalar\u0131na, \u00f6vladlar\u0131n\u0131 m\u0259kt\u0259b\u0259 avtomobill\u0259rl\u0259 aparan s\u00fcr\u00fcc\u00fcl\u0259r h\u0259min \u0259razid\u0259ki dayanma, durma v\u0259 parklanma qaydalar\u0131na, ictimai n\u0259qliyyat vasit\u0259l\u0259rind\u0259n istifad\u0259 ed\u0259n valideynl\u0259r is\u0259 t\u00f6vsiy\u0259 olunan sosial m\u0259saf\u0259ni saxlamala t\u0259n\u0259ff\u00fcs yollar\u0131n\u0131 qoruyan tibbi maskalardan istifad\u0259 qaydalar\u0131na ciddi riay\u0259t etsinl\u0259r.<\/p>\n<p>\u00dcmid edirik ki, azya\u015fl\u0131lar\u0131n t\u0259hl\u00fck\u0259sizlikl\u0259rinin t\u0259min olunmas\u0131, paytaxtda n\u0259qliyyat s\u0131xl\u0131\u011f\u0131n\u0131n yaranmamas\u0131, dig\u0259r h\u0259r\u0259k\u0259t i\u015ftirak\u00e7\u0131lar\u0131n\u0131n rahat v\u0259 fasil\u0259siz h\u0259r\u0259k\u0259tinin t\u0259min olunmas\u0131 \u00fc\u00e7\u00fcn h\u0259r bir h\u0259r\u0259k\u0259t i\u015ftirak\u00e7\u0131s\u0131 m\u00fcraci\u0259timiz\u0259 d\u00fc\u015f\u00fcn\u00fclm\u00fc\u015f \u015f\u0259kild\u0259 yana\u015facaq v\u0259 \u00fcz\u0259rin\u0259 d\u00fc\u015f\u0259n v\u0259zif\u0259ni yerin\u0259 yetirm\u0259kl\u0259 ilk d\u0259rs g\u00fcn\u00fcnd\u0259 azya\u015fl\u0131 m\u0259kt\u0259blil\u0259r\u0259 yollarda \u00e7\u0259tinlik ya\u015fatmayacaq, el\u0259c\u0259 d\u0259 polisin g\u00f6rd\u00fcy\u00fc t\u0259dbirl\u0259r\u0259 yard\u0131m\u00e7\u0131 olmaqla koronavirus (COV\u0130D-19) infeksiyas\u0131n\u0131n yay\u0131lmas\u0131n\u0131n qar\u015f\u0131s\u0131n\u0131n al\u0131nmas\u0131nda v\u0259t\u0259nda\u015fl\u0131q m\u00f6vqeyini n\u00fcmayi\u015f etdir\u0259c\u0259k.<\/p>\n","protected":false},"excerpt":{"rendered":"<p>Yeni d\u0259rs ilinin ba\u015flanmas\u0131 il\u0259 \u0259laq\u0259dar sentyabr ay\u0131n\u0131n 15-d\u0259 orta t\u0259hsil m\u00fc\u0259ssis\u0259l\u0259rinin yerl\u0259\u015fdiyi k\u00fc\u00e7\u0259 v\u0259 yollarda, x\u00fcsusil\u0259 d\u0259 paytaxt \u0259razisind\u0259 n\u0259qliyyat vasit\u0259l\u0259rinin v\u0259 piyadalar\u0131n h\u0259r\u0259k\u0259t intensivliyinin artaca\u011f\u0131 ehtimal olunur. Ba\u015f D\u00f6vl\u0259t Yol Polisi \u0130dar\u0259sind\u0259n veril\u0259n m\u0259lumata g\u00f6r\u0259, D\u0130N Ba\u015f DYP \u0130dar\u0259si h\u0259r\u0259k\u0259t i\u015ftirak\u00e7\u0131lar\u0131ndan xahi\u015f edir ki, \u015fagirdl\u0259ri m\u0259kt\u0259b\u0259 aparan valideynl\u0259r k\u00fc\u00e7\u0259 v\u0259 yollarda t\u0259hl\u00fck\u0259siz h\u0259r\u0259k\u0259t qaydalar\u0131na, \u00f6vladlar\u0131n\u0131 m\u0259kt\u0259b\u0259 avtomobill\u0259rl\u0259 aparan s\u00fcr\u00fcc\u00fcl\u0259r h\u0259min \u0259razid\u0259ki dayanma, durma v\u0259 parklanma qaydalar\u0131na, ictimai n\u0259qliyyat vasit\u0259l\u0259rind\u0259n istifad\u0259 ed\u0259n valideynl\u0259r is\u0259 t\u00f6vsiy\u0259 olunan sosial m\u0259saf\u0259ni saxlamala t\u0259n\u0259ff\u00fcs yollar\u0131n\u0131 qoruyan tibbi maskalardan istifad\u0259 qaydalar\u0131na ciddi riay\u0259t etsinl\u0259r.&hellip;<\/p>\n","protected":false},"author":2,"featured_media":138102,"comment_status":"closed","ping_status":"closed","sticky":false,"template":"","format":"standard","meta":{"om_disable_all_campaigns":false,"_monsterinsights_skip_tracking":false,"_monsterinsights_sitenote_active":false,"_monsterinsights_sitenote_note":"","_monsterinsights_sitenote_category":0},"categories":[26],"tags":[],"aioseo_notices":[],"gutentor_comment":0,"rttpg_featured_image_url":{"full":["https:\/\/arantv.az\/wp-content\/uploads\/2020\/03\/polis.png",800,450,false],"landscape":["https:\/\/arantv.az\/wp-content\/uploads\/2020\/03\/polis.png",800,450,false],"portraits":["https:\/\/arantv.az\/wp-content\/uploads\/2020\/03\/polis.png",800,450,false],"thumbnail":["https:\/\/arantv.az\/wp-content\/uploads\/2020\/03\/polis-150x150.png",150,150,true],"medium":["https:\/\/arantv.az\/wp-content\/uploads\/2020\/03\/polis-300x169.png",300,169,true],"large":["https:\/\/arantv.az\/wp-content\/uploads\/2020\/03\/polis.png",640,360,false],"1536x1536":["https:\/\/arantv.az\/wp-content\/uploads\/2020\/03\/polis.png",800,450,false],"2048x2048":["https:\/\/arantv.az\/wp-content\/uploads\/2020\/03\/polis.png",800,450,false],"post-thumbnail":["https:\/\/arantv.az\/wp-content\/uploads\/2020\/03\/polis-240x172.png",240,172,true],"advps-thumb-one":["https:\/\/arantv.az\/wp-content\/uploads\/2020\/03\/polis.png",800,450,false]},"rttpg_author":{"display_name":"V\u00fcsal Rafiqo\u011flu","author_link":"https:\/\/arantv.az\/?author=2"},"rttpg_comment":0,"rttpg_category":"<a href=\"https:\/\/arantv.az\/?cat=26\" rel=\"category\">Sosial<\/a>","rttpg_excerpt":"Yeni d\u0259rs ilinin ba\u015flanmas\u0131 il\u0259 \u0259laq\u0259dar sentyabr ay\u0131n\u0131n 15-d\u0259 orta t\u0259hsil m\u00fc\u0259ssis\u0259l\u0259rinin yerl\u0259\u015fdiyi k\u00fc\u00e7\u0259 v\u0259 yollarda, x\u00fcsusil\u0259 d\u0259 paytaxt \u0259razisind\u0259 n\u0259qliyyat vasit\u0259l\u0259rinin v\u0259 piyadalar\u0131n h\u0259r\u0259k\u0259t intensivliyinin artaca\u011f\u0131 ehtimal olunur. Ba\u015f D\u00f6vl\u0259t Yol Polisi \u0130dar\u0259sind\u0259n veril\u0259n m\u0259lumata g\u00f6r\u0259, D\u0130N Ba\u015f DYP \u0130dar\u0259si h\u0259r\u0259k\u0259t i\u015ftirak\u00e7\u0131lar\u0131ndan xahi\u015f edir ki, \u015fagirdl\u0259ri m\u0259kt\u0259b\u0259 aparan valideynl\u0259r k\u00fc\u00e7\u0259 v\u0259 yollarda t\u0259hl\u00fck\u0259siz h\u0259r\u0259k\u0259t&hellip;","_links":{"self":[{"href":"https:\/\/arantv.az\/index.php?rest_route=\/wp\/v2\/posts\/220408"}],"collection":[{"href":"https:\/\/arantv.az\/index.php?rest_route=\/wp\/v2\/posts"}],"about":[{"href":"https:\/\/arantv.az\/index.php?rest_route=\/wp\/v2\/types\/post"}],"author":[{"embeddable":true,"href":"https:\/\/arantv.az\/index.php?rest_route=\/wp\/v2\/users\/2"}],"replies":[{"embeddable":true,"href":"https:\/\/arantv.az\/index.php?rest_route=%2Fwp%2Fv2%2Fcomments&post=220408"}],"version-history":[{"count":0,"href":"https:\/\/arantv.az\/index.php?rest_route=\/wp\/v2\/posts\/220408\/revisions"}],"wp:featuredmedia":[{"embeddable":true,"href":"https:\/\/arantv.az\/index.php?rest_route=\/wp\/v2\/media\/138102"}],"wp:attachment":[{"href":"https:\/\/arantv.az\/index.php?rest_route=%2Fwp%2Fv2%2Fmedia&parent=220408"}],"wp:term":[{"taxonomy":"category","embeddable":true,"href":"https:\/\/arantv.az\/index.php?rest_route=%2Fwp%2Fv2%2Fcategories&post=220408"},{"taxonomy":"post_tag","embeddable":true,"href":"https:\/\/arantv.az\/index.php?rest_route=%2Fwp%2Fv2%2Ftags&post=220408"}],"curies":[{"name":"wp","href":"https:\/\/api.w.org\/{rel}","templated":true}]}}