{"id":220423,"date":"2020-09-14T15:43:58","date_gmt":"2020-09-14T12:43:58","guid":{"rendered":"http:\/\/arantv.az\/?p=220423"},"modified":"2020-09-14T15:43:58","modified_gmt":"2020-09-14T12:43:58","slug":"lukasenko-il%c9%99-putin-arasinda-gorus-kecirilib","status":"publish","type":"post","link":"https:\/\/arantv.az\/?p=220423","title":{"rendered":"Luka\u015fenko il\u0259 Putin aras\u0131nda g\u00f6r\u00fc\u015f ke\u00e7irilib"},"content":{"rendered":"<p><strong>Belarus Prezidenti Aleksandr Luka\u015fenko Rusiyaya s\u0259f\u0259r edib.<\/strong><\/p>\n<p><strong>ARANTV.AZ<\/strong>\u00a0<a href=\"http:\/\/az.trend.az\/\" target=\"_blank\" rel=\"noopener\">Trend<\/a>-\u0259 istinad\u0259n bildirir ki, bu, onun avqustda prezident se\u00e7kil\u0259rind\u0259 qalib g\u0259ldikd\u0259n sonra ilk xarici s\u0259f\u0259ridir.<\/p>\n<p>Haz\u0131rda So\u00e7i \u015f\u0259h\u0259rind\u0259 A.Luka\u015fenko il\u0259 rusiyal\u0131 h\u0259mkar\u0131 Vladimir Putin aras\u0131nda dan\u0131\u015fqlar ke\u00e7irilir.<\/p>\n<p>Dan\u0131\u015f\u0131qlar zaman\u0131 ikit\u0259r\u0259fli strateji t\u0259r\u0259fda\u015fl\u0131q v\u0259 m\u00fctt\u0259fiqlik m\u0259s\u0259l\u0259l\u0259ri m\u00fczakir\u0259 olunub.<\/p>\n","protected":false},"excerpt":{"rendered":"<p>Belarus Prezidenti Aleksandr Luka\u015fenko Rusiyaya s\u0259f\u0259r edib. ARANTV.AZ\u00a0Trend-\u0259 istinad\u0259n bildirir ki, bu, onun avqustda prezident se\u00e7kil\u0259rind\u0259 qalib g\u0259ldikd\u0259n sonra ilk xarici s\u0259f\u0259ridir. Haz\u0131rda So\u00e7i \u015f\u0259h\u0259rind\u0259 A.Luka\u015fenko il\u0259 rusiyal\u0131 h\u0259mkar\u0131 Vladimir Putin aras\u0131nda dan\u0131\u015fqlar ke\u00e7irilir. Dan\u0131\u015f\u0131qlar zaman\u0131 ikit\u0259r\u0259fli strateji t\u0259r\u0259fda\u015fl\u0131q v\u0259 m\u00fctt\u0259fiqlik m\u0259s\u0259l\u0259l\u0259ri m\u00fczakir\u0259 olunub.<\/p>\n","protected":false},"author":2,"featured_media":220424,"comment_status":"closed","ping_status":"closed","sticky":false,"template":"","format":"standard","meta":{"om_disable_all_campaigns":false,"_monsterinsights_skip_tracking":false,"_monsterinsights_sitenote_active":false,"_monsterinsights_sitenote_note":"","_monsterinsights_sitenote_category":0},"categories":[7],"tags":[],"aioseo_notices":[],"gutentor_comment":0,"rttpg_featured_image_url":{"full":["https:\/\/arantv.az\/wp-content\/uploads\/2020\/09\/lukasenko_putin.jpg",660,407,false],"landscape":["https:\/\/arantv.az\/wp-content\/uploads\/2020\/09\/lukasenko_putin.jpg",660,407,false],"portraits":["https:\/\/arantv.az\/wp-content\/uploads\/2020\/09\/lukasenko_putin.jpg",660,407,false],"thumbnail":["https:\/\/arantv.az\/wp-content\/uploads\/2020\/09\/lukasenko_putin-150x150.jpg",150,150,true],"medium":["https:\/\/arantv.az\/wp-content\/uploads\/2020\/09\/lukasenko_putin-300x185.jpg",300,185,true],"large":["https:\/\/arantv.az\/wp-content\/uploads\/2020\/09\/lukasenko_putin.jpg",640,395,false],"1536x1536":["https:\/\/arantv.az\/wp-content\/uploads\/2020\/09\/lukasenko_putin.jpg",660,407,false],"2048x2048":["https:\/\/arantv.az\/wp-content\/uploads\/2020\/09\/lukasenko_putin.jpg",660,407,false],"post-thumbnail":["https:\/\/arantv.az\/wp-content\/uploads\/2020\/09\/lukasenko_putin-240x172.jpg",240,172,true],"advps-thumb-one":["https:\/\/arantv.az\/wp-content\/uploads\/2020\/09\/lukasenko_putin.jpg",660,407,false]},"rttpg_author":{"display_name":"V\u00fcsal Rafiqo\u011flu","author_link":"https:\/\/arantv.az\/?author=2"},"rttpg_comment":0,"rttpg_category":"<a href=\"https:\/\/arantv.az\/?cat=7\" rel=\"category\">D\u00fcnya<\/a>","rttpg_excerpt":"Belarus Prezidenti Aleksandr Luka\u015fenko Rusiyaya s\u0259f\u0259r edib. ARANTV.AZ\u00a0Trend-\u0259 istinad\u0259n bildirir ki, bu, onun avqustda prezident se\u00e7kil\u0259rind\u0259 qalib g\u0259ldikd\u0259n sonra ilk xarici s\u0259f\u0259ridir. Haz\u0131rda So\u00e7i \u015f\u0259h\u0259rind\u0259 A.Luka\u015fenko il\u0259 rusiyal\u0131 h\u0259mkar\u0131 Vladimir Putin aras\u0131nda dan\u0131\u015fqlar ke\u00e7irilir. Dan\u0131\u015f\u0131qlar zaman\u0131 ikit\u0259r\u0259fli strateji t\u0259r\u0259fda\u015fl\u0131q v\u0259 m\u00fctt\u0259fiqlik m\u0259s\u0259l\u0259l\u0259ri m\u00fczakir\u0259 olunub.","_links":{"self":[{"href":"https:\/\/arantv.az\/index.php?rest_route=\/wp\/v2\/posts\/220423"}],"collection":[{"href":"https:\/\/arantv.az\/index.php?rest_route=\/wp\/v2\/posts"}],"about":[{"href":"https:\/\/arantv.az\/index.php?rest_route=\/wp\/v2\/types\/post"}],"author":[{"embeddable":true,"href":"https:\/\/arantv.az\/index.php?rest_route=\/wp\/v2\/users\/2"}],"replies":[{"embeddable":true,"href":"https:\/\/arantv.az\/index.php?rest_route=%2Fwp%2Fv2%2Fcomments&post=220423"}],"version-history":[{"count":0,"href":"https:\/\/arantv.az\/index.php?rest_route=\/wp\/v2\/posts\/220423\/revisions"}],"wp:featuredmedia":[{"embeddable":true,"href":"https:\/\/arantv.az\/index.php?rest_route=\/wp\/v2\/media\/220424"}],"wp:attachment":[{"href":"https:\/\/arantv.az\/index.php?rest_route=%2Fwp%2Fv2%2Fmedia&parent=220423"}],"wp:term":[{"taxonomy":"category","embeddable":true,"href":"https:\/\/arantv.az\/index.php?rest_route=%2Fwp%2Fv2%2Fcategories&post=220423"},{"taxonomy":"post_tag","embeddable":true,"href":"https:\/\/arantv.az\/index.php?rest_route=%2Fwp%2Fv2%2Ftags&post=220423"}],"curies":[{"name":"wp","href":"https:\/\/api.w.org\/{rel}","templated":true}]}}