{"id":220427,"date":"2020-09-14T15:44:53","date_gmt":"2020-09-14T12:44:53","guid":{"rendered":"http:\/\/arantv.az\/?p=220427"},"modified":"2020-09-14T15:44:53","modified_gmt":"2020-09-14T12:44:53","slug":"az%c9%99rbaycan-v%c9%99-iran-arasinda-d%c9%99niz-n%c9%99qliyyati-uzr%c9%99-%c9%99m%c9%99kdasliq-muzakir%c9%99-olunub","status":"publish","type":"post","link":"https:\/\/arantv.az\/?p=220427","title":{"rendered":"Az\u0259rbaycan v\u0259 \u0130ran aras\u0131nda d\u0259niz n\u0259qliyyat\u0131 \u00fczr\u0259 \u0259m\u0259kda\u015fl\u0131q m\u00fczakir\u0259 olunub"},"content":{"rendered":"<p><strong>Az\u0259rbaycan v\u0259 \u0130ran aras\u0131nda d\u0259niz n\u0259qliyyat\u0131 \u00fczr\u0259 \u0259m\u0259kda\u015fl\u0131\u011f\u0131n son v\u0259ziyy\u0259ti ara\u015fd\u0131r\u0131l\u0131b.<\/strong><\/p>\n<p><strong>ARANTV.AZ\u00a0\u00a0<\/strong><a href=\"http:\/\/az.trend.az\/\" target=\"_blank\" rel=\"noopener\">Trend<\/a>-\u0259 istinad\u0259n bildirir ki, \u0130ran\u0131n Limanlar v\u0259 D\u0259niz\u00e7ilik T\u0259\u015fkilat\u0131n\u0131n tranzit, lojistika v\u0259 m\u00fcqavil\u0259l\u0259r \u00fczr\u0259 ba\u015f idar\u0259sinin direktoru Xosrov Sarai v\u0259 N\u0259qliyyat, Rabit\u0259 v\u0259 Y\u00fcks\u0259k Texnologiyalar Nazirliyi yan\u0131nda D\u00f6vl\u0259t D\u0259niz Agentliyinin D\u0259niz T\u0259hl\u00fck\u0259sizliyi \u015f\u00f6b\u0259sinin m\u00fcdiri Vamiq R\u0259himov aras\u0131nda video-konfrans format\u0131nda iclas ke\u00e7irilib. \u0130clasda \u0130ran\u0131n Az\u0259rbaycandak\u0131 s\u0259firi Seyid Abbas Mus\u0259vi d\u0259 i\u015ftirak edib.<\/p>\n<p>\u0130clasda t\u0259r\u0259fl\u0259r iki \u00f6lk\u0259l\u0259rin limanlar\u0131 aras\u0131nda y\u00fckda\u015f\u0131malar\u0131n art\u0131r\u0131lmas\u0131n\u0131 vur\u011fulay\u0131blar.<\/p>\n<p>\u0130clasda, h\u0259m\u00e7inin limanlar \u00fczr\u0259 iki t\u0259r\u0259fi maraqland\u0131ran m\u0259s\u0259l\u0259l\u0259r, d\u0259niz \u0259m\u0259kda\u015fl\u0131\u011f\u0131n\u0131n art\u0131r\u0131lmas\u0131 \u00fczr\u0259 b\u0259zi s\u0259n\u0259dl\u0259rin ilkin m\u0259tni haqda fikir m\u00fcbadil\u0259si apar\u0131l\u0131b.<\/p>\n<p>\u0130clasda \u00e7\u0131x\u0131\u015f ed\u0259n s\u0259fir S.A.Mus\u0259vi bildirib ki, X\u0259z\u0259r d\u0259nizi s\u00fclh, dostluq v\u0259 \u0259m\u0259kda\u015fl\u0131q d\u0259nizidir. \u0130ran \u0130slam Respublikas\u0131 v\u0259 Az\u0259rbaycan Respublikas\u0131 \u00e7oxlu dini, m\u0259d\u0259ni v\u0259 tarixi ortaql\u0131qlara sahib iki X\u0259z\u0259ryan\u0131 \u00f6lk\u0259dir.<\/p>\n<p>A.Mus\u0259vinin s\u00f6zl\u0259rin\u0259 g\u00f6r\u0259, X\u0259z\u0259r d\u0259nizi iki \u00f6lk\u0259 aras\u0131nda \u0259m\u0259kda\u015fl\u0131\u011f\u0131 art\u0131rmaq \u00fc\u00e7\u00fcn says\u0131z imkan v\u0259 potensiallar yarad\u0131b6<\/p>\n<p>&#8220;\u0130ki \u00f6lk\u0259nin enerji, iqtisadi, d\u0259niz\u00e7ilik, bal\u0131q\u00e7\u0131l\u0131q, turizm, d\u0259niz elml\u0259ri v\u0259 sair\u0259 sah\u0259l\u0259rind\u0259 \u0259m\u0259kda\u015fl\u0131\u011f\u0131n s\u0259viyy\u0259sini bir ne\u00e7\u0259 d\u0259f\u0259 art\u0131rmaq olar&#8221;.<\/p>\n<p>S.A.Mus\u0259vi \u0259lav\u0259 edib ki, iki \u00f6lk\u0259 aras\u0131nda m\u00fcnasib\u0259tl\u0259rin inki\u015faf etdirilm\u0259si \u00fczr\u0259 istiqam\u0259tl\u0259rd\u0259n biri limanlar v\u0259 d\u0259niz n\u0259qliyyat\u0131 sah\u0259sidir.<\/p>\n","protected":false},"excerpt":{"rendered":"<p>Az\u0259rbaycan v\u0259 \u0130ran aras\u0131nda d\u0259niz n\u0259qliyyat\u0131 \u00fczr\u0259 \u0259m\u0259kda\u015fl\u0131\u011f\u0131n son v\u0259ziyy\u0259ti ara\u015fd\u0131r\u0131l\u0131b. ARANTV.AZ\u00a0\u00a0Trend-\u0259 istinad\u0259n bildirir ki, \u0130ran\u0131n Limanlar v\u0259 D\u0259niz\u00e7ilik T\u0259\u015fkilat\u0131n\u0131n tranzit, lojistika v\u0259 m\u00fcqavil\u0259l\u0259r \u00fczr\u0259 ba\u015f idar\u0259sinin direktoru Xosrov Sarai v\u0259 N\u0259qliyyat, Rabit\u0259 v\u0259 Y\u00fcks\u0259k Texnologiyalar Nazirliyi yan\u0131nda D\u00f6vl\u0259t D\u0259niz Agentliyinin D\u0259niz T\u0259hl\u00fck\u0259sizliyi \u015f\u00f6b\u0259sinin m\u00fcdiri Vamiq R\u0259himov aras\u0131nda video-konfrans format\u0131nda iclas ke\u00e7irilib. \u0130clasda \u0130ran\u0131n Az\u0259rbaycandak\u0131 s\u0259firi Seyid Abbas Mus\u0259vi d\u0259 i\u015ftirak edib. \u0130clasda t\u0259r\u0259fl\u0259r iki \u00f6lk\u0259l\u0259rin limanlar\u0131 aras\u0131nda y\u00fckda\u015f\u0131malar\u0131n art\u0131r\u0131lmas\u0131n\u0131 vur\u011fulay\u0131blar. \u0130clasda, h\u0259m\u00e7inin limanlar \u00fczr\u0259 iki t\u0259r\u0259fi maraqland\u0131ran m\u0259s\u0259l\u0259l\u0259r, d\u0259niz \u0259m\u0259kda\u015fl\u0131\u011f\u0131n\u0131n art\u0131r\u0131lmas\u0131 \u00fczr\u0259 b\u0259zi s\u0259n\u0259dl\u0259rin ilkin m\u0259tni haqda fikir m\u00fcbadil\u0259si&hellip;<\/p>\n","protected":false},"author":2,"featured_media":220428,"comment_status":"closed","ping_status":"closed","sticky":false,"template":"","format":"standard","meta":{"om_disable_all_campaigns":false,"_monsterinsights_skip_tracking":false,"_monsterinsights_sitenote_active":false,"_monsterinsights_sitenote_note":"","_monsterinsights_sitenote_category":0},"categories":[19],"tags":[],"aioseo_notices":[],"gutentor_comment":0,"rttpg_featured_image_url":{"full":["https:\/\/arantv.az\/wp-content\/uploads\/2020\/09\/881054.jpg",800,600,false],"landscape":["https:\/\/arantv.az\/wp-content\/uploads\/2020\/09\/881054.jpg",800,600,false],"portraits":["https:\/\/arantv.az\/wp-content\/uploads\/2020\/09\/881054.jpg",800,600,false],"thumbnail":["https:\/\/arantv.az\/wp-content\/uploads\/2020\/09\/881054-150x150.jpg",150,150,true],"medium":["https:\/\/arantv.az\/wp-content\/uploads\/2020\/09\/881054-300x225.jpg",300,225,true],"large":["https:\/\/arantv.az\/wp-content\/uploads\/2020\/09\/881054.jpg",640,480,false],"1536x1536":["https:\/\/arantv.az\/wp-content\/uploads\/2020\/09\/881054.jpg",800,600,false],"2048x2048":["https:\/\/arantv.az\/wp-content\/uploads\/2020\/09\/881054.jpg",800,600,false],"post-thumbnail":["https:\/\/arantv.az\/wp-content\/uploads\/2020\/09\/881054-240x172.jpg",240,172,true],"advps-thumb-one":["https:\/\/arantv.az\/wp-content\/uploads\/2020\/09\/881054.jpg",800,600,false]},"rttpg_author":{"display_name":"V\u00fcsal Rafiqo\u011flu","author_link":"https:\/\/arantv.az\/?author=2"},"rttpg_comment":0,"rttpg_category":"<a href=\"https:\/\/arantv.az\/?cat=19\" rel=\"category\">G\u00fcnd\u0259m<\/a>","rttpg_excerpt":"Az\u0259rbaycan v\u0259 \u0130ran aras\u0131nda d\u0259niz n\u0259qliyyat\u0131 \u00fczr\u0259 \u0259m\u0259kda\u015fl\u0131\u011f\u0131n son v\u0259ziyy\u0259ti ara\u015fd\u0131r\u0131l\u0131b. ARANTV.AZ\u00a0\u00a0Trend-\u0259 istinad\u0259n bildirir ki, \u0130ran\u0131n Limanlar v\u0259 D\u0259niz\u00e7ilik T\u0259\u015fkilat\u0131n\u0131n tranzit, lojistika v\u0259 m\u00fcqavil\u0259l\u0259r \u00fczr\u0259 ba\u015f idar\u0259sinin direktoru Xosrov Sarai v\u0259 N\u0259qliyyat, Rabit\u0259 v\u0259 Y\u00fcks\u0259k Texnologiyalar Nazirliyi yan\u0131nda D\u00f6vl\u0259t D\u0259niz Agentliyinin D\u0259niz T\u0259hl\u00fck\u0259sizliyi \u015f\u00f6b\u0259sinin m\u00fcdiri Vamiq R\u0259himov aras\u0131nda video-konfrans format\u0131nda iclas ke\u00e7irilib. \u0130clasda \u0130ran\u0131n Az\u0259rbaycandak\u0131&hellip;","_links":{"self":[{"href":"https:\/\/arantv.az\/index.php?rest_route=\/wp\/v2\/posts\/220427"}],"collection":[{"href":"https:\/\/arantv.az\/index.php?rest_route=\/wp\/v2\/posts"}],"about":[{"href":"https:\/\/arantv.az\/index.php?rest_route=\/wp\/v2\/types\/post"}],"author":[{"embeddable":true,"href":"https:\/\/arantv.az\/index.php?rest_route=\/wp\/v2\/users\/2"}],"replies":[{"embeddable":true,"href":"https:\/\/arantv.az\/index.php?rest_route=%2Fwp%2Fv2%2Fcomments&post=220427"}],"version-history":[{"count":0,"href":"https:\/\/arantv.az\/index.php?rest_route=\/wp\/v2\/posts\/220427\/revisions"}],"wp:featuredmedia":[{"embeddable":true,"href":"https:\/\/arantv.az\/index.php?rest_route=\/wp\/v2\/media\/220428"}],"wp:attachment":[{"href":"https:\/\/arantv.az\/index.php?rest_route=%2Fwp%2Fv2%2Fmedia&parent=220427"}],"wp:term":[{"taxonomy":"category","embeddable":true,"href":"https:\/\/arantv.az\/index.php?rest_route=%2Fwp%2Fv2%2Fcategories&post=220427"},{"taxonomy":"post_tag","embeddable":true,"href":"https:\/\/arantv.az\/index.php?rest_route=%2Fwp%2Fv2%2Ftags&post=220427"}],"curies":[{"name":"wp","href":"https:\/\/api.w.org\/{rel}","templated":true}]}}