{"id":220431,"date":"2020-09-14T15:48:38","date_gmt":"2020-09-14T12:48:38","guid":{"rendered":"http:\/\/arantv.az\/?p=220431"},"modified":"2020-09-14T15:48:38","modified_gmt":"2020-09-14T12:48:38","slug":"icra-bascisi-ozun%c9%99-kom%c9%99kci-t%c9%99yin-etdi","status":"publish","type":"post","link":"https:\/\/arantv.az\/?p=220431","title":{"rendered":"\u0130cra ba\u015f\u00e7\u0131s\u0131 \u00f6z\u00fcn\u0259 k\u00f6m\u0259k\u00e7i t\u0259yin etdi"},"content":{"rendered":"<p>Saatl\u0131 Rayon \u0130cra Hakimiyy\u0259tinin ba\u015f\u00e7\u0131s\u0131 Elmir Ba\u011f\u0131rov \u00f6z\u00fcn\u0259 yeni k\u00f6m\u0259k\u00e7i t\u0259yin edib.<\/p>\n<div id=\"AdviadNativeVideo0\" class=\"AdviadNativeVideo\"><\/div>\n<p>Unikal.org-un\u00a0m\u0259lumat\u0131na g\u00f6r\u0259, Elmir Ba\u011f\u0131rovun \u0259mri il\u0259, bu v\u0259zif\u0259y\u0259 \u018fzizov Ruhid Seyid\u0259zim o\u011flu t\u0259yinat al\u0131b.<\/p>\n<p>Xat\u0131rladaq ki, Elmir Ba\u011f\u0131rov avqust ay\u0131n\u0131n 24-d\u0259 Prezident \u0130lham \u018fliyevin S\u0259r\u0259ncam\u0131 il\u0259 Saatl\u0131 Rayon \u0130cra Hakimiyy\u0259tinin ba\u015f\u00e7\u0131s\u0131 t\u0259yin edilib.<\/p>\n","protected":false},"excerpt":{"rendered":"<p>Saatl\u0131 Rayon \u0130cra Hakimiyy\u0259tinin ba\u015f\u00e7\u0131s\u0131 Elmir Ba\u011f\u0131rov \u00f6z\u00fcn\u0259 yeni k\u00f6m\u0259k\u00e7i t\u0259yin edib. Unikal.org-un\u00a0m\u0259lumat\u0131na g\u00f6r\u0259, Elmir Ba\u011f\u0131rovun \u0259mri il\u0259, bu v\u0259zif\u0259y\u0259 \u018fzizov Ruhid Seyid\u0259zim o\u011flu t\u0259yinat al\u0131b. Xat\u0131rladaq ki, Elmir Ba\u011f\u0131rov avqust ay\u0131n\u0131n 24-d\u0259 Prezident \u0130lham \u018fliyevin S\u0259r\u0259ncam\u0131 il\u0259 Saatl\u0131 Rayon \u0130cra Hakimiyy\u0259tinin ba\u015f\u00e7\u0131s\u0131 t\u0259yin edilib.<\/p>\n","protected":false},"author":2,"featured_media":220432,"comment_status":"closed","ping_status":"closed","sticky":false,"template":"","format":"standard","meta":{"om_disable_all_campaigns":false,"_monsterinsights_skip_tracking":false,"_monsterinsights_sitenote_active":false,"_monsterinsights_sitenote_note":"","_monsterinsights_sitenote_category":0},"categories":[26],"tags":[],"aioseo_notices":[],"gutentor_comment":0,"rttpg_featured_image_url":{"full":["https:\/\/arantv.az\/wp-content\/uploads\/2020\/09\/266433_Zasedanie_pravitelystva_Sverdlovskoy_oblasti_Ekaterinburg_chinovnik_portfely_delovoy_stily_byurokratiya_250x0_2148.1485.274.97.jpg",620,429,false],"landscape":["https:\/\/arantv.az\/wp-content\/uploads\/2020\/09\/266433_Zasedanie_pravitelystva_Sverdlovskoy_oblasti_Ekaterinburg_chinovnik_portfely_delovoy_stily_byurokratiya_250x0_2148.1485.274.97.jpg",620,429,false],"portraits":["https:\/\/arantv.az\/wp-content\/uploads\/2020\/09\/266433_Zasedanie_pravitelystva_Sverdlovskoy_oblasti_Ekaterinburg_chinovnik_portfely_delovoy_stily_byurokratiya_250x0_2148.1485.274.97.jpg",620,429,false],"thumbnail":["https:\/\/arantv.az\/wp-content\/uploads\/2020\/09\/266433_Zasedanie_pravitelystva_Sverdlovskoy_oblasti_Ekaterinburg_chinovnik_portfely_delovoy_stily_byurokratiya_250x0_2148.1485.274.97-150x150.jpg",150,150,true],"medium":["https:\/\/arantv.az\/wp-content\/uploads\/2020\/09\/266433_Zasedanie_pravitelystva_Sverdlovskoy_oblasti_Ekaterinburg_chinovnik_portfely_delovoy_stily_byurokratiya_250x0_2148.1485.274.97-300x208.jpg",300,208,true],"large":["https:\/\/arantv.az\/wp-content\/uploads\/2020\/09\/266433_Zasedanie_pravitelystva_Sverdlovskoy_oblasti_Ekaterinburg_chinovnik_portfely_delovoy_stily_byurokratiya_250x0_2148.1485.274.97.jpg",620,429,false],"1536x1536":["https:\/\/arantv.az\/wp-content\/uploads\/2020\/09\/266433_Zasedanie_pravitelystva_Sverdlovskoy_oblasti_Ekaterinburg_chinovnik_portfely_delovoy_stily_byurokratiya_250x0_2148.1485.274.97.jpg",620,429,false],"2048x2048":["https:\/\/arantv.az\/wp-content\/uploads\/2020\/09\/266433_Zasedanie_pravitelystva_Sverdlovskoy_oblasti_Ekaterinburg_chinovnik_portfely_delovoy_stily_byurokratiya_250x0_2148.1485.274.97.jpg",620,429,false],"post-thumbnail":["https:\/\/arantv.az\/wp-content\/uploads\/2020\/09\/266433_Zasedanie_pravitelystva_Sverdlovskoy_oblasti_Ekaterinburg_chinovnik_portfely_delovoy_stily_byurokratiya_250x0_2148.1485.274.97-240x172.jpg",240,172,true],"advps-thumb-one":["https:\/\/arantv.az\/wp-content\/uploads\/2020\/09\/266433_Zasedanie_pravitelystva_Sverdlovskoy_oblasti_Ekaterinburg_chinovnik_portfely_delovoy_stily_byurokratiya_250x0_2148.1485.274.97.jpg",620,429,false]},"rttpg_author":{"display_name":"V\u00fcsal Rafiqo\u011flu","author_link":"https:\/\/arantv.az\/?author=2"},"rttpg_comment":0,"rttpg_category":"<a href=\"https:\/\/arantv.az\/?cat=26\" rel=\"category\">Sosial<\/a>","rttpg_excerpt":"Saatl\u0131 Rayon \u0130cra Hakimiyy\u0259tinin ba\u015f\u00e7\u0131s\u0131 Elmir Ba\u011f\u0131rov \u00f6z\u00fcn\u0259 yeni k\u00f6m\u0259k\u00e7i t\u0259yin edib. Unikal.org-un\u00a0m\u0259lumat\u0131na g\u00f6r\u0259, Elmir Ba\u011f\u0131rovun \u0259mri il\u0259, bu v\u0259zif\u0259y\u0259 \u018fzizov Ruhid Seyid\u0259zim o\u011flu t\u0259yinat al\u0131b. Xat\u0131rladaq ki, Elmir Ba\u011f\u0131rov avqust ay\u0131n\u0131n 24-d\u0259 Prezident \u0130lham \u018fliyevin S\u0259r\u0259ncam\u0131 il\u0259 Saatl\u0131 Rayon \u0130cra Hakimiyy\u0259tinin ba\u015f\u00e7\u0131s\u0131 t\u0259yin edilib.","_links":{"self":[{"href":"https:\/\/arantv.az\/index.php?rest_route=\/wp\/v2\/posts\/220431"}],"collection":[{"href":"https:\/\/arantv.az\/index.php?rest_route=\/wp\/v2\/posts"}],"about":[{"href":"https:\/\/arantv.az\/index.php?rest_route=\/wp\/v2\/types\/post"}],"author":[{"embeddable":true,"href":"https:\/\/arantv.az\/index.php?rest_route=\/wp\/v2\/users\/2"}],"replies":[{"embeddable":true,"href":"https:\/\/arantv.az\/index.php?rest_route=%2Fwp%2Fv2%2Fcomments&post=220431"}],"version-history":[{"count":0,"href":"https:\/\/arantv.az\/index.php?rest_route=\/wp\/v2\/posts\/220431\/revisions"}],"wp:featuredmedia":[{"embeddable":true,"href":"https:\/\/arantv.az\/index.php?rest_route=\/wp\/v2\/media\/220432"}],"wp:attachment":[{"href":"https:\/\/arantv.az\/index.php?rest_route=%2Fwp%2Fv2%2Fmedia&parent=220431"}],"wp:term":[{"taxonomy":"category","embeddable":true,"href":"https:\/\/arantv.az\/index.php?rest_route=%2Fwp%2Fv2%2Fcategories&post=220431"},{"taxonomy":"post_tag","embeddable":true,"href":"https:\/\/arantv.az\/index.php?rest_route=%2Fwp%2Fv2%2Ftags&post=220431"}],"curies":[{"name":"wp","href":"https:\/\/api.w.org\/{rel}","templated":true}]}}