{"id":22050,"date":"2018-10-30T08:22:46","date_gmt":"2018-10-30T05:22:46","guid":{"rendered":"http:\/\/arantv.az\/?p=22050"},"modified":"2018-10-30T08:22:46","modified_gmt":"2018-10-30T05:22:46","slug":"istanbulun-yeni-hava-limaninin-acilis-m%c9%99rasimi-kecirilib","status":"publish","type":"post","link":"https:\/\/arantv.az\/?p=22050","title":{"rendered":"\u0130stanbulun yeni hava liman\u0131n\u0131n a\u00e7\u0131l\u0131\u015f m\u0259rasimi ke\u00e7irilib"},"content":{"rendered":"<p><strong>ARANTV.AZ<\/strong> x\u0259b\u0259r verir ki, oktyabr\u0131n 29-da, T\u00fcrkiy\u0259 C\u00fcmhuriyy\u0259tinin elan edilm\u0259sinin 95-ci ild\u00f6n\u00fcm\u00fc g\u00fcn\u00fcnd\u0259 \u0130stanbulda yeni in\u015fa olunmu\u015f hava liman\u0131n\u0131n a\u00e7\u0131l\u0131\u015f m\u0259rasimi ke\u00e7irilib.<\/p>\n<p>M\u0259rasimd\u0259 Az\u0259rbaycan\u0131 Milli M\u0259clisin s\u0259dri Oqtay \u018fs\u0259dovun r\u0259hb\u0259rlik etdiyi n\u00fcmay\u0259nd\u0259 hey\u0259ti t\u0259msil edib.<\/p>\n<p>A\u00e7\u0131l\u0131\u015f m\u0259rasimind\u0259 Pakistan Prezidenti Arif Alvi, Q\u0131r\u011f\u0131z\u0131stan Prezidenti Sooronbay Jeenbekov, Albaniya Prezidenti \u0130lir Meta, Q\u0259t\u0259rin \u018fmiri \u015eeyx T\u0259mim bin H\u0259m\u0259d Al Tani, Moldova Prezidenti \u0130qor Dodon v\u0259 ba\u015fqalar\u0131 i\u015ftirak edibl\u0259r.<\/p>\n<p>\u018fvv\u0259lc\u0259 T\u00fcrkiy\u0259nin d\u00f6vl\u0259t himni s\u0259sl\u0259ndirilib, \u015f\u0259hidl\u0259rin xatir\u0259si bir d\u0259qiq\u0259lik s\u00fckutla yad olunub.<\/p>\n<p>Sonra Prezident R\u0259c\u0259b Tayyib \u018frdo\u011fan v\u0259 T\u00fcrkiy\u0259 B\u00f6y\u00fck Mill\u0259t M\u0259clisinin (TBMM) s\u0259dri Bin\u0259li Y\u0131ld\u0131r\u0131m \u00e7\u0131x\u0131\u015f edibl\u0259r.<\/p>\n<p>T\u00fcrkiy\u0259 C\u00fcmhuriyy\u0259tinin yarad\u0131lmas\u0131n\u0131n 95-ci ild\u00f6n\u00fcm\u00fc m\u00fcnasib\u0259til\u0259 t\u00fcrk xalq\u0131n\u0131 t\u0259brik ed\u0259n Prezident R\u0259c\u0259b Tayyib \u018frdo\u011fan \u00f6lk\u0259d\u0259 h\u0259yata ke\u00e7iril\u0259n iqtisadi layih\u0259l\u0259rd\u0259n dan\u0131\u015f\u0131b. D\u00f6vl\u0259t ba\u015f\u00e7\u0131s\u0131 qeyd edib ki, T\u00fcrkiy\u0259 tarixd\u0259 \u0259n s\u00fcr\u0259tli inki\u015faf m\u0259rh\u0259l\u0259sini ya\u015fay\u0131r. Atat\u00fcrk Hava Liman\u0131 bundan sonra da aeroport kimi f\u0259aliyy\u0259tini davam etdir\u0259c\u0259k, lakin onun k\u00f6m\u0259k\u00e7i t\u0259s\u0259rr\u00fcfatlar\u0131n\u0131n \u0259razisind\u0259 park sal\u0131nacaq. Prezident vur\u011fulay\u0131b ki, bu, sad\u0259c\u0259 hava liman\u0131 deyil, b\u00f6y\u00fck bir xalq\u0131n z\u0259f\u0259r abid\u0259sidir.<\/p>\n<p>TBMM-in s\u0259dri Bin\u0259li Y\u0131ld\u0131r\u0131m yeni hava liman\u0131n\u0131n \u0259rs\u0259y\u0259 g\u0259lm\u0259sini T\u00fcrkiy\u0259 d\u00f6vl\u0259tinin banisi Mustafa Kamal Atat\u00fcrk\u00fcn r\u0259hb\u0259rliyi il\u0259 ba\u015flanan milli-azadl\u0131q m\u00fcbariz\u0259sinin quruculuq i\u015fl\u0259ri il\u0259 davam etdirilm\u0259si kimi d\u0259y\u0259rl\u0259ndirib. O qeyd edib ki, bu m\u00f6ht\u0259\u015f\u0259m hava liman\u0131 T\u00fcrkiy\u0259 xalq\u0131n\u0131n b\u00f6y\u00fck m\u0259d\u0259niyy\u0259tinin g\u00f6st\u0259ricisidir.<\/p>\n<p>T\u00fcrkiy\u0259nin n\u0259qliyyat v\u0259 kommunikasiya naziri Cahit Turan v\u0259 \u201c\u00c7engiz \u0130n\u015faat\u201d \u015firk\u0259tinin sahibi \u00c7engiz Y\u0131lmaz \u0130stanbul aeroportunun texniki g\u00f6st\u0259ricil\u0259ri v\u0259 imkanlar\u0131ndan b\u0259hs edibl\u0259r. Bildiribl\u0259r ki, d\u00fcnyan\u0131n \u0259n b\u00f6y\u00fck v\u0259 \u0259n m\u00fcasir bu hava liman\u0131nda s\u0259rni\u015finl\u0259rin rahatl\u0131\u011f\u0131 v\u0259 t\u0259hl\u00fck\u0259sizliyi \u00fc\u00e7\u00fcn b\u00fct\u00fcn texniki imkanlar t\u0259tbiq olunub.<\/p>\n<p>Yeni hava liman\u0131ndan ilk daxili u\u00e7u\u015f Ankaraya, xarici u\u00e7u\u015f is\u0259 \u015eimali Kipr\u0259 v\u0259 Az\u0259rbaycana h\u0259yata ke\u00e7iril\u0259c\u0259k.<\/p>\n<p>Qeyd ed\u0259k ki, 76,5 milyon kvadratmetrlik \u0259razini \u0259hat\u0259 ed\u0259n yeni aeroportun birinci hiss\u0259sinin tikintisin\u0259 6 milyard avro s\u0259rmay\u0259 yat\u0131r\u0131l\u0131b. Bu hiss\u0259 il \u0259rzind\u0259 90 milyon s\u0259rni\u015fin\u0259 xidm\u0259t g\u00f6st\u0259r\u0259c\u0259k.<\/p>\n<p>\u0130stanbul aeroportunun tikintisinin 2028-ci il\u0259d\u0259k tamamlanmas\u0131 n\u0259z\u0259rd\u0259 tutulur. Aeroport tam istifad\u0259y\u0259 verildikd\u0259n sonra h\u0259r g\u00fcn 2 min t\u0259yyar\u0259 q\u0259bul ed\u0259c\u0259k v\u0259 yola salacaq. 350 istiqam\u0259t\u0259 u\u00e7u\u015flar\u0131 h\u0259yata ke\u00e7ir\u0259c\u0259k hava liman\u0131 d\u00fcnyan\u0131n 250 avia\u015firk\u0259tin\u0259 xidm\u0259t g\u00f6st\u0259r\u0259c\u0259k.<\/p>\n<p>A\u00e7\u0131l\u0131\u015f m\u0259rasimind\u0259 geni\u015f b\u0259dii proqram t\u0259qdim olunub.<\/p>\n<p>\u201cT\u00fcrk ulduzlar\u0131\u201d aeroport \u00fcz\u0259rind\u0259 m\u00f6ht\u0259\u015f\u0259m u\u00e7u\u015flar n\u00fcmayi\u015f etdiribl\u0259r.<\/p>\n","protected":false},"excerpt":{"rendered":"<p>ARANTV.AZ x\u0259b\u0259r verir ki, oktyabr\u0131n 29-da, T\u00fcrkiy\u0259 C\u00fcmhuriyy\u0259tinin elan edilm\u0259sinin 95-ci ild\u00f6n\u00fcm\u00fc g\u00fcn\u00fcnd\u0259 \u0130stanbulda yeni in\u015fa olunmu\u015f hava liman\u0131n\u0131n a\u00e7\u0131l\u0131\u015f m\u0259rasimi ke\u00e7irilib. M\u0259rasimd\u0259 Az\u0259rbaycan\u0131 Milli M\u0259clisin s\u0259dri Oqtay \u018fs\u0259dovun r\u0259hb\u0259rlik etdiyi n\u00fcmay\u0259nd\u0259 hey\u0259ti t\u0259msil edib. A\u00e7\u0131l\u0131\u015f m\u0259rasimind\u0259 Pakistan Prezidenti Arif Alvi, Q\u0131r\u011f\u0131z\u0131stan Prezidenti Sooronbay Jeenbekov, Albaniya Prezidenti \u0130lir Meta, Q\u0259t\u0259rin \u018fmiri \u015eeyx T\u0259mim bin H\u0259m\u0259d Al Tani, Moldova Prezidenti \u0130qor Dodon v\u0259 ba\u015fqalar\u0131 i\u015ftirak edibl\u0259r. \u018fvv\u0259lc\u0259 T\u00fcrkiy\u0259nin d\u00f6vl\u0259t himni s\u0259sl\u0259ndirilib, \u015f\u0259hidl\u0259rin xatir\u0259si bir d\u0259qiq\u0259lik s\u00fckutla yad olunub. Sonra Prezident R\u0259c\u0259b Tayyib \u018frdo\u011fan v\u0259 T\u00fcrkiy\u0259 B\u00f6y\u00fck Mill\u0259t M\u0259clisinin (TBMM) s\u0259dri Bin\u0259li&hellip;<\/p>\n","protected":false},"author":2,"featured_media":22051,"comment_status":"closed","ping_status":"closed","sticky":false,"template":"","format":"standard","meta":{"om_disable_all_campaigns":false,"_monsterinsights_skip_tracking":false,"_monsterinsights_sitenote_active":false,"_monsterinsights_sitenote_note":"","_monsterinsights_sitenote_category":0},"categories":[4],"tags":[],"aioseo_notices":[],"gutentor_comment":0,"rttpg_featured_image_url":{"full":["https:\/\/arantv.az\/wp-content\/uploads\/2018\/10\/utvg47e9e2k0v5n3b94spiinn6tur.jpg",976,669,false],"landscape":["https:\/\/arantv.az\/wp-content\/uploads\/2018\/10\/utvg47e9e2k0v5n3b94spiinn6tur.jpg",976,669,false],"portraits":["https:\/\/arantv.az\/wp-content\/uploads\/2018\/10\/utvg47e9e2k0v5n3b94spiinn6tur.jpg",976,669,false],"thumbnail":["https:\/\/arantv.az\/wp-content\/uploads\/2018\/10\/utvg47e9e2k0v5n3b94spiinn6tur-150x150.jpg",150,150,true],"medium":["https:\/\/arantv.az\/wp-content\/uploads\/2018\/10\/utvg47e9e2k0v5n3b94spiinn6tur-300x206.jpg",300,206,true],"large":["https:\/\/arantv.az\/wp-content\/uploads\/2018\/10\/utvg47e9e2k0v5n3b94spiinn6tur.jpg",640,439,false],"1536x1536":["https:\/\/arantv.az\/wp-content\/uploads\/2018\/10\/utvg47e9e2k0v5n3b94spiinn6tur.jpg",976,669,false],"2048x2048":["https:\/\/arantv.az\/wp-content\/uploads\/2018\/10\/utvg47e9e2k0v5n3b94spiinn6tur.jpg",976,669,false],"post-thumbnail":["https:\/\/arantv.az\/wp-content\/uploads\/2018\/10\/utvg47e9e2k0v5n3b94spiinn6tur-240x172.jpg",240,172,true],"advps-thumb-one":["https:\/\/arantv.az\/wp-content\/uploads\/2018\/10\/utvg47e9e2k0v5n3b94spiinn6tur-976x620.jpg",976,620,true]},"rttpg_author":{"display_name":"V\u00fcsal Rafiqo\u011flu","author_link":"https:\/\/arantv.az\/?author=2"},"rttpg_comment":0,"rttpg_category":"<a href=\"https:\/\/arantv.az\/?cat=4\" rel=\"category\">Siyas\u0259t<\/a>","rttpg_excerpt":"ARANTV.AZ x\u0259b\u0259r verir ki, oktyabr\u0131n 29-da, T\u00fcrkiy\u0259 C\u00fcmhuriyy\u0259tinin elan edilm\u0259sinin 95-ci ild\u00f6n\u00fcm\u00fc g\u00fcn\u00fcnd\u0259 \u0130stanbulda yeni in\u015fa olunmu\u015f hava liman\u0131n\u0131n a\u00e7\u0131l\u0131\u015f m\u0259rasimi ke\u00e7irilib. M\u0259rasimd\u0259 Az\u0259rbaycan\u0131 Milli M\u0259clisin s\u0259dri Oqtay \u018fs\u0259dovun r\u0259hb\u0259rlik etdiyi n\u00fcmay\u0259nd\u0259 hey\u0259ti t\u0259msil edib. A\u00e7\u0131l\u0131\u015f m\u0259rasimind\u0259 Pakistan Prezidenti Arif Alvi, Q\u0131r\u011f\u0131z\u0131stan Prezidenti Sooronbay Jeenbekov, Albaniya Prezidenti \u0130lir Meta, Q\u0259t\u0259rin \u018fmiri \u015eeyx T\u0259mim bin H\u0259m\u0259d&hellip;","_links":{"self":[{"href":"https:\/\/arantv.az\/index.php?rest_route=\/wp\/v2\/posts\/22050"}],"collection":[{"href":"https:\/\/arantv.az\/index.php?rest_route=\/wp\/v2\/posts"}],"about":[{"href":"https:\/\/arantv.az\/index.php?rest_route=\/wp\/v2\/types\/post"}],"author":[{"embeddable":true,"href":"https:\/\/arantv.az\/index.php?rest_route=\/wp\/v2\/users\/2"}],"replies":[{"embeddable":true,"href":"https:\/\/arantv.az\/index.php?rest_route=%2Fwp%2Fv2%2Fcomments&post=22050"}],"version-history":[{"count":0,"href":"https:\/\/arantv.az\/index.php?rest_route=\/wp\/v2\/posts\/22050\/revisions"}],"wp:featuredmedia":[{"embeddable":true,"href":"https:\/\/arantv.az\/index.php?rest_route=\/wp\/v2\/media\/22051"}],"wp:attachment":[{"href":"https:\/\/arantv.az\/index.php?rest_route=%2Fwp%2Fv2%2Fmedia&parent=22050"}],"wp:term":[{"taxonomy":"category","embeddable":true,"href":"https:\/\/arantv.az\/index.php?rest_route=%2Fwp%2Fv2%2Fcategories&post=22050"},{"taxonomy":"post_tag","embeddable":true,"href":"https:\/\/arantv.az\/index.php?rest_route=%2Fwp%2Fv2%2Ftags&post=22050"}],"curies":[{"name":"wp","href":"https:\/\/api.w.org\/{rel}","templated":true}]}}