{"id":22053,"date":"2018-10-30T08:24:38","date_gmt":"2018-10-30T05:24:38","guid":{"rendered":"http:\/\/arantv.az\/?p=22053"},"modified":"2018-10-30T08:24:38","modified_gmt":"2018-10-30T05:24:38","slug":"az%c9%99rbaycan-turkiy%c9%99-v%c9%99-gurcustan-xarici-isl%c9%99r-nazirl%c9%99rinin-gorusu-kecirilib","status":"publish","type":"post","link":"https:\/\/arantv.az\/?p=22053","title":{"rendered":"Az\u0259rbaycan, T\u00fcrkiy\u0259 v\u0259 G\u00fcrc\u00fcstan Xarici \u0130\u015fl\u0259r nazirl\u0259rinin g\u00f6r\u00fc\u015f\u00fc ke\u00e7irilib"},"content":{"rendered":"<p><strong>ARANTV.AZ<\/strong> x\u0259b\u0259r verir ki, \u0130stanbulda Az\u0259rbaycan, T\u00fcrkiy\u0259 v\u0259 G\u00fcrc\u00fcstan Xarici \u0130\u015fl\u0259r nazirl\u0259rinin g\u00f6r\u00fc\u015f\u00fc ke\u00e7irilib. Bu, Az\u0259rbaycan, T\u00fcrkiy\u0259 v\u0259 G\u00fcrc\u00fcstan xarici i\u015fl\u0259r nazirl\u0259rinin 7- ci \u00fc\u00e7t\u0259r\u0259fli g\u00f6r\u00fc\u015f\u00fcd\u00fcr.<\/p>\n<p>T\u00fcrkiy\u0259, G\u00fcrc\u00fcstan v\u0259 Az\u0259rbaycan Xarici i\u015fl\u0259r nazirl\u0259ri-Elmar M\u0259mm\u0259dyarov, M\u00f6vlud \u00c7avu\u015fo\u011flu v\u0259 David Zalkalianinin \u00fc\u00e7t\u0259r\u0259fli g\u00f6r\u00fc\u015f\u00fc \u0130stanbulun tarixi Dolmabax\u015fa saray\u0131nda ke\u00e7irildi. Regional \u0259m\u0259kda\u015fl\u0131\u011f\u0131n \u00fcmumi maraqlar \u00fczr\u0259 inki\u015faf perspektivl\u0259ri, regional sabitlik v\u0259 t\u0259hl\u00fck\u0259sizliyin m\u00f6hk\u0259ml\u0259ndirilm\u0259si, h\u0259m\u00e7inin bundan \u0259vv\u0259lki g\u00f6r\u00fc\u015fl\u0259rd\u0259 q\u0259bul olunan q\u0259rarlar\u0131n icra v\u0259ziyy\u0259ti m\u00fczakir\u0259 edildi. G\u00f6r\u00fc\u015f\u00fcn n\u0259tic\u0259si olaraq\u00a0 \u0130stanbul B\u0259yannam\u0259si imzaland\u0131. G\u00f6r\u00fc\u015f\u00fcn yekunlar\u0131 il\u0259 ba\u011fl\u0131 ke\u00e7ril\u0259n m\u0259tbuat konfrans\u0131nda M\u00f6vlud Cavu\u015fo\u011flu bildirdi ki, t\u0259r\u0259fl\u0259r birg\u0259 h\u0259yata ke\u00e7iril\u0259n iqtisadi layih\u0259l\u0259rin \u0259h\u0259miyy\u0259ti, g\u00fcnd\u0259likd\u0259 duran dig\u0259r m\u0259s\u0259l\u0259l\u0259r \u0259traf\u0131nda fikir m\u00fcbadil\u0259si apar\u0131blar. Elmar M\u0259mm\u0259dyarov Az\u0259rbaycan, T\u00fcrkiy\u0259 v\u0259 G\u00fcrc\u00fcstan\u0131n birg\u0259 h\u0259yata ke\u00e7irdikl\u0259ri enerji v\u0259 n\u0259qliyyat layih\u0259l\u0259rind\u0259n dan\u0131\u015faraq diqq\u0259t\u0259 \u00e7atd\u0131rd\u0131 ki, Bak\u0131-Tbilisi-Ceyhan, Bak\u0131-Tbilisi-Qars v\u0259 TANAP kimi layih\u0259l\u0259r b\u00f6y\u00fck bir co\u011frafiya \u00fc\u00e7\u00fcn x\u00fcsusi \u0259h\u0259miyy\u0259t da\u015f\u0131y\u0131r. David Zalkaliani is\u0259 qeyd etdi ki, \u00fc\u00e7t\u0259r\u0259fli g\u00f6r\u00fc\u015fl\u0259r \u0259m\u0259kda\u015fl\u0131\u011f\u0131n inki\u015faf\u0131n\u0131 daha da s\u00fcr\u0259tl\u0259ndirir. H\u0259r \u00fc\u00e7 \u00f6lk\u0259 s\u00fclh\u0259, sabitliy\u0259, \u0259m\u0259kda\u015fl\u0131\u011fa v\u0259 inki\u015fafa x\u00fcsusi \u0259h\u0259miyy\u0259t verir. Oktyabr\u0131n 3-d\u0259 is\u0259 \u0130stanbulda Az\u0259rbaycan, T\u00fcrkiy\u0259 v\u0259 \u0130ran xarici i\u015fl\u0259r nazirl\u0259rinin VI \u00fc\u00e7t\u0259r\u0259fli g\u00f6r\u00fc\u015f\u00fc planla\u015fd\u0131r\u0131l\u0131b.<\/p>\n","protected":false},"excerpt":{"rendered":"<p>ARANTV.AZ x\u0259b\u0259r verir ki, \u0130stanbulda Az\u0259rbaycan, T\u00fcrkiy\u0259 v\u0259 G\u00fcrc\u00fcstan Xarici \u0130\u015fl\u0259r nazirl\u0259rinin g\u00f6r\u00fc\u015f\u00fc ke\u00e7irilib. Bu, Az\u0259rbaycan, T\u00fcrkiy\u0259 v\u0259 G\u00fcrc\u00fcstan xarici i\u015fl\u0259r nazirl\u0259rinin 7- ci \u00fc\u00e7t\u0259r\u0259fli g\u00f6r\u00fc\u015f\u00fcd\u00fcr. T\u00fcrkiy\u0259, G\u00fcrc\u00fcstan v\u0259 Az\u0259rbaycan Xarici i\u015fl\u0259r nazirl\u0259ri-Elmar M\u0259mm\u0259dyarov, M\u00f6vlud \u00c7avu\u015fo\u011flu v\u0259 David Zalkalianinin \u00fc\u00e7t\u0259r\u0259fli g\u00f6r\u00fc\u015f\u00fc \u0130stanbulun tarixi Dolmabax\u015fa saray\u0131nda ke\u00e7irildi. Regional \u0259m\u0259kda\u015fl\u0131\u011f\u0131n \u00fcmumi maraqlar \u00fczr\u0259 inki\u015faf perspektivl\u0259ri, regional sabitlik v\u0259 t\u0259hl\u00fck\u0259sizliyin m\u00f6hk\u0259ml\u0259ndirilm\u0259si, h\u0259m\u00e7inin bundan \u0259vv\u0259lki g\u00f6r\u00fc\u015fl\u0259rd\u0259 q\u0259bul olunan q\u0259rarlar\u0131n icra v\u0259ziyy\u0259ti m\u00fczakir\u0259 edildi. G\u00f6r\u00fc\u015f\u00fcn n\u0259tic\u0259si olaraq\u00a0 \u0130stanbul B\u0259yannam\u0259si imzaland\u0131. G\u00f6r\u00fc\u015f\u00fcn yekunlar\u0131 il\u0259 ba\u011fl\u0131 ke\u00e7ril\u0259n m\u0259tbuat konfrans\u0131nda M\u00f6vlud Cavu\u015fo\u011flu bildirdi ki, t\u0259r\u0259fl\u0259r birg\u0259 h\u0259yata ke\u00e7iril\u0259n&hellip;<\/p>\n","protected":false},"author":2,"featured_media":22054,"comment_status":"closed","ping_status":"closed","sticky":false,"template":"","format":"standard","meta":{"om_disable_all_campaigns":false,"_monsterinsights_skip_tracking":false,"_monsterinsights_sitenote_active":false,"_monsterinsights_sitenote_note":"","_monsterinsights_sitenote_category":0},"categories":[4],"tags":[],"aioseo_notices":[],"gutentor_comment":0,"rttpg_featured_image_url":{"full":["https:\/\/arantv.az\/wp-content\/uploads\/2018\/10\/utvg47e9e2k0v5n3b94spiinn6azturgur.jpg",973,669,false],"landscape":["https:\/\/arantv.az\/wp-content\/uploads\/2018\/10\/utvg47e9e2k0v5n3b94spiinn6azturgur.jpg",973,669,false],"portraits":["https:\/\/arantv.az\/wp-content\/uploads\/2018\/10\/utvg47e9e2k0v5n3b94spiinn6azturgur.jpg",973,669,false],"thumbnail":["https:\/\/arantv.az\/wp-content\/uploads\/2018\/10\/utvg47e9e2k0v5n3b94spiinn6azturgur-150x150.jpg",150,150,true],"medium":["https:\/\/arantv.az\/wp-content\/uploads\/2018\/10\/utvg47e9e2k0v5n3b94spiinn6azturgur-300x206.jpg",300,206,true],"large":["https:\/\/arantv.az\/wp-content\/uploads\/2018\/10\/utvg47e9e2k0v5n3b94spiinn6azturgur.jpg",640,440,false],"1536x1536":["https:\/\/arantv.az\/wp-content\/uploads\/2018\/10\/utvg47e9e2k0v5n3b94spiinn6azturgur.jpg",973,669,false],"2048x2048":["https:\/\/arantv.az\/wp-content\/uploads\/2018\/10\/utvg47e9e2k0v5n3b94spiinn6azturgur.jpg",973,669,false],"post-thumbnail":["https:\/\/arantv.az\/wp-content\/uploads\/2018\/10\/utvg47e9e2k0v5n3b94spiinn6azturgur-240x172.jpg",240,172,true],"advps-thumb-one":["https:\/\/arantv.az\/wp-content\/uploads\/2018\/10\/utvg47e9e2k0v5n3b94spiinn6azturgur-973x620.jpg",973,620,true]},"rttpg_author":{"display_name":"V\u00fcsal Rafiqo\u011flu","author_link":"https:\/\/arantv.az\/?author=2"},"rttpg_comment":0,"rttpg_category":"<a href=\"https:\/\/arantv.az\/?cat=4\" rel=\"category\">Siyas\u0259t<\/a>","rttpg_excerpt":"ARANTV.AZ x\u0259b\u0259r verir ki, \u0130stanbulda Az\u0259rbaycan, T\u00fcrkiy\u0259 v\u0259 G\u00fcrc\u00fcstan Xarici \u0130\u015fl\u0259r nazirl\u0259rinin g\u00f6r\u00fc\u015f\u00fc ke\u00e7irilib. Bu, Az\u0259rbaycan, T\u00fcrkiy\u0259 v\u0259 G\u00fcrc\u00fcstan xarici i\u015fl\u0259r nazirl\u0259rinin 7- ci \u00fc\u00e7t\u0259r\u0259fli g\u00f6r\u00fc\u015f\u00fcd\u00fcr. T\u00fcrkiy\u0259, G\u00fcrc\u00fcstan v\u0259 Az\u0259rbaycan Xarici i\u015fl\u0259r nazirl\u0259ri-Elmar M\u0259mm\u0259dyarov, M\u00f6vlud \u00c7avu\u015fo\u011flu v\u0259 David Zalkalianinin \u00fc\u00e7t\u0259r\u0259fli g\u00f6r\u00fc\u015f\u00fc \u0130stanbulun tarixi Dolmabax\u015fa saray\u0131nda ke\u00e7irildi. Regional \u0259m\u0259kda\u015fl\u0131\u011f\u0131n \u00fcmumi maraqlar \u00fczr\u0259 inki\u015faf perspektivl\u0259ri, regional sabitlik&hellip;","_links":{"self":[{"href":"https:\/\/arantv.az\/index.php?rest_route=\/wp\/v2\/posts\/22053"}],"collection":[{"href":"https:\/\/arantv.az\/index.php?rest_route=\/wp\/v2\/posts"}],"about":[{"href":"https:\/\/arantv.az\/index.php?rest_route=\/wp\/v2\/types\/post"}],"author":[{"embeddable":true,"href":"https:\/\/arantv.az\/index.php?rest_route=\/wp\/v2\/users\/2"}],"replies":[{"embeddable":true,"href":"https:\/\/arantv.az\/index.php?rest_route=%2Fwp%2Fv2%2Fcomments&post=22053"}],"version-history":[{"count":0,"href":"https:\/\/arantv.az\/index.php?rest_route=\/wp\/v2\/posts\/22053\/revisions"}],"wp:featuredmedia":[{"embeddable":true,"href":"https:\/\/arantv.az\/index.php?rest_route=\/wp\/v2\/media\/22054"}],"wp:attachment":[{"href":"https:\/\/arantv.az\/index.php?rest_route=%2Fwp%2Fv2%2Fmedia&parent=22053"}],"wp:term":[{"taxonomy":"category","embeddable":true,"href":"https:\/\/arantv.az\/index.php?rest_route=%2Fwp%2Fv2%2Fcategories&post=22053"},{"taxonomy":"post_tag","embeddable":true,"href":"https:\/\/arantv.az\/index.php?rest_route=%2Fwp%2Fv2%2Ftags&post=22053"}],"curies":[{"name":"wp","href":"https:\/\/api.w.org\/{rel}","templated":true}]}}