{"id":220582,"date":"2020-09-15T08:04:23","date_gmt":"2020-09-15T05:04:23","guid":{"rendered":"http:\/\/arantv.az\/?p=220582"},"modified":"2020-09-15T08:04:23","modified_gmt":"2020-09-15T05:04:23","slug":"zaqatalada-az%c9%99rpoctun-sob%c9%99l%c9%99rin%c9%99-basqin-olub","status":"publish","type":"post","link":"https:\/\/arantv.az\/?p=220582","title":{"rendered":"Zaqatalada \u201cAz\u0259rpo\u00e7t\u201dun \u015f\u00f6b\u0259l\u0259rin\u0259 basq\u0131n olub"},"content":{"rendered":"<p>Zaqatalada son iki h\u0259ft\u0259 \u0259rzind\u0259 &#8220;Az\u0259rpo\u00e7t&#8221;un iki \u015f\u00f6b\u0259sin\u0259 basq\u0131n edilib.<\/p>\n<p>Bel\u0259 ki, h\u0259r iki o\u011furluq c\u0259hdi sentyabr ay\u0131n\u0131n birinci ong\u00fcnl\u00fcy\u00fcnd\u0259 olub. \u0130lk olaraq &#8220;Az\u0259rpo\u00e7t&#8221;un Zaqatala rayon filial\u0131n\u0131n Zaqatala \u015f\u0259h\u0259ri Qalad\u00fcz\u00fc adlanan ya\u015fay\u0131\u015f massivinin po\u00e7t \u015f\u00f6b\u0259sin\u0259, daha sonra is\u0259 Yuxar\u0131 Tala k\u0259nd \u0259razisind\u0259 f\u0259ailiyy\u0259t g\u00f6st\u0259r\u0259n po\u00e7t \u015f\u00f6b\u0259sin\u0259 gec\u0259 saatlar\u0131nda n\u0259m\u0259lum \u015f\u0259xs v\u0259 yaxud \u015f\u0259xsl\u0259r t\u0259r\u0259find\u0259n basq\u0131n edilib.<\/p>\n<p>H\u0259r iki po\u00e7t \u015f\u00f6b\u0259sin\u0259 inzibati binan\u0131n p\u0259nc\u0259r\u0259sind\u0259ki d\u0259mir barmaql\u0131qlar\u0131 da\u011f\u0131tmaq yolu il\u0259 i\u00e7\u0259ri daxil olublar. Lakin onlar po\u00e7t \u015f\u00f6b\u0259l\u0259rind\u0259 olan d\u0259mir seyf\u0259 m\u00fcdaxil\u0259 ed\u0259 bilm\u0259yibl\u0259r. O\u011frular po\u00e7t \u015f\u00f6b\u0259l\u0259rinin binas\u0131ndan o\u011fruluq ed\u0259 bilm\u0259yib, binan\u0131 t\u0259rk edibl\u0259r.<\/p>\n<p>H\u0259r iki faktla ba\u011fl\u0131 Zaqatala rayon Polis \u015e\u00f6b\u0259sind\u0259 ara\u015fd\u0131rma apar\u0131l\u0131r.<\/p>\n","protected":false},"excerpt":{"rendered":"<p>Zaqatalada son iki h\u0259ft\u0259 \u0259rzind\u0259 &#8220;Az\u0259rpo\u00e7t&#8221;un iki \u015f\u00f6b\u0259sin\u0259 basq\u0131n edilib. Bel\u0259 ki, h\u0259r iki o\u011furluq c\u0259hdi sentyabr ay\u0131n\u0131n birinci ong\u00fcnl\u00fcy\u00fcnd\u0259 olub. \u0130lk olaraq &#8220;Az\u0259rpo\u00e7t&#8221;un Zaqatala rayon filial\u0131n\u0131n Zaqatala \u015f\u0259h\u0259ri Qalad\u00fcz\u00fc adlanan ya\u015fay\u0131\u015f massivinin po\u00e7t \u015f\u00f6b\u0259sin\u0259, daha sonra is\u0259 Yuxar\u0131 Tala k\u0259nd \u0259razisind\u0259 f\u0259ailiyy\u0259t g\u00f6st\u0259r\u0259n po\u00e7t \u015f\u00f6b\u0259sin\u0259 gec\u0259 saatlar\u0131nda n\u0259m\u0259lum \u015f\u0259xs v\u0259 yaxud \u015f\u0259xsl\u0259r t\u0259r\u0259find\u0259n basq\u0131n edilib. H\u0259r iki po\u00e7t \u015f\u00f6b\u0259sin\u0259 inzibati binan\u0131n p\u0259nc\u0259r\u0259sind\u0259ki d\u0259mir barmaql\u0131qlar\u0131 da\u011f\u0131tmaq yolu il\u0259 i\u00e7\u0259ri daxil olublar. Lakin onlar po\u00e7t \u015f\u00f6b\u0259l\u0259rind\u0259 olan d\u0259mir seyf\u0259 m\u00fcdaxil\u0259 ed\u0259 bilm\u0259yibl\u0259r. O\u011frular po\u00e7t \u015f\u00f6b\u0259l\u0259rinin binas\u0131ndan o\u011fruluq ed\u0259 bilm\u0259yib, binan\u0131 t\u0259rk&hellip;<\/p>\n","protected":false},"author":2,"featured_media":220583,"comment_status":"closed","ping_status":"closed","sticky":false,"template":"","format":"standard","meta":{"om_disable_all_campaigns":false,"_monsterinsights_skip_tracking":false,"_monsterinsights_sitenote_active":false,"_monsterinsights_sitenote_note":"","_monsterinsights_sitenote_category":0},"categories":[5],"tags":[],"aioseo_notices":[],"gutentor_comment":0,"rttpg_featured_image_url":{"full":["https:\/\/arantv.az\/wp-content\/uploads\/2020\/09\/ogru-1.jpg",800,600,false],"landscape":["https:\/\/arantv.az\/wp-content\/uploads\/2020\/09\/ogru-1.jpg",800,600,false],"portraits":["https:\/\/arantv.az\/wp-content\/uploads\/2020\/09\/ogru-1.jpg",800,600,false],"thumbnail":["https:\/\/arantv.az\/wp-content\/uploads\/2020\/09\/ogru-1-150x150.jpg",150,150,true],"medium":["https:\/\/arantv.az\/wp-content\/uploads\/2020\/09\/ogru-1-300x225.jpg",300,225,true],"large":["https:\/\/arantv.az\/wp-content\/uploads\/2020\/09\/ogru-1.jpg",640,480,false],"1536x1536":["https:\/\/arantv.az\/wp-content\/uploads\/2020\/09\/ogru-1.jpg",800,600,false],"2048x2048":["https:\/\/arantv.az\/wp-content\/uploads\/2020\/09\/ogru-1.jpg",800,600,false],"post-thumbnail":["https:\/\/arantv.az\/wp-content\/uploads\/2020\/09\/ogru-1-240x172.jpg",240,172,true],"advps-thumb-one":["https:\/\/arantv.az\/wp-content\/uploads\/2020\/09\/ogru-1.jpg",800,600,false]},"rttpg_author":{"display_name":"V\u00fcsal Rafiqo\u011flu","author_link":"https:\/\/arantv.az\/?author=2"},"rttpg_comment":0,"rttpg_category":"<a href=\"https:\/\/arantv.az\/?cat=5\" rel=\"category\">Hadis\u0259<\/a>","rttpg_excerpt":"Zaqatalada son iki h\u0259ft\u0259 \u0259rzind\u0259 &#8220;Az\u0259rpo\u00e7t&#8221;un iki \u015f\u00f6b\u0259sin\u0259 basq\u0131n edilib. Bel\u0259 ki, h\u0259r iki o\u011furluq c\u0259hdi sentyabr ay\u0131n\u0131n birinci ong\u00fcnl\u00fcy\u00fcnd\u0259 olub. \u0130lk olaraq &#8220;Az\u0259rpo\u00e7t&#8221;un Zaqatala rayon filial\u0131n\u0131n Zaqatala \u015f\u0259h\u0259ri Qalad\u00fcz\u00fc adlanan ya\u015fay\u0131\u015f massivinin po\u00e7t \u015f\u00f6b\u0259sin\u0259, daha sonra is\u0259 Yuxar\u0131 Tala k\u0259nd \u0259razisind\u0259 f\u0259ailiyy\u0259t g\u00f6st\u0259r\u0259n po\u00e7t \u015f\u00f6b\u0259sin\u0259 gec\u0259 saatlar\u0131nda n\u0259m\u0259lum \u015f\u0259xs v\u0259 yaxud \u015f\u0259xsl\u0259r t\u0259r\u0259find\u0259n basq\u0131n&hellip;","_links":{"self":[{"href":"https:\/\/arantv.az\/index.php?rest_route=\/wp\/v2\/posts\/220582"}],"collection":[{"href":"https:\/\/arantv.az\/index.php?rest_route=\/wp\/v2\/posts"}],"about":[{"href":"https:\/\/arantv.az\/index.php?rest_route=\/wp\/v2\/types\/post"}],"author":[{"embeddable":true,"href":"https:\/\/arantv.az\/index.php?rest_route=\/wp\/v2\/users\/2"}],"replies":[{"embeddable":true,"href":"https:\/\/arantv.az\/index.php?rest_route=%2Fwp%2Fv2%2Fcomments&post=220582"}],"version-history":[{"count":0,"href":"https:\/\/arantv.az\/index.php?rest_route=\/wp\/v2\/posts\/220582\/revisions"}],"wp:featuredmedia":[{"embeddable":true,"href":"https:\/\/arantv.az\/index.php?rest_route=\/wp\/v2\/media\/220583"}],"wp:attachment":[{"href":"https:\/\/arantv.az\/index.php?rest_route=%2Fwp%2Fv2%2Fmedia&parent=220582"}],"wp:term":[{"taxonomy":"category","embeddable":true,"href":"https:\/\/arantv.az\/index.php?rest_route=%2Fwp%2Fv2%2Fcategories&post=220582"},{"taxonomy":"post_tag","embeddable":true,"href":"https:\/\/arantv.az\/index.php?rest_route=%2Fwp%2Fv2%2Ftags&post=220582"}],"curies":[{"name":"wp","href":"https:\/\/api.w.org\/{rel}","templated":true}]}}