{"id":22059,"date":"2018-10-30T08:29:00","date_gmt":"2018-10-30T05:29:00","guid":{"rendered":"http:\/\/arantv.az\/?p=22059"},"modified":"2018-10-30T08:29:00","modified_gmt":"2018-10-30T05:29:00","slug":"isvecr%c9%99nin-t%c9%99hsil-arasdirma-v%c9%99-innovasiya-uzr%c9%99-dovl%c9%99t-katibi-ada-universitetind%c9%99-olub","status":"publish","type":"post","link":"https:\/\/arantv.az\/?p=22059","title":{"rendered":"\u0130sve\u00e7r\u0259nin t\u0259hsil, ara\u015fd\u0131rma v\u0259 innovasiya \u00fczr\u0259 d\u00f6vl\u0259t katibi ADA Universitetind\u0259 olub"},"content":{"rendered":"<p><strong>ARANTV.AZ<\/strong> x\u0259b\u0259r verir ki, Az\u0259rbaycanla \u0130sve\u00e7r\u0259 aras\u0131nda \u0259laq\u0259l\u0259r m\u00fcxt\u0259lif sah\u0259l\u0259rd\u0259, x\u00fcsusil\u0259 d\u0259 t\u0259hsil istiqam\u0259tind\u0259\u00a0 y\u00fcks\u0259l\u0259n x\u0259tl\u0259 inki\u015faf edir &#8211; dey\u0259n ADA Universitetinin rektoru Hafiz Pa\u015fayev r\u0259hb\u0259rlik etdiyi ali t\u0259hsil oca\u011f\u0131 haqq\u0131nda m\u0259lumat verdi. Onun s\u00f6zl\u0259rin\u0259 g\u00f6r\u0259, Xarici \u0130\u015fl\u0259r Nazirliyi n\u0259zdind\u0259 f\u0259aliyy\u0259t g\u00f6st\u0259r\u0259n ADA Universiteti yaln\u0131z ingilis dilind\u0259 t\u0259hsil ver\u0259n yegan\u0259 d\u00f6vl\u0259t ali t\u0259hsil m\u00fc\u0259ssis\u0259sidir. Universitetin m\u00fc\u0259llim v\u0259 t\u0259l\u0259b\u0259 hey\u0259tinin 46 m\u00fcxt\u0259lif \u00f6lk\u0259l\u0259rd\u0259n olmas\u0131 ADA-da z\u0259ngin beyn\u0259lxalq m\u00fchit yaradaraq t\u0259l\u0259b\u0259l\u0259r\u0259 apar\u0131c\u0131 t\u0259hsil t\u0259cr\u00fcb\u0259sind\u0259n yararlanmaq imkan\u0131 verir. \u0130sve\u00e7r\u0259nin T\u0259hsil, Ara\u015fd\u0131rma v\u0259 \u0130nnovasiya \u00fczr\u0259 D\u00f6vl\u0259t katibi Mauro Dell Ambrogio Az\u0259rbaycanla t\u0259hsil sah\u0259sind\u0259ki \u0259laq\u0259l\u0259ri daha da inki\u015faf etdirm\u0259k niyy\u0259tind\u0259 olduqlar\u0131n\u0131 qeyd etdi. Onu da vur\u011fulad\u0131 ki, \u0130sve\u00e7r\u0259d\u0259 orta v\u0259 ali t\u0259hsil sistemi d\u00fcnyan\u0131n \u0259n inki\u015faf etmi\u015f modell\u0259rind\u0259n hesab olunur.<\/p>\n<p>Qonaq sonra Az\u0259rbaycan-Frans\u0131z Universitetinin f\u0259aliyy\u0259til\u0259 tan\u0131\u015f oldu. Burda t\u0259l\u0259b\u0259l\u0259r \u00fc\u00e7\u00fcn \u201c\u0130sve\u00e7r\u0259: t\u0259hsild\u0259n innovasiyaya\u201d adl\u0131 m\u0259ruz\u0259 il\u0259 \u00e7\u0131x\u0131\u015f etdi. Mauro Dell Ambrogio Bak\u0131da ke\u00e7irdiyi g\u00f6r\u00fc\u015fl\u0259rin onda xo\u015f t\u0259\u0259ss\u00fcrat yaratd\u0131g\u0131n\u0131 s\u00f6yl\u0259di.<\/p>\n<p>T\u0259hsil naziri Ceyhun Bayramovla\u00a0 g\u00f6r\u00fc\u015fd\u0259 is\u0259 \u0130sve\u00e7r\u0259 Konfederasiyas\u0131n\u0131n d\u00f6vl\u0259t katibi\u00a0 Mauro Dell\u2019Ambrogio iki \u00f6lk\u0259 aras\u0131nda ali v\u0259 pe\u015f\u0259 t\u0259hsili sah\u0259sind\u0259 \u0259laq\u0259l\u0259rin m\u00f6vcud v\u0259ziyy\u0259ti, apar\u0131lan islahatlar v\u0259 inki\u015faf perspektivl\u0259ri m\u00fczakir\u0259 edildi. Qonaq vur\u011fulad\u0131 ki, elm, t\u0259hsil sah\u0259sind\u0259 yarad\u0131lacaq \u0259m\u0259kda\u015fl\u0131q g\u0259ncl\u0259rin potensiallar\u0131n\u0131 g\u00f6st\u0259rm\u0259y\u0259 geni\u015f imkanlar a\u00e7acaq. Nazir yarad\u0131lacaq \u0259m\u0259kda\u015fl\u0131g\u0131n h\u0259r iki t\u0259r\u0259f \u00fc\u00e7\u00fcn faydal\u0131 olacag\u0131n\u0131 dedi.<\/p>\n","protected":false},"excerpt":{"rendered":"<p>ARANTV.AZ x\u0259b\u0259r verir ki, Az\u0259rbaycanla \u0130sve\u00e7r\u0259 aras\u0131nda \u0259laq\u0259l\u0259r m\u00fcxt\u0259lif sah\u0259l\u0259rd\u0259, x\u00fcsusil\u0259 d\u0259 t\u0259hsil istiqam\u0259tind\u0259\u00a0 y\u00fcks\u0259l\u0259n x\u0259tl\u0259 inki\u015faf edir &#8211; dey\u0259n ADA Universitetinin rektoru Hafiz Pa\u015fayev r\u0259hb\u0259rlik etdiyi ali t\u0259hsil oca\u011f\u0131 haqq\u0131nda m\u0259lumat verdi. Onun s\u00f6zl\u0259rin\u0259 g\u00f6r\u0259, Xarici \u0130\u015fl\u0259r Nazirliyi n\u0259zdind\u0259 f\u0259aliyy\u0259t g\u00f6st\u0259r\u0259n ADA Universiteti yaln\u0131z ingilis dilind\u0259 t\u0259hsil ver\u0259n yegan\u0259 d\u00f6vl\u0259t ali t\u0259hsil m\u00fc\u0259ssis\u0259sidir. Universitetin m\u00fc\u0259llim v\u0259 t\u0259l\u0259b\u0259 hey\u0259tinin 46 m\u00fcxt\u0259lif \u00f6lk\u0259l\u0259rd\u0259n olmas\u0131 ADA-da z\u0259ngin beyn\u0259lxalq m\u00fchit yaradaraq t\u0259l\u0259b\u0259l\u0259r\u0259 apar\u0131c\u0131 t\u0259hsil t\u0259cr\u00fcb\u0259sind\u0259n yararlanmaq imkan\u0131 verir. \u0130sve\u00e7r\u0259nin T\u0259hsil, Ara\u015fd\u0131rma v\u0259 \u0130nnovasiya \u00fczr\u0259 D\u00f6vl\u0259t katibi Mauro Dell Ambrogio Az\u0259rbaycanla t\u0259hsil sah\u0259sind\u0259ki \u0259laq\u0259l\u0259ri&hellip;<\/p>\n","protected":false},"author":2,"featured_media":22060,"comment_status":"closed","ping_status":"closed","sticky":false,"template":"","format":"standard","meta":{"om_disable_all_campaigns":false,"_monsterinsights_skip_tracking":false,"_monsterinsights_sitenote_active":false,"_monsterinsights_sitenote_note":"","_monsterinsights_sitenote_category":0},"categories":[1],"tags":[],"aioseo_notices":[],"gutentor_comment":0,"rttpg_featured_image_url":{"full":["https:\/\/arantv.az\/wp-content\/uploads\/2018\/10\/utvg47e9e2k0v5n3b94spiinn6ada.jpg",1000,541,false],"landscape":["https:\/\/arantv.az\/wp-content\/uploads\/2018\/10\/utvg47e9e2k0v5n3b94spiinn6ada.jpg",1000,541,false],"portraits":["https:\/\/arantv.az\/wp-content\/uploads\/2018\/10\/utvg47e9e2k0v5n3b94spiinn6ada.jpg",1000,541,false],"thumbnail":["https:\/\/arantv.az\/wp-content\/uploads\/2018\/10\/utvg47e9e2k0v5n3b94spiinn6ada-150x150.jpg",150,150,true],"medium":["https:\/\/arantv.az\/wp-content\/uploads\/2018\/10\/utvg47e9e2k0v5n3b94spiinn6ada-300x162.jpg",300,162,true],"large":["https:\/\/arantv.az\/wp-content\/uploads\/2018\/10\/utvg47e9e2k0v5n3b94spiinn6ada.jpg",640,346,false],"1536x1536":["https:\/\/arantv.az\/wp-content\/uploads\/2018\/10\/utvg47e9e2k0v5n3b94spiinn6ada.jpg",1000,541,false],"2048x2048":["https:\/\/arantv.az\/wp-content\/uploads\/2018\/10\/utvg47e9e2k0v5n3b94spiinn6ada.jpg",1000,541,false],"post-thumbnail":["https:\/\/arantv.az\/wp-content\/uploads\/2018\/10\/utvg47e9e2k0v5n3b94spiinn6ada-240x172.jpg",240,172,true],"advps-thumb-one":["https:\/\/arantv.az\/wp-content\/uploads\/2018\/10\/utvg47e9e2k0v5n3b94spiinn6ada.jpg",1000,541,false]},"rttpg_author":{"display_name":"V\u00fcsal Rafiqo\u011flu","author_link":"https:\/\/arantv.az\/?author=2"},"rttpg_comment":0,"rttpg_category":"<a href=\"https:\/\/arantv.az\/?cat=1\" rel=\"category\">C\u0259miyy\u0259t<\/a>","rttpg_excerpt":"ARANTV.AZ x\u0259b\u0259r verir ki, Az\u0259rbaycanla \u0130sve\u00e7r\u0259 aras\u0131nda \u0259laq\u0259l\u0259r m\u00fcxt\u0259lif sah\u0259l\u0259rd\u0259, x\u00fcsusil\u0259 d\u0259 t\u0259hsil istiqam\u0259tind\u0259\u00a0 y\u00fcks\u0259l\u0259n x\u0259tl\u0259 inki\u015faf edir &#8211; dey\u0259n ADA Universitetinin rektoru Hafiz Pa\u015fayev r\u0259hb\u0259rlik etdiyi ali t\u0259hsil oca\u011f\u0131 haqq\u0131nda m\u0259lumat verdi. Onun s\u00f6zl\u0259rin\u0259 g\u00f6r\u0259, Xarici \u0130\u015fl\u0259r Nazirliyi n\u0259zdind\u0259 f\u0259aliyy\u0259t g\u00f6st\u0259r\u0259n ADA Universiteti yaln\u0131z ingilis dilind\u0259 t\u0259hsil ver\u0259n yegan\u0259 d\u00f6vl\u0259t ali t\u0259hsil m\u00fc\u0259ssis\u0259sidir. Universitetin&hellip;","_links":{"self":[{"href":"https:\/\/arantv.az\/index.php?rest_route=\/wp\/v2\/posts\/22059"}],"collection":[{"href":"https:\/\/arantv.az\/index.php?rest_route=\/wp\/v2\/posts"}],"about":[{"href":"https:\/\/arantv.az\/index.php?rest_route=\/wp\/v2\/types\/post"}],"author":[{"embeddable":true,"href":"https:\/\/arantv.az\/index.php?rest_route=\/wp\/v2\/users\/2"}],"replies":[{"embeddable":true,"href":"https:\/\/arantv.az\/index.php?rest_route=%2Fwp%2Fv2%2Fcomments&post=22059"}],"version-history":[{"count":0,"href":"https:\/\/arantv.az\/index.php?rest_route=\/wp\/v2\/posts\/22059\/revisions"}],"wp:featuredmedia":[{"embeddable":true,"href":"https:\/\/arantv.az\/index.php?rest_route=\/wp\/v2\/media\/22060"}],"wp:attachment":[{"href":"https:\/\/arantv.az\/index.php?rest_route=%2Fwp%2Fv2%2Fmedia&parent=22059"}],"wp:term":[{"taxonomy":"category","embeddable":true,"href":"https:\/\/arantv.az\/index.php?rest_route=%2Fwp%2Fv2%2Fcategories&post=22059"},{"taxonomy":"post_tag","embeddable":true,"href":"https:\/\/arantv.az\/index.php?rest_route=%2Fwp%2Fv2%2Ftags&post=22059"}],"curies":[{"name":"wp","href":"https:\/\/api.w.org\/{rel}","templated":true}]}}