{"id":220612,"date":"2020-09-15T08:23:56","date_gmt":"2020-09-15T05:23:56","guid":{"rendered":"http:\/\/arantv.az\/?p=220612"},"modified":"2020-09-15T08:23:56","modified_gmt":"2020-09-15T05:23:56","slug":"ilham-%c9%99liyevd%c9%99n-%c9%99rdogana-t%c9%99brik-m%c9%99ktubu-2","status":"publish","type":"post","link":"https:\/\/arantv.az\/?p=220612","title":{"rendered":"\u0130lham \u018fliyevd\u0259n \u018frdo\u011fana t\u0259brik m\u0259ktubu"},"content":{"rendered":"<p>Az\u0259rbaycan Prezidenti \u0130lham \u018fliyev T\u00fcrkiy\u0259 Respublikas\u0131n\u0131n Prezidenti R\u0259c\u0259b Tayyib \u018frdo\u011fana t\u0259brik m\u0259ktubu \u00fcnvanlay\u0131b.<\/p>\n<p><strong>ARANTV.AZ<\/strong> x\u0259b\u0259r verir ki, m\u0259ktubda deyilir:<\/p>\n<p>\u201cBu g\u00fcn biz Bak\u0131n\u0131n i\u015f\u011faldan azad edilm\u0259sinin 102-ci ild\u00f6n\u00fcm\u00fcn\u00fc qeyd edirik. H\u0259min d\u00f6vr\u00fcn \u00e7\u0259tinlikl\u0259rin\u0259 baxmayaraq qarda\u015f T\u00fcrkiy\u0259 Az\u0259rbaycandan \u00f6z yard\u0131m\u0131n\u0131 \u0259sirg\u0259m\u0259di. Nuru Pa\u015fan\u0131n r\u0259hb\u0259rliyi il\u0259 Qafqaz \u0130slam Ordusu Az\u0259rbaycana g\u0259l\u0259r\u0259k m\u00fcbariz\u0259y\u0259 qo\u015fuldu. G\u0259nc\u0259d\u0259n Bak\u0131ya q\u0259d\u0259r \u015f\u0259r\u0259fli d\u00f6y\u00fc\u015f yolu ke\u00e7\u0259n Qafqaz \u0130slam Ordusu yeni yarad\u0131lm\u0131\u015f Az\u0259rbaycan Milli Ordusu v\u0259 k\u00f6n\u00fcll\u00fcl\u0259rl\u0259 birlikd\u0259 Bak\u0131n\u0131 erm\u0259ni v\u0259 bol\u015fevik i\u015f\u011fal\u0131ndan azad etdi. Bu yolda canlar\u0131n\u0131 qurban ver\u0259n \u015f\u0259hidl\u0259rimizi d\u0259rin h\u00f6rm\u0259t v\u0259 ehtiramla yad edir\u0259m. Onlar\u0131n \u0259ziz xatir\u0259si daim bizim q\u0259lbimizd\u0259dir.<\/p>\n<div id=\"AdviadNativeVideo0\" class=\"AdviadNativeVideo\"><\/div>\n<p>Az\u0259rbaycan xalq\u0131 \u00fc\u00e7\u00fcn 15 sentyabr olduqca \u0259lam\u0259tdar bir g\u00fcnd\u00fcr. M\u0259hz h\u0259min g\u00fcn Bak\u0131 i\u015f\u011faldan azad edil\u0259r\u0259k ilk d\u0259f\u0259 m\u00fcst\u0259qil Az\u0259rbaycan d\u00f6vl\u0259tinin paytaxt\u0131 elan olundu. Bu tarixi q\u0259l\u0259b\u0259d\u0259n sonra Qafqaz \u0130slam Ordusunun v\u0259 Az\u0259rbaycan Milli Ordusunun z\u0259f\u0259r y\u00fcr\u00fc\u015f\u00fc Bak\u0131 sakinl\u0259ri t\u0259r\u0259find\u0259n b\u00f6y\u00fck co\u015fqu v\u0259 sevincl\u0259 qar\u015f\u0131land\u0131.<\/p>\n<p>\u0130ki il bundan \u0259vv\u0259l h\u0259min co\u015fqu v\u0259 sevgi Bak\u0131 k\u00fc\u00e7\u0259l\u0259rind\u0259 bir daha canland\u0131r\u0131ld\u0131. Bak\u0131n\u0131n i\u015f\u011faldan azad edilm\u0259sinin 100 illiyi m\u00fcnasib\u0259til\u0259 ke\u00e7irilmi\u015f h\u0259rbi paradda Az\u0259rbaycan v\u0259 T\u00fcrkiy\u0259 \u0259sg\u0259rl\u0259rinin i\u015ftirak\u0131n\u0131 Sizinl\u0259 birlikd\u0259 izl\u0259dik. \u015e\u00fcbh\u0259siz ki, bu tarixi hadis\u0259 h\u0259mi\u015f\u0259 yadda\u015flarda qalacaq.<\/p>\n<p>Bu g\u00fcn d\u0259 Az\u0259rbaycan-T\u00fcrkiy\u0259 qarda\u015fl\u0131\u011f\u0131 v\u0259 dostlu\u011fu b\u00fct\u00fcn d\u00fcnya \u00fc\u00e7\u00fcn bir n\u00fcmun\u0259dir. \u0130yulun 12-d\u0259 Erm\u0259nistan\u0131n Az\u0259rbaycana qar\u015f\u0131 h\u0259rbi t\u0259xribat\u0131na qarda\u015f T\u00fcrkiy\u0259 Respublikas\u0131 q\u0259ti m\u00f6vqe bildirdi. Sizin Tovuz hadis\u0259l\u0259ri il\u0259 ba\u011fl\u0131 birm\u0259nal\u0131 b\u0259yanatlar\u0131n\u0131z\u0131 Az\u0259rbaycan xalq\u0131 y\u00fcks\u0259k qiym\u0259tl\u0259ndirir. Az\u0259rbaycan da h\u0259r zaman qarda\u015f T\u00fcrkiy\u0259nin yan\u0131ndad\u0131r v\u0259 b\u00fct\u00fcn m\u0259s\u0259l\u0259l\u0259rd\u0259 \u00f6z t\u0259r\u0259dd\u00fcds\u00fcz d\u0259st\u0259yini n\u00fcmayi\u015f etdirir. Az\u0259rbaycan-T\u00fcrkiy\u0259 strateji m\u00fctt\u0259fiqliyi v\u0259 t\u0259r\u0259fda\u015fl\u0131\u011f\u0131 regionda s\u00fclh\u00fc v\u0259 t\u0259hl\u00fck\u0259sizliyi t\u0259min ed\u0259n, \u0259m\u0259kda\u015fl\u0131\u011f\u0131n inki\u015faf\u0131na t\u00f6hf\u0259 ver\u0259n m\u00fch\u00fcm amildir.<\/p>\n<p>H\u0259qiq\u0259t\u0259n d\u0259 qarda\u015f v\u0259 dost \u00f6lk\u0259l\u0259rimizin v\u0259 xalqlar\u0131m\u0131z\u0131n qar\u015f\u0131l\u0131ql\u0131 m\u00fcnasib\u0259tl\u0259ri ulu \u00f6nd\u0259r Heyd\u0259r \u018fliyevin \u201cBir mill\u0259t, iki d\u00f6vl\u0259t\u201d \u015f\u00fcar\u0131na uy\u011fun olaraq b\u00fct\u00fcn sah\u0259l\u0259rd\u0259 m\u00fcv\u0259ff\u0259qiyy\u0259tl\u0259 inki\u015faf edir v\u0259 geni\u015fl\u0259nir.<\/p>\n<p>H\u00f6rm\u0259tli c\u0259nab Prezident, Siz\u0259 m\u00f6hk\u0259m cansa\u011fl\u0131\u011f\u0131, i\u015fl\u0259rinizd\u0259 u\u011furlar, qarda\u015f T\u00fcrkiy\u0259 xalq\u0131na daim \u0259min-amanl\u0131q v\u0259 firavanl\u0131q arzulay\u0131ram\u201d.AZ\u018fRTAC<\/p>\n","protected":false},"excerpt":{"rendered":"<p>Az\u0259rbaycan Prezidenti \u0130lham \u018fliyev T\u00fcrkiy\u0259 Respublikas\u0131n\u0131n Prezidenti R\u0259c\u0259b Tayyib \u018frdo\u011fana t\u0259brik m\u0259ktubu \u00fcnvanlay\u0131b. ARANTV.AZ x\u0259b\u0259r verir ki, m\u0259ktubda deyilir: \u201cBu g\u00fcn biz Bak\u0131n\u0131n i\u015f\u011faldan azad edilm\u0259sinin 102-ci ild\u00f6n\u00fcm\u00fcn\u00fc qeyd edirik. H\u0259min d\u00f6vr\u00fcn \u00e7\u0259tinlikl\u0259rin\u0259 baxmayaraq qarda\u015f T\u00fcrkiy\u0259 Az\u0259rbaycandan \u00f6z yard\u0131m\u0131n\u0131 \u0259sirg\u0259m\u0259di. Nuru Pa\u015fan\u0131n r\u0259hb\u0259rliyi il\u0259 Qafqaz \u0130slam Ordusu Az\u0259rbaycana g\u0259l\u0259r\u0259k m\u00fcbariz\u0259y\u0259 qo\u015fuldu. G\u0259nc\u0259d\u0259n Bak\u0131ya q\u0259d\u0259r \u015f\u0259r\u0259fli d\u00f6y\u00fc\u015f yolu ke\u00e7\u0259n Qafqaz \u0130slam Ordusu yeni yarad\u0131lm\u0131\u015f Az\u0259rbaycan Milli Ordusu v\u0259 k\u00f6n\u00fcll\u00fcl\u0259rl\u0259 birlikd\u0259 Bak\u0131n\u0131 erm\u0259ni v\u0259 bol\u015fevik i\u015f\u011fal\u0131ndan azad etdi. Bu yolda canlar\u0131n\u0131 qurban ver\u0259n \u015f\u0259hidl\u0259rimizi d\u0259rin h\u00f6rm\u0259t v\u0259 ehtiramla yad edir\u0259m. Onlar\u0131n \u0259ziz&hellip;<\/p>\n","protected":false},"author":2,"featured_media":220613,"comment_status":"closed","ping_status":"closed","sticky":false,"template":"","format":"standard","meta":{"om_disable_all_campaigns":false,"_monsterinsights_skip_tracking":false,"_monsterinsights_sitenote_active":false,"_monsterinsights_sitenote_note":"","_monsterinsights_sitenote_category":0},"categories":[4],"tags":[],"aioseo_notices":[],"gutentor_comment":0,"rttpg_featured_image_url":{"full":["https:\/\/arantv.az\/wp-content\/uploads\/2020\/09\/metinaaa4.jpg",620,396,false],"landscape":["https:\/\/arantv.az\/wp-content\/uploads\/2020\/09\/metinaaa4.jpg",620,396,false],"portraits":["https:\/\/arantv.az\/wp-content\/uploads\/2020\/09\/metinaaa4.jpg",620,396,false],"thumbnail":["https:\/\/arantv.az\/wp-content\/uploads\/2020\/09\/metinaaa4-150x150.jpg",150,150,true],"medium":["https:\/\/arantv.az\/wp-content\/uploads\/2020\/09\/metinaaa4-300x192.jpg",300,192,true],"large":["https:\/\/arantv.az\/wp-content\/uploads\/2020\/09\/metinaaa4.jpg",620,396,false],"1536x1536":["https:\/\/arantv.az\/wp-content\/uploads\/2020\/09\/metinaaa4.jpg",620,396,false],"2048x2048":["https:\/\/arantv.az\/wp-content\/uploads\/2020\/09\/metinaaa4.jpg",620,396,false],"post-thumbnail":["https:\/\/arantv.az\/wp-content\/uploads\/2020\/09\/metinaaa4-240x172.jpg",240,172,true],"advps-thumb-one":["https:\/\/arantv.az\/wp-content\/uploads\/2020\/09\/metinaaa4.jpg",620,396,false]},"rttpg_author":{"display_name":"V\u00fcsal Rafiqo\u011flu","author_link":"https:\/\/arantv.az\/?author=2"},"rttpg_comment":0,"rttpg_category":"<a href=\"https:\/\/arantv.az\/?cat=4\" rel=\"category\">Siyas\u0259t<\/a>","rttpg_excerpt":"Az\u0259rbaycan Prezidenti \u0130lham \u018fliyev T\u00fcrkiy\u0259 Respublikas\u0131n\u0131n Prezidenti R\u0259c\u0259b Tayyib \u018frdo\u011fana t\u0259brik m\u0259ktubu \u00fcnvanlay\u0131b. ARANTV.AZ x\u0259b\u0259r verir ki, m\u0259ktubda deyilir: \u201cBu g\u00fcn biz Bak\u0131n\u0131n i\u015f\u011faldan azad edilm\u0259sinin 102-ci ild\u00f6n\u00fcm\u00fcn\u00fc qeyd edirik. H\u0259min d\u00f6vr\u00fcn \u00e7\u0259tinlikl\u0259rin\u0259 baxmayaraq qarda\u015f T\u00fcrkiy\u0259 Az\u0259rbaycandan \u00f6z yard\u0131m\u0131n\u0131 \u0259sirg\u0259m\u0259di. Nuru Pa\u015fan\u0131n r\u0259hb\u0259rliyi il\u0259 Qafqaz \u0130slam Ordusu Az\u0259rbaycana g\u0259l\u0259r\u0259k m\u00fcbariz\u0259y\u0259 qo\u015fuldu. G\u0259nc\u0259d\u0259n Bak\u0131ya q\u0259d\u0259r \u015f\u0259r\u0259fli&hellip;","_links":{"self":[{"href":"https:\/\/arantv.az\/index.php?rest_route=\/wp\/v2\/posts\/220612"}],"collection":[{"href":"https:\/\/arantv.az\/index.php?rest_route=\/wp\/v2\/posts"}],"about":[{"href":"https:\/\/arantv.az\/index.php?rest_route=\/wp\/v2\/types\/post"}],"author":[{"embeddable":true,"href":"https:\/\/arantv.az\/index.php?rest_route=\/wp\/v2\/users\/2"}],"replies":[{"embeddable":true,"href":"https:\/\/arantv.az\/index.php?rest_route=%2Fwp%2Fv2%2Fcomments&post=220612"}],"version-history":[{"count":0,"href":"https:\/\/arantv.az\/index.php?rest_route=\/wp\/v2\/posts\/220612\/revisions"}],"wp:featuredmedia":[{"embeddable":true,"href":"https:\/\/arantv.az\/index.php?rest_route=\/wp\/v2\/media\/220613"}],"wp:attachment":[{"href":"https:\/\/arantv.az\/index.php?rest_route=%2Fwp%2Fv2%2Fmedia&parent=220612"}],"wp:term":[{"taxonomy":"category","embeddable":true,"href":"https:\/\/arantv.az\/index.php?rest_route=%2Fwp%2Fv2%2Fcategories&post=220612"},{"taxonomy":"post_tag","embeddable":true,"href":"https:\/\/arantv.az\/index.php?rest_route=%2Fwp%2Fv2%2Ftags&post=220612"}],"curies":[{"name":"wp","href":"https:\/\/api.w.org\/{rel}","templated":true}]}}