{"id":22062,"date":"2018-10-30T08:30:03","date_gmt":"2018-10-30T05:30:03","guid":{"rendered":"http:\/\/arantv.az\/?p=22062"},"modified":"2018-10-30T08:30:03","modified_gmt":"2018-10-30T05:30:03","slug":"turkiy%c9%99-respublikasinin-yaranmasinin-95-ci-ildonumu-munasib%c9%99til%c9%99-bakida-r%c9%99smi-q%c9%99bul-t%c9%99skil-edilib","status":"publish","type":"post","link":"https:\/\/arantv.az\/?p=22062","title":{"rendered":"T\u00fcrkiy\u0259 Respublikas\u0131n\u0131n yaranmas\u0131n\u0131n 95-ci ild\u00f6n\u00fcm\u00fc m\u00fcnasib\u0259til\u0259 Bak\u0131da r\u0259smi q\u0259bul t\u0259\u015fkil edilib"},"content":{"rendered":"<p><strong>ARANTV.AZ<\/strong> x\u0259b\u0259r verir ki, T\u00fcrkiy\u0259 Respublikas\u0131n\u0131n yaranmas\u0131n\u0131n 95-ci ild\u00f6n\u00fcm\u00fc m\u00fcnasib\u0259til\u0259 Bak\u0131da r\u0259smi q\u0259bul t\u0259\u015fkil edilib.<\/p>\n<p>T\u00fcrkiy\u0259nin Az\u0259rbaycandak\u0131 s\u0259firliyinin t\u0259\u015fkil etdiyi r\u0259smi q\u0259bulda \u0259vv\u0259lc\u0259 Az\u0259rbaycan\u0131n v\u0259 T\u00fcrkiy\u0259nin d\u00f6vl\u0259t himnl\u0259ri s\u0259sl\u0259ndirilib.<\/p>\n<p>S\u0259fir Erkan \u00d6zoral t\u0259dbird\u0259 T\u00fcrkiy\u0259 Respublikas\u0131n\u0131n Prezidenti R\u0259c\u0259b Tayyib \u018frdo\u011fan\u0131n C\u00fcmhuriyy\u0259tin yaranmas\u0131n\u0131n 95-ci ild\u00f6n\u00fcm\u00fc m\u00fcnasib\u0259til\u0259 xalqa m\u00fcraci\u0259tini oxuyub.<\/p>\n<p>M\u00fcraci\u0259td\u0259 T\u00fcrkiy\u0259 xalq\u0131n\u0131 C\u00fcmhuriyy\u0259t bayram\u0131 m\u00fcnasib\u0259til\u0259 t\u0259brik ed\u0259n Prezident m\u00fcst\u0259qilliyin qazan\u0131lmas\u0131 yolunda q\u0259hr\u0259manl\u0131qlar g\u00f6st\u0259r\u0259n h\u0259r bir t\u00fcrk \u00f6vlad\u0131n\u0131n xatir\u0259sinin ehtiramla an\u0131ld\u0131\u011f\u0131n\u0131 bildirir. Qeyd edilir ki, 2016-c\u0131 il 15 iyul d\u00f6vl\u0259t \u00e7evrili\u015fin\u0259 c\u0259hd v\u0259 terrorla m\u00fcbariz\u0259 zaman\u0131 canlar\u0131ndan ke\u00e7mi\u015f b\u00fct\u00fcn q\u0259hr\u0259man v\u0259t\u0259n \u00f6vladlar\u0131n\u0131n \u0259ziz xatir\u0259si h\u0259r zaman q\u0259lbl\u0259rd\u0259 ya\u015fayacaq.<\/p>\n<p>T\u00fcrkiy\u0259 Prezidenti m\u00fcraci\u0259tind\u0259 g\u00fccl\u00fc demokratiya v\u0259 iqtisadiyyat yolunda at\u0131lan h\u0259r add\u0131m\u0131 \u00f6lk\u0259nin parlaq g\u0259l\u0259c\u0259yi \u00fc\u00e7\u00fcn yand\u0131r\u0131lan bir i\u015f\u0131q kimi d\u0259y\u0259rl\u0259ndirdiyini bildir\u0259r\u0259k \u0130stanbulda istifad\u0259y\u0259 veril\u0259n yeni hava liman\u0131n\u0131n da bu i\u015f\u0131qlardan biri oldu\u011funu vur\u011fulay\u0131b.<\/p>\n<p>T\u00fcrkiy\u0259nin h\u0259r bir u\u011furunun b\u00f6lg\u0259d\u0259ki v\u0259 d\u00fcnyadak\u0131 b\u00fct\u00fcn m\u0259zlumlar\u0131n \u00fcr\u0259yind\u0259ki \u00fcmidl\u0259ri canland\u0131rd\u0131\u011f\u0131n\u0131 bildir\u0259n Prezident deyib: \u201cM\u0259hz bu s\u0259b\u0259bd\u0259ndir ki, \u00f6lk\u0259mizin iqtisadiyyat\u0131 d\u00fcnyan\u0131n 17 \u0259n b\u00f6y\u00fck iqtisadiyyat\u0131ndan biri oldu\u011fu halda, humanitar yard\u0131mlar m\u0259s\u0259l\u0259sind\u0259 ilk s\u0131radad\u0131r. H\u0259r k\u0259sin qap\u0131s\u0131n\u0131 ba\u011flad\u0131\u011f\u0131 qa\u00e7q\u0131nlara evini, \u00fcr\u0259yini a\u00e7an T\u00fcrkiy\u0259 olmu\u015fdur\u201d.<\/p>\n<p>M\u00fcraci\u0259tinin sonunda Prezident 95 illiyinin qeyd edildiyi T\u00fcrkiy\u0259 C\u00fcmhuriyy\u0259tinin \u0259b\u0259di ya\u015famas\u0131 \u00fc\u00e7\u00fcn bundan sonra da tam g\u00fccl\u0259ri il\u0259 \u00e7al\u0131\u015facaqlar\u0131n\u0131 diqq\u0259t\u0259 \u00e7atd\u0131r\u0131b.<\/p>\n<p>Az\u0259rbaycan Respublikas\u0131n\u0131n Ba\u015f naziri Novruz M\u0259mm\u0259dov r\u0259smi q\u0259bulda \u00e7\u0131x\u0131\u015f ed\u0259r\u0259k T\u00fcrkiy\u0259 Respublikas\u0131n\u0131n 95-ci ild\u00f6n\u00fcm\u00fc m\u00fcnasib\u0259til\u0259 Az\u0259rbaycan Respublikas\u0131n\u0131n Prezidenti v\u0259 H\u00f6kum\u0259ti ad\u0131ndan qarda\u015f T\u00fcrkiy\u0259 xalq\u0131n\u0131 v\u0259 d\u00f6vl\u0259tini t\u0259brik edib, T\u00fcrkiy\u0259y\u0259 davaml\u0131 s\u00fclh, firavanl\u0131q, yeni nailiyy\u0259tl\u0259r v\u0259 \u00e7i\u00e7\u0259kl\u0259nm\u0259 arzulay\u0131b.<\/p>\n<p>\u201cBu g\u00fcn T\u00fcrkiy\u0259 xalq\u0131 C\u00fcmhuriyy\u0259tin 95 illiyi il\u0259 yana\u015f\u0131, daha bir bayram\u0131 &#8211; tarixi \u0130stanbul \u015f\u0259h\u0259rind\u0259 yeni hava liman\u0131n\u0131n a\u00e7\u0131l\u0131\u015f\u0131n\u0131 qeyd edir. Bu, n\u0259inki T\u00fcrkiy\u0259d\u0259, el\u0259c\u0259 d\u0259 d\u00fcnyada h\u0259yata ke\u00e7iril\u0259n n\u0259h\u0259ng layih\u0259l\u0259rd\u0259n biridir. Bu m\u00fch\u00fcm hadis\u0259 m\u00fcnasib\u0259til\u0259 d\u0259 T\u00fcrkiy\u0259 xalq\u0131n\u0131, Prezidentini t\u0259brik edirik\u201d, &#8211; dey\u0259 Az\u0259rbaycan\u0131n Ba\u015f naziri vur\u011fulay\u0131b.<\/p>\n<p>Ba\u015f nazir Novruz M\u0259mm\u0259dov qeyd edib ki, Az\u0259rbaycan-T\u00fcrkiy\u0259 m\u00fcnasib\u0259tl\u0259ri milli, m\u0259n\u0259vi v\u0259 m\u0259d\u0259ni d\u0259y\u0259rl\u0259ri il\u0259 bir-birin\u0259 eyni k\u00f6kl\u0259rl\u0259 ba\u011fl\u0131 olan xalqlar\u0131m\u0131z\u0131n irad\u0259sind\u0259n qaynaqlan\u0131r. Haz\u0131rda d\u00fcnyada bir-birin\u0259 bu q\u0259d\u0259r yax\u0131n olan ikinci bir n\u00fcmun\u0259 g\u00f6st\u0259rm\u0259k m\u00fcmk\u00fcn deyil. Bu m\u0259nada t\u00fcrk d\u00fcnyas\u0131n\u0131n b\u00f6y\u00fck o\u011flu Mustafa Kamal Atat\u00fcrk\u00fcn \u201cAz\u0259rbaycan\u0131n sevinci bizim sevincimiz, k\u0259d\u0259ri bizim k\u0259d\u0259rimizdir\u201d, \u00fcmummilli lider Heyd\u0259r \u018fliyevin \u201cBir mill\u0259t, iki d\u00f6vl\u0259t\u201d ifad\u0259l\u0259ri m\u00fcnasib\u0259tl\u0259rimizin \u0259sl mahiyy\u0259tini \u0259ks etdirir.<\/p>\n<p>\u0130ftixarla qeyd etm\u0259k laz\u0131md\u0131r ki, Qurtulu\u015f sava\u015f\u0131ndan sonra \u00e7ox m\u00fcr\u0259kk\u0259b v\u0259 ziddiyy\u0259tli bir beyn\u0259lxalq v\u0259ziyy\u0259td\u0259 T\u00fcrkiy\u0259 C\u00fcmhuriyy\u0259tinin elan edilm\u0259si XX \u0259srin \u0259n m\u00fch\u00fcm hadis\u0259l\u0259rind\u0259n idi. Ke\u00e7\u0259n d\u00f6vr \u0259rzind\u0259 T\u00fcrkiy\u0259 C\u00fcmhuriyy\u0259ti h\u0259rt\u0259r\u0259fli inki\u015faf ed\u0259r\u0259k \u00e7ox b\u00f6y\u00fck v\u0259 \u015f\u0259r\u0259fli y\u00fcks\u0259li\u015f yolu ke\u00e7mi\u015f, \u0259n qabaqc\u0131l d\u00f6vl\u0259tl\u0259rl\u0259 bir s\u0131rada layiqli yerini tutmu\u015fdur.<\/p>\n<p>Az\u0259rbaycan\u0131n Ba\u015f naziri qeyd edib ki, d\u00fcnyan\u0131n siyasi x\u0259rit\u0259sind\u0259 m\u00fch\u00fcm m\u00f6vqey\u0259 malik T\u00fcrkiy\u0259 XXI \u0259srin \u0259vv\u0259ll\u0259rind\u0259n regionda v\u0259 d\u00fcnyada \u0259sas s\u00f6z sahibl\u0259rind\u0259n birin\u0259 \u00e7evrilib. T\u0259sad\u00fcfi deyil ki, T\u00fcrkiy\u0259 \u201cB\u00f6y\u00fck \u0130yirmilik\u201d \u00f6lk\u0259l\u0259ri i\u00e7\u0259risind\u0259 \u0259n s\u00fcr\u0259tl\u0259 inki\u015faf ed\u0259n iqtisadiyyata malik \u00f6lk\u0259l\u0259rd\u0259n biridir.<\/p>\n<p>Novruz M\u0259mm\u0259dov deyib ki, m\u00fcst\u0259qilliyini b\u0259rpa etdikd\u0259n sonra Az\u0259rbaycan\u0131 tan\u0131yan ilk d\u00f6vl\u0259t T\u00fcrkiy\u0259 olub. M\u00fcst\u0259qilliyin ilk ill\u0259rind\u0259n etibar\u0259n T\u00fcrkiy\u0259 Az\u0259rbaycan\u0131n d\u00f6vl\u0259t quruculu\u011fu yolunda atd\u0131\u011f\u0131 add\u0131mlar\u0131 daim d\u0259st\u0259kl\u0259yib, b\u00f6y\u00fck d\u00f6vl\u0259tl\u0259rin i\u015ftirak etdiyi t\u0259dbirl\u0259rd\u0259 Az\u0259rbaycan namin\u0259 haqq s\u0259sini ucald\u0131b.<\/p>\n<p>\u201c\u00d6lk\u0259mizin \u0259n a\u011fr\u0131l\u0131 problemi olan Da\u011fl\u0131q Qaraba\u011f m\u00fcnaqi\u015f\u0259sinin h\u0259llind\u0259 T\u00fcrkiy\u0259nin h\u0259mi\u015f\u0259 Az\u0259rbaycan xalq\u0131n\u0131n yan\u0131nda olmas\u0131 b\u00f6y\u00fck dostlu\u011fumuzun, qarda\u015fl\u0131\u011f\u0131m\u0131z\u0131n ifad\u0259si v\u0259 h\u0259mr\u0259yliyimizin r\u0259mzidir\u201d, &#8211; dey\u0259n Ba\u015f nazir bildirib ki, bu g\u00fcn Az\u0259rbaycan il\u0259 T\u00fcrkiy\u0259 aras\u0131nda b\u00fct\u00fcn sah\u0259l\u0259rd\u0259, o c\u00fcml\u0259d\u0259n siyasi, iqtisadi, enerji, n\u0259qliyyat, ticar\u0259t, humanitar, regional t\u0259hl\u00fck\u0259sizlik, h\u0259rbi v\u0259 dig\u0259r sah\u0259l\u0259rd\u0259 \u0259m\u0259kda\u015fl\u0131q \u0259n y\u00fcks\u0259k s\u0259viyy\u0259d\u0259dir.<\/p>\n<p>Ba\u015f nazir Novruz M\u0259mm\u0259dov qeyd edib ki, m\u00fcnasib\u0259tl\u0259rimizin m\u00f6hk\u0259ml\u0259nm\u0259sind\u0259 d\u00f6vl\u0259tl\u0259rimizin ba\u015f\u00e7\u0131lar\u0131n\u0131n \u015f\u0259xsi dostluq \u0259laq\u0259l\u0259rinin v\u0259 qar\u015f\u0131l\u0131ql\u0131 s\u0259f\u0259rl\u0259rinin x\u00fcsusi \u0259h\u0259miyy\u0259ti var. Az\u0259rbaycan Respublikas\u0131n\u0131n Prezidenti \u0130lham \u018fliyev v\u0259 T\u00fcrkiy\u0259 Respublikas\u0131n\u0131n Prezidenti R\u0259c\u0259b Tayyib \u018frdo\u011fan aras\u0131nda yaranm\u0131\u015f dostluq v\u0259 qarda\u015fl\u0131q m\u00fcnasib\u0259tl\u0259ri ikit\u0259r\u0259fli \u0259laq\u0259l\u0259rimizin b\u00fct\u00fcn sah\u0259l\u0259rd\u0259 daha da geni\u015fl\u0259nm\u0259sin\u0259 \u00f6z m\u00fcst\u0259sna t\u00f6hf\u0259sini verir. T\u0259sad\u00fcfi deyil ki, h\u0259r iki \u00f6lk\u0259nin prezidentl\u0259rinin ilk r\u0259smi s\u0259f\u0259rl\u0259rini bir-birinin \u00f6lk\u0259sin\u0259 etm\u0259si art\u0131q diplomatik \u0259n\u0259n\u0259y\u0259 \u00e7evrilib.<\/p>\n<p>Bu g\u00fcn Az\u0259rbaycanda 3400-\u0259 yax\u0131n T\u00fcrkiy\u0259 \u015firk\u0259tinin, T\u00fcrkiy\u0259d\u0259 is\u0259 2300-d\u0259n \u00e7ox Az\u0259rbaycan \u015firk\u0259tinin f\u0259aliyy\u0259t g\u00f6st\u0259rdiyini dey\u0259n Novruz M\u0259mm\u0259dov qeyd edib ki, bu \u015firk\u0259tl\u0259r qar\u015f\u0131l\u0131ql\u0131 olaraq \u00f6lk\u0259 iqtisadiyyat\u0131na b\u00f6y\u00fck h\u0259cmd\u0259 investisiya yat\u0131r\u0131rlar v\u0259 bu da m\u00fcnasib\u0259tl\u0259rimizd\u0259 h\u0259rt\u0259r\u0259fli inki\u015faf\u0131n g\u00f6st\u0259ricisidir.<\/p>\n<p>\u201c\u0130kit\u0259r\u0259fli m\u00fcst\u0259vid\u0259 u\u011furla inki\u015faf ed\u0259n \u0259m\u0259kda\u015fl\u0131q m\u00fcnasib\u0259tl\u0259rimizl\u0259 yana\u015f\u0131, \u00f6lk\u0259l\u0259rimiz beyn\u0259lxalq t\u0259\u015fkilatlarda da f\u0259al qar\u015f\u0131l\u0131ql\u0131 d\u0259st\u0259k n\u00fcmayi\u015f etdirirl\u0259r. Beyn\u0259lxalq t\u0259\u015fkilatlarda, ilk n\u00f6vb\u0259d\u0259, BMT-d\u0259, \u0130slam \u018fm\u0259kda\u015fl\u0131q T\u0259\u015fkilat\u0131nda biz bir-birimizi h\u0259mi\u015f\u0259 d\u0259st\u0259kl\u0259yirik. Az\u0259rbaycan\u0131n v\u0259 T\u00fcrkiy\u0259nin r\u0259smi n\u00fcmay\u0259nd\u0259 hey\u0259tl\u0259rinin h\u0259r hans\u0131 biri beyn\u0259lxalq t\u0259dbirl\u0259rd\u0259 i\u015ftirak etm\u0259dikd\u0259, d\u0259f\u0259l\u0259rl\u0259 dig\u0259rinin m\u00f6vqeyini m\u00fcdafi\u0259 etm\u0259sinin q\u00fcrurla \u015fahidi olmu\u015fuq. Biz \u00f6lk\u0259l\u0259rimiz v\u0259 xalqlar\u0131m\u0131z, h\u0259tta Avrasiya \u00fc\u00e7\u00fcn b\u00f6y\u00fck \u00f6n\u0259m da\u015f\u0131yan n\u0259h\u0259ng layih\u0259l\u0259ri \u2013 Bak\u0131-Tbilisi-Ceyhan, Bak\u0131 \u2013Tbilisi-\u018frzurum, TANAP neft\u2013qaz k\u0259m\u0259rl\u0259rinin tikintisi v\u0259 istismar\u0131n\u0131 birlikd\u0259 h\u0259yata ke\u00e7irmi\u015fik\u201d, &#8211; dey\u0259 Ba\u015f nazir vur\u011fulay\u0131b.<\/p>\n<p>Az\u0259rbaycan v\u0259 T\u00fcrkiy\u0259 prezidentl\u0259rinin i\u015ftirak\u0131 il\u0259 2017-ci ilin oktyabr\u0131nda a\u00e7\u0131l\u0131\u015f\u0131 olmu\u015f Bak\u0131-Tbilisi\u2013Qars d\u0259mir yolu x\u0259tti, Az\u0259rbaycan Xalq C\u00fcmhuriyy\u0259tinin 100-c\u00fc ild\u00f6n\u00fcm\u00fc m\u00fcnasib\u0259til\u0259 Bak\u0131n\u0131n Azadl\u0131q meydan\u0131nda ke\u00e7irilmi\u015f h\u0259rbi parad, bir ne\u00e7\u0259 g\u00fcn \u00f6nc\u0259 T\u00fcrkiy\u0259d\u0259 Az\u0259rbaycan t\u0259r\u0259find\u0259n 6,3 milyard AB\u015e dollar\u0131 yat\u0131r\u0131m edilmi\u015f \u201cSTAR\u201d neft emal\u0131 zavodunun a\u00e7\u0131l\u0131\u015f\u0131 il\u0259 ba\u011fl\u0131 t\u0259\u015fkil edilmi\u015f m\u00f6ht\u0259\u015f\u0259m m\u0259rasim \u00f6lk\u0259l\u0259rimizin u\u011furunun, qarda\u015fl\u0131\u011f\u0131m\u0131z\u0131n bariz n\u00fcmun\u0259si v\u0259 t\u0259nt\u0259n\u0259sidir.<\/p>\n<p>Novruz M\u0259mm\u0259dov deyib: \u201c\u018flaq\u0259l\u0259rimizin daha da d\u0259rinl\u0259\u015fm\u0259sind\u0259 Az\u0259rbaycan-T\u00fcrkiy\u0259 Y\u00fcks\u0259k S\u0259viyy\u0259li Strateji \u018fm\u0259kda\u015fl\u0131q \u015euras\u0131n\u0131n, iqtisadi \u0259m\u0259kda\u015fl\u0131q \u00fczr\u0259 H\u00f6kum\u0259tl\u0259raras\u0131 Birg\u0259 Komissiyan\u0131n x\u00fcsusi rolunu vur\u011fulamaq ist\u0259rdim.<\/p>\n<p>Erm\u0259nistan-Az\u0259rbaycan Da\u011fl\u0131q Qaraba\u011f m\u00fcnaqi\u015f\u0259sinin h\u0259lli istiqam\u0259tind\u0259 g\u00f6st\u0259rdiyi s\u0259y\u0259 v\u0259 bizim haql\u0131 m\u00f6vqeyimizi daim m\u00fcdafi\u0259 etdiyin\u0259 g\u00f6r\u0259 T\u00fcrkiy\u0259 d\u00f6vl\u0259tin\u0259 v\u0259 xalq\u0131na minn\u0259tdarl\u0131\u011f\u0131m\u0131 bildirir\u0259m.<\/p>\n<p>\u018fmin\u0259m ki, Az\u0259rbaycan il\u0259 T\u00fcrkiy\u0259 aras\u0131nda uzun ill\u0259rin s\u0131na\u011f\u0131ndan \u00e7\u0131xm\u0131\u015f dostluq v\u0259 qarda\u015fl\u0131q m\u00fcnasib\u0259tl\u0259ri h\u0259r iki d\u00f6vl\u0259tin strateji h\u0259d\u0259fl\u0259rin\u0259 \u00e7atmas\u0131nda m\u00fch\u00fcm rol oynayacaq\u201d.<\/p>\n<p>T\u0259dbird\u0259 d\u00f6vl\u0259t v\u0259 h\u00f6kum\u0259t r\u0259smil\u0259ri, Milli M\u0259clisin deputatlar\u0131, xarici \u00f6lk\u0259l\u0259rin Az\u0259rbaycandak\u0131 s\u0259firl\u0259ri, ictimaiyy\u0259tin n\u00fcmay\u0259nd\u0259l\u0259ri i\u015ftirak edibl\u0259r.<\/p>\n","protected":false},"excerpt":{"rendered":"<p>ARANTV.AZ x\u0259b\u0259r verir ki, T\u00fcrkiy\u0259 Respublikas\u0131n\u0131n yaranmas\u0131n\u0131n 95-ci ild\u00f6n\u00fcm\u00fc m\u00fcnasib\u0259til\u0259 Bak\u0131da r\u0259smi q\u0259bul t\u0259\u015fkil edilib. T\u00fcrkiy\u0259nin Az\u0259rbaycandak\u0131 s\u0259firliyinin t\u0259\u015fkil etdiyi r\u0259smi q\u0259bulda \u0259vv\u0259lc\u0259 Az\u0259rbaycan\u0131n v\u0259 T\u00fcrkiy\u0259nin d\u00f6vl\u0259t himnl\u0259ri s\u0259sl\u0259ndirilib. S\u0259fir Erkan \u00d6zoral t\u0259dbird\u0259 T\u00fcrkiy\u0259 Respublikas\u0131n\u0131n Prezidenti R\u0259c\u0259b Tayyib \u018frdo\u011fan\u0131n C\u00fcmhuriyy\u0259tin yaranmas\u0131n\u0131n 95-ci ild\u00f6n\u00fcm\u00fc m\u00fcnasib\u0259til\u0259 xalqa m\u00fcraci\u0259tini oxuyub. M\u00fcraci\u0259td\u0259 T\u00fcrkiy\u0259 xalq\u0131n\u0131 C\u00fcmhuriyy\u0259t bayram\u0131 m\u00fcnasib\u0259til\u0259 t\u0259brik ed\u0259n Prezident m\u00fcst\u0259qilliyin qazan\u0131lmas\u0131 yolunda q\u0259hr\u0259manl\u0131qlar g\u00f6st\u0259r\u0259n h\u0259r bir t\u00fcrk \u00f6vlad\u0131n\u0131n xatir\u0259sinin ehtiramla an\u0131ld\u0131\u011f\u0131n\u0131 bildirir. Qeyd edilir ki, 2016-c\u0131 il 15 iyul d\u00f6vl\u0259t \u00e7evrili\u015fin\u0259 c\u0259hd v\u0259 terrorla m\u00fcbariz\u0259 zaman\u0131 canlar\u0131ndan ke\u00e7mi\u015f b\u00fct\u00fcn q\u0259hr\u0259man v\u0259t\u0259n \u00f6vladlar\u0131n\u0131n \u0259ziz&hellip;<\/p>\n","protected":false},"author":2,"featured_media":22063,"comment_status":"closed","ping_status":"closed","sticky":false,"template":"","format":"standard","meta":{"om_disable_all_campaigns":false,"_monsterinsights_skip_tracking":false,"_monsterinsights_sitenote_active":false,"_monsterinsights_sitenote_note":"","_monsterinsights_sitenote_category":0},"categories":[4],"tags":[],"aioseo_notices":[],"gutentor_comment":0,"rttpg_featured_image_url":{"full":["https:\/\/arantv.az\/wp-content\/uploads\/2018\/10\/utvg47e9e2k0v5n3b94spiinn695.jpg",962,669,false],"landscape":["https:\/\/arantv.az\/wp-content\/uploads\/2018\/10\/utvg47e9e2k0v5n3b94spiinn695.jpg",962,669,false],"portraits":["https:\/\/arantv.az\/wp-content\/uploads\/2018\/10\/utvg47e9e2k0v5n3b94spiinn695.jpg",962,669,false],"thumbnail":["https:\/\/arantv.az\/wp-content\/uploads\/2018\/10\/utvg47e9e2k0v5n3b94spiinn695-150x150.jpg",150,150,true],"medium":["https:\/\/arantv.az\/wp-content\/uploads\/2018\/10\/utvg47e9e2k0v5n3b94spiinn695-300x209.jpg",300,209,true],"large":["https:\/\/arantv.az\/wp-content\/uploads\/2018\/10\/utvg47e9e2k0v5n3b94spiinn695.jpg",640,445,false],"1536x1536":["https:\/\/arantv.az\/wp-content\/uploads\/2018\/10\/utvg47e9e2k0v5n3b94spiinn695.jpg",962,669,false],"2048x2048":["https:\/\/arantv.az\/wp-content\/uploads\/2018\/10\/utvg47e9e2k0v5n3b94spiinn695.jpg",962,669,false],"post-thumbnail":["https:\/\/arantv.az\/wp-content\/uploads\/2018\/10\/utvg47e9e2k0v5n3b94spiinn695-240x172.jpg",240,172,true],"advps-thumb-one":["https:\/\/arantv.az\/wp-content\/uploads\/2018\/10\/utvg47e9e2k0v5n3b94spiinn695-962x620.jpg",962,620,true]},"rttpg_author":{"display_name":"V\u00fcsal Rafiqo\u011flu","author_link":"https:\/\/arantv.az\/?author=2"},"rttpg_comment":0,"rttpg_category":"<a href=\"https:\/\/arantv.az\/?cat=4\" rel=\"category\">Siyas\u0259t<\/a>","rttpg_excerpt":"ARANTV.AZ x\u0259b\u0259r verir ki, T\u00fcrkiy\u0259 Respublikas\u0131n\u0131n yaranmas\u0131n\u0131n 95-ci ild\u00f6n\u00fcm\u00fc m\u00fcnasib\u0259til\u0259 Bak\u0131da r\u0259smi q\u0259bul t\u0259\u015fkil edilib. T\u00fcrkiy\u0259nin Az\u0259rbaycandak\u0131 s\u0259firliyinin t\u0259\u015fkil etdiyi r\u0259smi q\u0259bulda \u0259vv\u0259lc\u0259 Az\u0259rbaycan\u0131n v\u0259 T\u00fcrkiy\u0259nin d\u00f6vl\u0259t himnl\u0259ri s\u0259sl\u0259ndirilib. S\u0259fir Erkan \u00d6zoral t\u0259dbird\u0259 T\u00fcrkiy\u0259 Respublikas\u0131n\u0131n Prezidenti R\u0259c\u0259b Tayyib \u018frdo\u011fan\u0131n C\u00fcmhuriyy\u0259tin yaranmas\u0131n\u0131n 95-ci ild\u00f6n\u00fcm\u00fc m\u00fcnasib\u0259til\u0259 xalqa m\u00fcraci\u0259tini oxuyub. M\u00fcraci\u0259td\u0259 T\u00fcrkiy\u0259 xalq\u0131n\u0131 C\u00fcmhuriyy\u0259t bayram\u0131 m\u00fcnasib\u0259til\u0259 t\u0259brik ed\u0259n&hellip;","_links":{"self":[{"href":"https:\/\/arantv.az\/index.php?rest_route=\/wp\/v2\/posts\/22062"}],"collection":[{"href":"https:\/\/arantv.az\/index.php?rest_route=\/wp\/v2\/posts"}],"about":[{"href":"https:\/\/arantv.az\/index.php?rest_route=\/wp\/v2\/types\/post"}],"author":[{"embeddable":true,"href":"https:\/\/arantv.az\/index.php?rest_route=\/wp\/v2\/users\/2"}],"replies":[{"embeddable":true,"href":"https:\/\/arantv.az\/index.php?rest_route=%2Fwp%2Fv2%2Fcomments&post=22062"}],"version-history":[{"count":0,"href":"https:\/\/arantv.az\/index.php?rest_route=\/wp\/v2\/posts\/22062\/revisions"}],"wp:featuredmedia":[{"embeddable":true,"href":"https:\/\/arantv.az\/index.php?rest_route=\/wp\/v2\/media\/22063"}],"wp:attachment":[{"href":"https:\/\/arantv.az\/index.php?rest_route=%2Fwp%2Fv2%2Fmedia&parent=22062"}],"wp:term":[{"taxonomy":"category","embeddable":true,"href":"https:\/\/arantv.az\/index.php?rest_route=%2Fwp%2Fv2%2Fcategories&post=22062"},{"taxonomy":"post_tag","embeddable":true,"href":"https:\/\/arantv.az\/index.php?rest_route=%2Fwp%2Fv2%2Ftags&post=22062"}],"curies":[{"name":"wp","href":"https:\/\/api.w.org\/{rel}","templated":true}]}}