{"id":22078,"date":"2018-10-30T09:10:33","date_gmt":"2018-10-30T06:10:33","guid":{"rendered":"http:\/\/arantv.az\/?p=22078"},"modified":"2018-10-30T09:10:33","modified_gmt":"2018-10-30T06:10:33","slug":"formula-1-az%c9%99rbaycan-qran-prisi-ucun-konullul%c9%99rin-qeydiyyatina-baslanilib","status":"publish","type":"post","link":"https:\/\/arantv.az\/?p=22078","title":{"rendered":"Formula-1 Az\u0259rbaycan Qran-Prisi \u00fc\u00e7\u00fcn k\u00f6n\u00fcll\u00fcl\u0259rin qeydiyyat\u0131na ba\u015flan\u0131l\u0131b"},"content":{"rendered":"<p><strong>ARANTV.AZ<\/strong> x\u0259b\u0259r verir ki, g\u0259l\u0259n ilin aprelind\u0259 Bak\u0131da ke\u00e7iril\u0259c\u0259k Formula 1 Az\u0259rbaycan Qran-Prisi \u00fc\u00e7\u00fcn k\u00f6n\u00fcll\u00fcl\u0259rin qeydiyyat\u0131na ba\u015flan\u0131l\u0131b. Builki k\u00f6n\u00fcll\u00fcl\u00fck proqram\u0131nda bir s\u0131ra yenilikl\u0259r n\u0259z\u0259rd\u0259 tutulub.<\/p>\n<p>2019-cu ild\u0259 sayca d\u00f6rd\u00fcnc\u00fc d\u0259f\u0259 ke\u00e7iril\u0259c\u0259k Formula 1 Az\u0259rbaycan Qran-Prisinin t\u0259\u015fkilat\u00e7\u0131l\u0131q i\u015fl\u0259rin\u0259 \u00fcmumilikd\u0259 3 min k\u00f6n\u00fcll\u00fcn\u00fcn c\u0259lb olunmas\u0131 planla\u015fd\u0131r\u0131l\u0131b. Bir s\u0131ra yenilikl\u0259rin n\u0259z\u0259rd\u0259 tutuldu\u011fu k\u00f6n\u00fcll\u00fcl\u00fck proqram\u0131na se\u00e7ilm\u0259k \u00fc\u00e7\u00fcn namiz\u0259dl\u0259rd\u0259n xarici dil bilikl\u0259ri t\u0259l\u0259b olunacaq. Bak\u0131 \u015e\u0259h\u0259r Halqas\u0131 Akademiyas\u0131 k\u00f6n\u00fcll\u00fcl\u0259rin yar\u0131\u015flara y\u00fcks\u0259k s\u0259viyy\u0259d\u0259 haz\u0131rlanmas\u0131 il\u0259 yana\u015f\u0131, onlar\u0131n pe\u015f\u0259kar inki\u015faf\u0131na da diqq\u0259t g\u00f6st\u0259rir. Bu ilki haz\u0131rl\u0131q prosesind\u0259 k\u00f6n\u00fcll\u00fcl\u0259r m\u00fcxt\u0259lif t\u0259liml\u0259r, seminar v\u0259 dan\u0131\u015f\u0131q klublar\u0131nda da i\u015ftirak ed\u0259c\u0259kl\u0259r. Burada onlar m\u00fcxt\u0259lif sah\u0259l\u0259ri \u0259hat\u0259 ed\u0259n t\u0259liml\u0259r\u0259 qat\u0131lacaq, yeni m\u0259lumatlar qazana v\u0259 fikir m\u00fcbadil\u0259si apara bil\u0259c\u0259kl\u0259r. K\u00f6n\u00fcll\u00fcl\u0259rd\u0259 komanda ruhunu art\u0131rmaq v\u0259 kollektivl\u0259 i\u015fl\u0259m\u0259k bacar\u0131\u011f\u0131n\u0131 inki\u015faf etdirm\u0259k m\u0259qs\u0259di il\u0259 m\u00fcxt\u0259lif t\u0259dbirl\u0259rin t\u0259\u015fkili d\u0259 n\u0259z\u0259rd\u0259 tutulub. Bu c\u00fcr t\u0259dbirl\u0259r is\u0259 \u00f6z n\u00f6vb\u0259sind\u0259 sosiall\u0131q yaradaraq onlara yeni dostlar tapma\u011fa k\u00f6m\u0259k ed\u0259c\u0259k. Bir s\u00f6zl\u0259, k\u00f6n\u00fcll\u00fcl\u0259rin m\u00fcxt\u0259lif sah\u0259l\u0259rd\u0259 i\u015fl\u0259m\u0259k bacar\u0131qlar\u0131n\u0131n inki\u015faf etdirilm\u0259si v\u0259 g\u00f6rd\u00fckl\u0259ri i\u015fd\u0259n z\u00f6vq almalar\u0131 bizim \u00fc\u00e7\u00fcn x\u00fcsusi \u0259h\u0259miyy\u0259t k\u0259sb edir. T\u0259l\u0259bl\u0259r\u0259 uy\u011fun h\u0259r k\u0259s \u201cBak\u0131 \u015e\u0259h\u0259r Halqas\u0131\u201d \u018fm\u0259liyyat \u015eirk\u0259tinin internet sayt\u0131nda k\u00f6n\u00fcll\u00fc kimi qeydiyyatdan ke\u00e7\u0259 bil\u0259r. Qeyd ed\u0259k ki, Formula 1 Az\u0259rbaycan Qran-Prisi 2019-cu ild\u0259 aprelin 26-dan 28-d\u0259k ke\u00e7iril\u0259c\u0259k. Haz\u0131rda yar\u0131\u015flara bilet sat\u0131\u015f\u0131 davam edir. N\u00f6vb\u0259ti aydan etibar\u0259n is\u0259 trekin tikintisin\u0259 start veril\u0259c\u0259k.<\/p>\n","protected":false},"excerpt":{"rendered":"<p>ARANTV.AZ x\u0259b\u0259r verir ki, g\u0259l\u0259n ilin aprelind\u0259 Bak\u0131da ke\u00e7iril\u0259c\u0259k Formula 1 Az\u0259rbaycan Qran-Prisi \u00fc\u00e7\u00fcn k\u00f6n\u00fcll\u00fcl\u0259rin qeydiyyat\u0131na ba\u015flan\u0131l\u0131b. Builki k\u00f6n\u00fcll\u00fcl\u00fck proqram\u0131nda bir s\u0131ra yenilikl\u0259r n\u0259z\u0259rd\u0259 tutulub. 2019-cu ild\u0259 sayca d\u00f6rd\u00fcnc\u00fc d\u0259f\u0259 ke\u00e7iril\u0259c\u0259k Formula 1 Az\u0259rbaycan Qran-Prisinin t\u0259\u015fkilat\u00e7\u0131l\u0131q i\u015fl\u0259rin\u0259 \u00fcmumilikd\u0259 3 min k\u00f6n\u00fcll\u00fcn\u00fcn c\u0259lb olunmas\u0131 planla\u015fd\u0131r\u0131l\u0131b. Bir s\u0131ra yenilikl\u0259rin n\u0259z\u0259rd\u0259 tutuldu\u011fu k\u00f6n\u00fcll\u00fcl\u00fck proqram\u0131na se\u00e7ilm\u0259k \u00fc\u00e7\u00fcn namiz\u0259dl\u0259rd\u0259n xarici dil bilikl\u0259ri t\u0259l\u0259b olunacaq. Bak\u0131 \u015e\u0259h\u0259r Halqas\u0131 Akademiyas\u0131 k\u00f6n\u00fcll\u00fcl\u0259rin yar\u0131\u015flara y\u00fcks\u0259k s\u0259viyy\u0259d\u0259 haz\u0131rlanmas\u0131 il\u0259 yana\u015f\u0131, onlar\u0131n pe\u015f\u0259kar inki\u015faf\u0131na da diqq\u0259t g\u00f6st\u0259rir. Bu ilki haz\u0131rl\u0131q prosesind\u0259 k\u00f6n\u00fcll\u00fcl\u0259r m\u00fcxt\u0259lif t\u0259liml\u0259r, seminar v\u0259 dan\u0131\u015f\u0131q klublar\u0131nda da i\u015ftirak ed\u0259c\u0259kl\u0259r.&hellip;<\/p>\n","protected":false},"author":2,"featured_media":22079,"comment_status":"closed","ping_status":"closed","sticky":false,"template":"","format":"standard","meta":{"om_disable_all_campaigns":false,"_monsterinsights_skip_tracking":false,"_monsterinsights_sitenote_active":false,"_monsterinsights_sitenote_note":"","_monsterinsights_sitenote_category":0},"categories":[6],"tags":[],"aioseo_notices":[],"gutentor_comment":0,"rttpg_featured_image_url":{"full":["https:\/\/arantv.az\/wp-content\/uploads\/2018\/10\/utvg47e9e2k0v5n3b94spiinn6kon.png",800,450,false],"landscape":["https:\/\/arantv.az\/wp-content\/uploads\/2018\/10\/utvg47e9e2k0v5n3b94spiinn6kon.png",800,450,false],"portraits":["https:\/\/arantv.az\/wp-content\/uploads\/2018\/10\/utvg47e9e2k0v5n3b94spiinn6kon.png",800,450,false],"thumbnail":["https:\/\/arantv.az\/wp-content\/uploads\/2018\/10\/utvg47e9e2k0v5n3b94spiinn6kon-150x150.png",150,150,true],"medium":["https:\/\/arantv.az\/wp-content\/uploads\/2018\/10\/utvg47e9e2k0v5n3b94spiinn6kon-300x169.png",300,169,true],"large":["https:\/\/arantv.az\/wp-content\/uploads\/2018\/10\/utvg47e9e2k0v5n3b94spiinn6kon.png",640,360,false],"1536x1536":["https:\/\/arantv.az\/wp-content\/uploads\/2018\/10\/utvg47e9e2k0v5n3b94spiinn6kon.png",800,450,false],"2048x2048":["https:\/\/arantv.az\/wp-content\/uploads\/2018\/10\/utvg47e9e2k0v5n3b94spiinn6kon.png",800,450,false],"post-thumbnail":["https:\/\/arantv.az\/wp-content\/uploads\/2018\/10\/utvg47e9e2k0v5n3b94spiinn6kon-240x172.png",240,172,true],"advps-thumb-one":["https:\/\/arantv.az\/wp-content\/uploads\/2018\/10\/utvg47e9e2k0v5n3b94spiinn6kon.png",800,450,false]},"rttpg_author":{"display_name":"V\u00fcsal Rafiqo\u011flu","author_link":"https:\/\/arantv.az\/?author=2"},"rttpg_comment":0,"rttpg_category":"<a href=\"https:\/\/arantv.az\/?cat=6\" rel=\"category\">\u0130dman<\/a>","rttpg_excerpt":"ARANTV.AZ x\u0259b\u0259r verir ki, g\u0259l\u0259n ilin aprelind\u0259 Bak\u0131da ke\u00e7iril\u0259c\u0259k Formula 1 Az\u0259rbaycan Qran-Prisi \u00fc\u00e7\u00fcn k\u00f6n\u00fcll\u00fcl\u0259rin qeydiyyat\u0131na ba\u015flan\u0131l\u0131b. Builki k\u00f6n\u00fcll\u00fcl\u00fck proqram\u0131nda bir s\u0131ra yenilikl\u0259r n\u0259z\u0259rd\u0259 tutulub. 2019-cu ild\u0259 sayca d\u00f6rd\u00fcnc\u00fc d\u0259f\u0259 ke\u00e7iril\u0259c\u0259k Formula 1 Az\u0259rbaycan Qran-Prisinin t\u0259\u015fkilat\u00e7\u0131l\u0131q i\u015fl\u0259rin\u0259 \u00fcmumilikd\u0259 3 min k\u00f6n\u00fcll\u00fcn\u00fcn c\u0259lb olunmas\u0131 planla\u015fd\u0131r\u0131l\u0131b. Bir s\u0131ra yenilikl\u0259rin n\u0259z\u0259rd\u0259 tutuldu\u011fu k\u00f6n\u00fcll\u00fcl\u00fck proqram\u0131na se\u00e7ilm\u0259k \u00fc\u00e7\u00fcn namiz\u0259dl\u0259rd\u0259n xarici&hellip;","_links":{"self":[{"href":"https:\/\/arantv.az\/index.php?rest_route=\/wp\/v2\/posts\/22078"}],"collection":[{"href":"https:\/\/arantv.az\/index.php?rest_route=\/wp\/v2\/posts"}],"about":[{"href":"https:\/\/arantv.az\/index.php?rest_route=\/wp\/v2\/types\/post"}],"author":[{"embeddable":true,"href":"https:\/\/arantv.az\/index.php?rest_route=\/wp\/v2\/users\/2"}],"replies":[{"embeddable":true,"href":"https:\/\/arantv.az\/index.php?rest_route=%2Fwp%2Fv2%2Fcomments&post=22078"}],"version-history":[{"count":0,"href":"https:\/\/arantv.az\/index.php?rest_route=\/wp\/v2\/posts\/22078\/revisions"}],"wp:featuredmedia":[{"embeddable":true,"href":"https:\/\/arantv.az\/index.php?rest_route=\/wp\/v2\/media\/22079"}],"wp:attachment":[{"href":"https:\/\/arantv.az\/index.php?rest_route=%2Fwp%2Fv2%2Fmedia&parent=22078"}],"wp:term":[{"taxonomy":"category","embeddable":true,"href":"https:\/\/arantv.az\/index.php?rest_route=%2Fwp%2Fv2%2Fcategories&post=22078"},{"taxonomy":"post_tag","embeddable":true,"href":"https:\/\/arantv.az\/index.php?rest_route=%2Fwp%2Fv2%2Ftags&post=22078"}],"curies":[{"name":"wp","href":"https:\/\/api.w.org\/{rel}","templated":true}]}}