{"id":22084,"date":"2018-10-30T09:21:20","date_gmt":"2018-10-30T06:21:20","guid":{"rendered":"http:\/\/arantv.az\/?p=22084"},"modified":"2018-10-30T09:21:20","modified_gmt":"2018-10-30T06:21:20","slug":"g%c9%99d%c9%99b%c9%99yd%c9%99-kombinat-direktoru-c%c9%99rim%c9%99l%c9%99nib-foto","status":"publish","type":"post","link":"https:\/\/arantv.az\/?p=22084","title":{"rendered":"G\u0259d\u0259b\u0259yd\u0259 kombinat direktoru c\u0259rim\u0259l\u0259nib &#8211; FOTO"},"content":{"rendered":"<p>Ekologiya v\u0259 T\u0259bii S\u0259rv\u0259tl\u0259r Nazirliyin\u0259 G\u0259d\u0259b\u0259y rayonu S\u00f6y\u00fcdl\u00fc k\u0259ndi \u0259razisind\u0259n ke\u00e7\u0259n Qarasu \u00e7ay\u0131 h\u00f6vz\u0259sinin tullant\u0131larla \u00e7irkl\u0259ndirilm\u0259si il\u0259 ba\u011fl\u0131 daxil olan m\u0259lumat nazirliyin \u0259m\u0259kda\u015flar\u0131 t\u0259r\u0259find\u0259n yerind\u0259 ara\u015fd\u0131r\u0131l\u0131b.<\/p>\n<p><strong>ARANTV.AZ\u00a0<\/strong>\u00a0x\u0259b\u0259r verir ki, ara\u015fd\u0131rma zaman\u0131 G\u0259d\u0259b\u0259y rayon m\u0259i\u015f\u0259t tullant\u0131lar\u0131 poliqonunun hasara al\u0131nmamas\u0131 s\u0259b\u0259bind\u0259n tullant\u0131lar\u0131n bir qisminin poliqona yax\u0131n Qarasu \u00e7ay\u0131 h\u00f6vz\u0259sin\u0259 at\u0131ld\u0131\u011f\u0131 a\u015fkar edilib.<\/p>\n<p>Faktla ba\u011fl\u0131 tullant\u0131lar\u0131n idar\u0259 olunmas\u0131na cavabdeh G\u0259d\u0259b\u0259y rayonu Kommunal M\u00fc\u0259ssis\u0259l\u0259ri Kombinat\u0131n\u0131n direktoru\u00a0<strong>Yusif Mur\u011fuzov\u00a0<\/strong>bar\u0259sind\u0259 protokol t\u0259rtib edilib v\u0259 o, v\u0259zif\u0259li \u015f\u0259xs qismind\u0259 2000 manat m\u0259bl\u0259\u011find\u0259 c\u0259rim\u0259 olunub.<\/p>\n<div id=\"AdributorNativeVideo0\" class=\"AdributorNativeVideo\"><\/div>\n<p>Tullant\u0131lar\u0131n \u0259razid\u0259n t\u0259mizl\u0259nm\u0259si v\u0259 poliqonun hasara al\u0131nmas\u0131 m\u0259qs\u0259dil\u0259 Kombinat\u0131n direktoruna icras\u0131 m\u0259cburi olan m\u00fcdd\u0259tli \u201cm\u0259cburi g\u00f6st\u0259ri\u015f\u201d verilib.<\/p>\n<p>G\u0259d\u0259b\u0259y rayonu Kommunal M\u00fc\u0259ssis\u0259l\u0259ri Kombinat\u0131 t\u0259r\u0259find\u0259n \u0259razi tullant\u0131lardan t\u0259mizl\u0259nib v\u0259 poliqonun \u0259traf\u0131n\u0131n metal torla hasarlanmas\u0131 istiqam\u0259tind\u0259 i\u015fl\u0259r\u0259 ba\u015flan\u0131l\u0131b.<\/p>\n<div class=\"gallery\">\n<div class=\"gallery-i\"><img src=\"https:\/\/assets.oxu.az\/uploads\/W1siZiIsIjIwMTgvMTAvMzAvMTAvMTEvMzcvZTdiYTJiZDAtM2QzOS00ZTdmLTk2ZjgtODczZmY0ZjI2NTcyLzdmMDY0NzM5LWM0NDctNDJhYS1hNjJlLTJhZDYyM2NmNGM0Mi5qcGciXSxbInAiLCJlbmNvZGUiLCJqcGciLCItcXVhbGl0eSA4MCJdLFsicCIsInRodW1iIiwiNTkweDU5MFx1MDAzZSJdXQ?sha=4d0928fdc389100c\" alt=\"\" \/><\/p>\n<div class=\"gallery-i-caption\"><\/div>\n<\/div>\n<div class=\"gallery-i\"><img src=\"https:\/\/assets.oxu.az\/uploads\/W1siZiIsIjIwMTgvMTAvMzAvMTAvMTEvMzgvMjlhZjBiY2ItYjQ2MS00MDFlLWE2NWUtZTRiZWI1ODExYTBjLzhkOThmNzk5LTc5YzItNDYwYy04NzE3LWUzZjY5Zjg2ZjNhYy5qcGciXSxbInAiLCJlbmNvZGUiLCJqcGciLCItcXVhbGl0eSA4MCJdLFsicCIsInRodW1iIiwiNTkweDU5MFx1MDAzZSJdXQ?sha=7bad320d36624aec\" alt=\"\" \/><\/p>\n<div class=\"gallery-i-caption\"><\/div>\n<\/div>\n<div class=\"gallery-i\"><img src=\"https:\/\/assets.oxu.az\/uploads\/W1siZiIsIjIwMTgvMTAvMzAvMTAvMTEvMzkvMzdhYWQxNTctMWIxYy00NDIyLTg4OTItZWE4MDFjYTg5YWUyL2NmYmRhY2YwLWE2MjctNDU5Ni1iNGUwLWMxMjRlZDU5MzdmMi5qcGciXSxbInAiLCJlbmNvZGUiLCJqcGciLCItcXVhbGl0eSA4MCJdLFsicCIsInRodW1iIiwiNTkweDU5MFx1MDAzZSJdXQ?sha=aeab33d27fc32e4e\" alt=\"\" \/><\/div>\n<div>oxu.az<\/div>\n<\/div>\n","protected":false},"excerpt":{"rendered":"<p>Ekologiya v\u0259 T\u0259bii S\u0259rv\u0259tl\u0259r Nazirliyin\u0259 G\u0259d\u0259b\u0259y rayonu S\u00f6y\u00fcdl\u00fc k\u0259ndi \u0259razisind\u0259n ke\u00e7\u0259n Qarasu \u00e7ay\u0131 h\u00f6vz\u0259sinin tullant\u0131larla \u00e7irkl\u0259ndirilm\u0259si il\u0259 ba\u011fl\u0131 daxil olan m\u0259lumat nazirliyin \u0259m\u0259kda\u015flar\u0131 t\u0259r\u0259find\u0259n yerind\u0259 ara\u015fd\u0131r\u0131l\u0131b. ARANTV.AZ\u00a0\u00a0x\u0259b\u0259r verir ki, ara\u015fd\u0131rma zaman\u0131 G\u0259d\u0259b\u0259y rayon m\u0259i\u015f\u0259t tullant\u0131lar\u0131 poliqonunun hasara al\u0131nmamas\u0131 s\u0259b\u0259bind\u0259n tullant\u0131lar\u0131n bir qisminin poliqona yax\u0131n Qarasu \u00e7ay\u0131 h\u00f6vz\u0259sin\u0259 at\u0131ld\u0131\u011f\u0131 a\u015fkar edilib. Faktla ba\u011fl\u0131 tullant\u0131lar\u0131n idar\u0259 olunmas\u0131na cavabdeh G\u0259d\u0259b\u0259y rayonu Kommunal M\u00fc\u0259ssis\u0259l\u0259ri Kombinat\u0131n\u0131n direktoru\u00a0Yusif Mur\u011fuzov\u00a0bar\u0259sind\u0259 protokol t\u0259rtib edilib v\u0259 o, v\u0259zif\u0259li \u015f\u0259xs qismind\u0259 2000 manat m\u0259bl\u0259\u011find\u0259 c\u0259rim\u0259 olunub. Tullant\u0131lar\u0131n \u0259razid\u0259n t\u0259mizl\u0259nm\u0259si v\u0259 poliqonun hasara al\u0131nmas\u0131 m\u0259qs\u0259dil\u0259 Kombinat\u0131n direktoruna icras\u0131 m\u0259cburi olan m\u00fcdd\u0259tli&hellip;<\/p>\n","protected":false},"author":2,"featured_media":22085,"comment_status":"closed","ping_status":"closed","sticky":false,"template":"","format":"standard","meta":{"om_disable_all_campaigns":false,"_monsterinsights_skip_tracking":false,"_monsterinsights_sitenote_active":false,"_monsterinsights_sitenote_note":"","_monsterinsights_sitenote_category":0},"categories":[1],"tags":[],"aioseo_notices":[],"gutentor_comment":0,"rttpg_featured_image_url":{"full":["https:\/\/arantv.az\/wp-content\/uploads\/2018\/10\/1-8.jpg",620,414,false],"landscape":["https:\/\/arantv.az\/wp-content\/uploads\/2018\/10\/1-8.jpg",620,414,false],"portraits":["https:\/\/arantv.az\/wp-content\/uploads\/2018\/10\/1-8.jpg",620,414,false],"thumbnail":["https:\/\/arantv.az\/wp-content\/uploads\/2018\/10\/1-8-150x150.jpg",150,150,true],"medium":["https:\/\/arantv.az\/wp-content\/uploads\/2018\/10\/1-8-300x200.jpg",300,200,true],"large":["https:\/\/arantv.az\/wp-content\/uploads\/2018\/10\/1-8.jpg",620,414,false],"1536x1536":["https:\/\/arantv.az\/wp-content\/uploads\/2018\/10\/1-8.jpg",620,414,false],"2048x2048":["https:\/\/arantv.az\/wp-content\/uploads\/2018\/10\/1-8.jpg",620,414,false],"post-thumbnail":["https:\/\/arantv.az\/wp-content\/uploads\/2018\/10\/1-8-240x172.jpg",240,172,true],"advps-thumb-one":["https:\/\/arantv.az\/wp-content\/uploads\/2018\/10\/1-8.jpg",620,414,false]},"rttpg_author":{"display_name":"V\u00fcsal Rafiqo\u011flu","author_link":"https:\/\/arantv.az\/?author=2"},"rttpg_comment":0,"rttpg_category":"<a href=\"https:\/\/arantv.az\/?cat=1\" rel=\"category\">C\u0259miyy\u0259t<\/a>","rttpg_excerpt":"Ekologiya v\u0259 T\u0259bii S\u0259rv\u0259tl\u0259r Nazirliyin\u0259 G\u0259d\u0259b\u0259y rayonu S\u00f6y\u00fcdl\u00fc k\u0259ndi \u0259razisind\u0259n ke\u00e7\u0259n Qarasu \u00e7ay\u0131 h\u00f6vz\u0259sinin tullant\u0131larla \u00e7irkl\u0259ndirilm\u0259si il\u0259 ba\u011fl\u0131 daxil olan m\u0259lumat nazirliyin \u0259m\u0259kda\u015flar\u0131 t\u0259r\u0259find\u0259n yerind\u0259 ara\u015fd\u0131r\u0131l\u0131b. ARANTV.AZ\u00a0\u00a0x\u0259b\u0259r verir ki, ara\u015fd\u0131rma zaman\u0131 G\u0259d\u0259b\u0259y rayon m\u0259i\u015f\u0259t tullant\u0131lar\u0131 poliqonunun hasara al\u0131nmamas\u0131 s\u0259b\u0259bind\u0259n tullant\u0131lar\u0131n bir qisminin poliqona yax\u0131n Qarasu \u00e7ay\u0131 h\u00f6vz\u0259sin\u0259 at\u0131ld\u0131\u011f\u0131 a\u015fkar edilib. Faktla ba\u011fl\u0131 tullant\u0131lar\u0131n idar\u0259 olunmas\u0131na&hellip;","_links":{"self":[{"href":"https:\/\/arantv.az\/index.php?rest_route=\/wp\/v2\/posts\/22084"}],"collection":[{"href":"https:\/\/arantv.az\/index.php?rest_route=\/wp\/v2\/posts"}],"about":[{"href":"https:\/\/arantv.az\/index.php?rest_route=\/wp\/v2\/types\/post"}],"author":[{"embeddable":true,"href":"https:\/\/arantv.az\/index.php?rest_route=\/wp\/v2\/users\/2"}],"replies":[{"embeddable":true,"href":"https:\/\/arantv.az\/index.php?rest_route=%2Fwp%2Fv2%2Fcomments&post=22084"}],"version-history":[{"count":0,"href":"https:\/\/arantv.az\/index.php?rest_route=\/wp\/v2\/posts\/22084\/revisions"}],"wp:featuredmedia":[{"embeddable":true,"href":"https:\/\/arantv.az\/index.php?rest_route=\/wp\/v2\/media\/22085"}],"wp:attachment":[{"href":"https:\/\/arantv.az\/index.php?rest_route=%2Fwp%2Fv2%2Fmedia&parent=22084"}],"wp:term":[{"taxonomy":"category","embeddable":true,"href":"https:\/\/arantv.az\/index.php?rest_route=%2Fwp%2Fv2%2Fcategories&post=22084"},{"taxonomy":"post_tag","embeddable":true,"href":"https:\/\/arantv.az\/index.php?rest_route=%2Fwp%2Fv2%2Ftags&post=22084"}],"curies":[{"name":"wp","href":"https:\/\/api.w.org\/{rel}","templated":true}]}}