{"id":22091,"date":"2018-10-30T09:36:39","date_gmt":"2018-10-30T06:36:39","guid":{"rendered":"http:\/\/arantv.az\/?p=22091"},"modified":"2018-10-30T09:36:39","modified_gmt":"2018-10-30T06:36:39","slug":"qulam-ishaqzai-az%c9%99rbaycanin-tolerantliq-multikulturalizm-t%c9%99crub%c9%99si-dunyaya-numun%c9%99dir","status":"publish","type":"post","link":"https:\/\/arantv.az\/?p=22091","title":{"rendered":"Qulam \u0130shaqzai: &#8220;Az\u0259rbaycan\u0131n tolerantl\u0131q, multikulturalizm t\u0259cr\u00fcb\u0259si d\u00fcnyaya n\u00fcmun\u0259dir&#8221;"},"content":{"rendered":"<p><strong>ARANTV.AZ<\/strong> x\u0259b\u0259r verir ki, Az\u0259rbaycan\u0131n tolerantl\u0131q, multikulturalizm t\u0259cr\u00fcb\u0259si d\u00fcnyaya n\u00fcmun\u0259dir. Birl\u0259\u015fmi\u015f Mill\u0259tl\u0259r T\u0259\u015fkilat\u0131n\u0131n Az\u0259rbaycandak\u0131 Rezident \u018flaq\u0259l\u0259ndiricisi<em>\u00a0<\/em>Qulam \u0130shaqzai 6-ci Bak\u0131 Beyn\u0259lxalq Humanitar Forumun \u0259h\u0259miyy\u0259tini \u015f\u0259rh ed\u0259rk\u0259n bel\u0259 deyib. Onun fikrinc\u0259, bu Forum d\u00fcnya \u00f6lk\u0259l\u0259rinin n\u00fcfuzlu \u015f\u0259xsl\u0259rinin bir araya g\u0259tirilm\u0259si, regional v\u0259 beyn\u0259lxalq \u0259m\u0259kda\u015fl\u0131q bax\u0131m\u0131ndan m\u00fcst\u0259sna \u0259h\u0259miyy\u0259t\u0259 malikdir.<\/p>\n<p>D\u00fcnyada m\u00fcnaqi\u015f\u0259l\u0259rin, toqqu\u015fmalar\u0131n ba\u015f verdiyi, g\u0259rginlikl\u0259rin artd\u0131\u011f\u0131 bir zamanda b\u0259\u015f\u0259riyy\u0259ti narahat ed\u0259n m\u0259s\u0259l\u0259l\u0259rin Bak\u0131da ke\u00e7iril\u0259n\u00a0 6-ci Beyn\u0259lxalq Humanitar Forumda m\u00fczakir\u0259si son d\u0259r\u0259c\u0259 \u0259h\u0259miyy\u0259tlidir. Regionda v\u0259 beyn\u0259lxalq m\u0259kanda t\u0259hl\u00fck\u0259sizliyi t\u0259hdid ed\u0259n riskl\u0259rin h\u0259ddind\u0259n \u00e7ox oldu\u011fu bir vaxtda Az\u0259rbaycan\u0131n bel\u0259 bir Foruma ev sahibliyi etm\u0259si, humanitar d\u0259y\u0259rl\u0259ri, insani duy\u011fular\u0131 \u00f6n\u0259 \u00e7\u0259km\u0259si d\u00fcnyaya \u00e7a\u011f\u0131r\u0131\u015f kimi yadda qald\u0131. BMT-nin Az\u0259rbaycandak\u0131 Rezident \u018flaq\u0259l\u0259ndiricisi Qulam \u0130saqzai hesab edir ki, i\u015fini u\u011furla ba\u015fa \u00e7atd\u0131ran Forumda m\u00fczakir\u0259 olunmu\u015f m\u0259s\u0259l\u0259l\u0259r, apar\u0131lm\u0131\u015f diskussiyalar birg\u0259 \u0259m\u0259kda\u015fl\u0131\u011fa, qar\u015f\u0131ya qoyulan m\u0259qs\u0259dl\u0259r\u0259 b\u00f6y\u00fck t\u00f6hf\u0259 olacaq.<\/p>\n<p>Az\u0259rbaycan\u0131n bu Forumu ke\u00e7irm\u0259kl\u0259, BMT \u00fc\u00e7\u00fcn t\u0259cr\u00fcb\u0259 m\u00fcbadil\u0259si bax\u0131m\u0131ndan da geni\u015f imkanlar yaratd\u0131\u011f\u0131n\u0131 dey\u0259n Qulam \u0130shaqzai \u00f6lk\u0259mizin\u00a0h\u00fcquqi\u00a0 v\u0259 t\u0259hl\u00fck\u0259sizlik m\u00fcst\u0259visind\u0259 d\u00fcnya ictimaiyy\u0259tin\u0259 verdiyi t\u00f6vh\u0259l\u0259ri y\u00fcks\u0259k qiym\u0259tl\u0259ndirdi.<\/p>\n","protected":false},"excerpt":{"rendered":"<p>ARANTV.AZ x\u0259b\u0259r verir ki, Az\u0259rbaycan\u0131n tolerantl\u0131q, multikulturalizm t\u0259cr\u00fcb\u0259si d\u00fcnyaya n\u00fcmun\u0259dir. Birl\u0259\u015fmi\u015f Mill\u0259tl\u0259r T\u0259\u015fkilat\u0131n\u0131n Az\u0259rbaycandak\u0131 Rezident \u018flaq\u0259l\u0259ndiricisi\u00a0Qulam \u0130shaqzai 6-ci Bak\u0131 Beyn\u0259lxalq Humanitar Forumun \u0259h\u0259miyy\u0259tini \u015f\u0259rh ed\u0259rk\u0259n bel\u0259 deyib. Onun fikrinc\u0259, bu Forum d\u00fcnya \u00f6lk\u0259l\u0259rinin n\u00fcfuzlu \u015f\u0259xsl\u0259rinin bir araya g\u0259tirilm\u0259si, regional v\u0259 beyn\u0259lxalq \u0259m\u0259kda\u015fl\u0131q bax\u0131m\u0131ndan m\u00fcst\u0259sna \u0259h\u0259miyy\u0259t\u0259 malikdir. D\u00fcnyada m\u00fcnaqi\u015f\u0259l\u0259rin, toqqu\u015fmalar\u0131n ba\u015f verdiyi, g\u0259rginlikl\u0259rin artd\u0131\u011f\u0131 bir zamanda b\u0259\u015f\u0259riyy\u0259ti narahat ed\u0259n m\u0259s\u0259l\u0259l\u0259rin Bak\u0131da ke\u00e7iril\u0259n\u00a0 6-ci Beyn\u0259lxalq Humanitar Forumda m\u00fczakir\u0259si son d\u0259r\u0259c\u0259 \u0259h\u0259miyy\u0259tlidir. Regionda v\u0259 beyn\u0259lxalq m\u0259kanda t\u0259hl\u00fck\u0259sizliyi t\u0259hdid ed\u0259n riskl\u0259rin h\u0259ddind\u0259n \u00e7ox oldu\u011fu bir vaxtda Az\u0259rbaycan\u0131n bel\u0259 bir Foruma ev sahibliyi etm\u0259si, humanitar&hellip;<\/p>\n","protected":false},"author":2,"featured_media":22092,"comment_status":"closed","ping_status":"closed","sticky":false,"template":"","format":"standard","meta":{"om_disable_all_campaigns":false,"_monsterinsights_skip_tracking":false,"_monsterinsights_sitenote_active":false,"_monsterinsights_sitenote_note":"","_monsterinsights_sitenote_category":0},"categories":[1],"tags":[],"aioseo_notices":[],"gutentor_comment":0,"rttpg_featured_image_url":{"full":["https:\/\/arantv.az\/wp-content\/uploads\/2018\/10\/utvg47e9e2k0v5n3b94spiinn6qul.jpg",1920,1280,false],"landscape":["https:\/\/arantv.az\/wp-content\/uploads\/2018\/10\/utvg47e9e2k0v5n3b94spiinn6qul.jpg",1920,1280,false],"portraits":["https:\/\/arantv.az\/wp-content\/uploads\/2018\/10\/utvg47e9e2k0v5n3b94spiinn6qul.jpg",1920,1280,false],"thumbnail":["https:\/\/arantv.az\/wp-content\/uploads\/2018\/10\/utvg47e9e2k0v5n3b94spiinn6qul-150x150.jpg",150,150,true],"medium":["https:\/\/arantv.az\/wp-content\/uploads\/2018\/10\/utvg47e9e2k0v5n3b94spiinn6qul-300x200.jpg",300,200,true],"large":["https:\/\/arantv.az\/wp-content\/uploads\/2018\/10\/utvg47e9e2k0v5n3b94spiinn6qul-1024x683.jpg",640,427,true],"1536x1536":["https:\/\/arantv.az\/wp-content\/uploads\/2018\/10\/utvg47e9e2k0v5n3b94spiinn6qul.jpg",1536,1024,false],"2048x2048":["https:\/\/arantv.az\/wp-content\/uploads\/2018\/10\/utvg47e9e2k0v5n3b94spiinn6qul.jpg",1920,1280,false],"post-thumbnail":["https:\/\/arantv.az\/wp-content\/uploads\/2018\/10\/utvg47e9e2k0v5n3b94spiinn6qul-240x172.jpg",240,172,true],"advps-thumb-one":["https:\/\/arantv.az\/wp-content\/uploads\/2018\/10\/utvg47e9e2k0v5n3b94spiinn6qul-1200x620.jpg",1200,620,true]},"rttpg_author":{"display_name":"V\u00fcsal Rafiqo\u011flu","author_link":"https:\/\/arantv.az\/?author=2"},"rttpg_comment":0,"rttpg_category":"<a href=\"https:\/\/arantv.az\/?cat=1\" rel=\"category\">C\u0259miyy\u0259t<\/a>","rttpg_excerpt":"ARANTV.AZ x\u0259b\u0259r verir ki, Az\u0259rbaycan\u0131n tolerantl\u0131q, multikulturalizm t\u0259cr\u00fcb\u0259si d\u00fcnyaya n\u00fcmun\u0259dir. Birl\u0259\u015fmi\u015f Mill\u0259tl\u0259r T\u0259\u015fkilat\u0131n\u0131n Az\u0259rbaycandak\u0131 Rezident \u018flaq\u0259l\u0259ndiricisi\u00a0Qulam \u0130shaqzai 6-ci Bak\u0131 Beyn\u0259lxalq Humanitar Forumun \u0259h\u0259miyy\u0259tini \u015f\u0259rh ed\u0259rk\u0259n bel\u0259 deyib. Onun fikrinc\u0259, bu Forum d\u00fcnya \u00f6lk\u0259l\u0259rinin n\u00fcfuzlu \u015f\u0259xsl\u0259rinin bir araya g\u0259tirilm\u0259si, regional v\u0259 beyn\u0259lxalq \u0259m\u0259kda\u015fl\u0131q bax\u0131m\u0131ndan m\u00fcst\u0259sna \u0259h\u0259miyy\u0259t\u0259 malikdir. D\u00fcnyada m\u00fcnaqi\u015f\u0259l\u0259rin, toqqu\u015fmalar\u0131n ba\u015f verdiyi, g\u0259rginlikl\u0259rin artd\u0131\u011f\u0131 bir zamanda&hellip;","_links":{"self":[{"href":"https:\/\/arantv.az\/index.php?rest_route=\/wp\/v2\/posts\/22091"}],"collection":[{"href":"https:\/\/arantv.az\/index.php?rest_route=\/wp\/v2\/posts"}],"about":[{"href":"https:\/\/arantv.az\/index.php?rest_route=\/wp\/v2\/types\/post"}],"author":[{"embeddable":true,"href":"https:\/\/arantv.az\/index.php?rest_route=\/wp\/v2\/users\/2"}],"replies":[{"embeddable":true,"href":"https:\/\/arantv.az\/index.php?rest_route=%2Fwp%2Fv2%2Fcomments&post=22091"}],"version-history":[{"count":0,"href":"https:\/\/arantv.az\/index.php?rest_route=\/wp\/v2\/posts\/22091\/revisions"}],"wp:featuredmedia":[{"embeddable":true,"href":"https:\/\/arantv.az\/index.php?rest_route=\/wp\/v2\/media\/22092"}],"wp:attachment":[{"href":"https:\/\/arantv.az\/index.php?rest_route=%2Fwp%2Fv2%2Fmedia&parent=22091"}],"wp:term":[{"taxonomy":"category","embeddable":true,"href":"https:\/\/arantv.az\/index.php?rest_route=%2Fwp%2Fv2%2Fcategories&post=22091"},{"taxonomy":"post_tag","embeddable":true,"href":"https:\/\/arantv.az\/index.php?rest_route=%2Fwp%2Fv2%2Ftags&post=22091"}],"curies":[{"name":"wp","href":"https:\/\/api.w.org\/{rel}","templated":true}]}}