{"id":22102,"date":"2018-10-30T09:41:12","date_gmt":"2018-10-30T06:41:12","guid":{"rendered":"http:\/\/arantv.az\/?p=22102"},"modified":"2018-10-30T09:41:12","modified_gmt":"2018-10-30T06:41:12","slug":"az%c9%99rbaycan-v%c9%99-erm%c9%99nistan-qosunlarinin-t%c9%99mas-x%c9%99ttind%c9%99-novb%c9%99ti-monitorinq-keciril%c9%99c%c9%99k-5","status":"publish","type":"post","link":"https:\/\/arantv.az\/?p=22102","title":{"rendered":"Az\u0259rbaycan v\u0259 Erm\u0259nistan qo\u015funlar\u0131n\u0131n t\u0259mas x\u0259ttind\u0259 n\u00f6vb\u0259ti monitorinq ke\u00e7iril\u0259c\u0259k"},"content":{"rendered":"<div class=\"vi_text\">\n<p><strong>ARANTV.AZ<\/strong> x\u0259b\u0259r verir ki, AT\u018fT-in f\u0259aliyy\u0259td\u0259 olan s\u0259drinin \u015f\u0259xsi n\u00fcmay\u0259nd\u0259sinin mandat\u0131na uy\u011fun olaraq, oktyabr\u0131n 31-d\u0259 A\u011fdam rayonu istiqam\u0259tind\u0259 Az\u0259rbaycan v\u0259 Erm\u0259nistan qo\u015funlar\u0131n\u0131n t\u0259mas x\u0259ttind\u0259 n\u00f6vb\u0259ti monitorinqin ke\u00e7irilm\u0259si planla\u015fd\u0131r\u0131l\u0131r.<br \/>\nMonitorinqi Az\u0259rbaycan t\u0259r\u0259find\u0259n AT\u018fT-in f\u0259aliyy\u0259td\u0259 olan s\u0259drinin \u015f\u0259xsi n\u00fcmay\u0259nd\u0259sinin s\u0259hra k\u00f6m\u0259k\u00e7il\u0259ri Mixail Olaru v\u0259 Saymon Tiller ke\u00e7ir\u0259c\u0259kl\u0259r.<br \/>\nErm\u0259nistan silahl\u0131 q\u00fcvv\u0259l\u0259ri t\u0259r\u0259find\u0259n i\u015f\u011fal edilmi\u015f v\u0259 n\u0259zar\u0259t olunan Az\u0259rbaycan \u0259razisind\u0259 monitorinqi AT\u018fT-in f\u0259aliyy\u0259td\u0259 olan s\u0259drinin \u015f\u0259xsi n\u00fcmay\u0259nd\u0259si Anjey Kasp\u015fik, onun s\u0259hra k\u00f6m\u0259k\u00e7isi Gennadi Petrika, AT\u018fT-in Minsk Qrupunun h\u0259ms\u0259drl\u0259ri \u0130qor Popov, Stefan Viskonti v\u0259 onun \u015f\u0259xsi k\u00f6m\u0259k\u00e7isi K\u00fcanti de Rankur, el\u0259c\u0259 d\u0259 Endryu \u015eofer v\u0259 onun \u015f\u0259xsi k\u00f6m\u0259k\u00e7isi Devid B\u00f6rn\u015fteyn ke\u00e7ir\u0259c\u0259kl\u0259r.<\/p>\n<\/div>\n<p><img src=\"https:\/\/mod.gov.az\/\/images\/gallery\/a1c449f92207b110633baccffa72ada6.jpg\" \/><\/p>\n","protected":false},"excerpt":{"rendered":"<p>ARANTV.AZ x\u0259b\u0259r verir ki, AT\u018fT-in f\u0259aliyy\u0259td\u0259 olan s\u0259drinin \u015f\u0259xsi n\u00fcmay\u0259nd\u0259sinin mandat\u0131na uy\u011fun olaraq, oktyabr\u0131n 31-d\u0259 A\u011fdam rayonu istiqam\u0259tind\u0259 Az\u0259rbaycan v\u0259 Erm\u0259nistan qo\u015funlar\u0131n\u0131n t\u0259mas x\u0259ttind\u0259 n\u00f6vb\u0259ti monitorinqin ke\u00e7irilm\u0259si planla\u015fd\u0131r\u0131l\u0131r. Monitorinqi Az\u0259rbaycan t\u0259r\u0259find\u0259n AT\u018fT-in f\u0259aliyy\u0259td\u0259 olan s\u0259drinin \u015f\u0259xsi n\u00fcmay\u0259nd\u0259sinin s\u0259hra k\u00f6m\u0259k\u00e7il\u0259ri Mixail Olaru v\u0259 Saymon Tiller ke\u00e7ir\u0259c\u0259kl\u0259r. Erm\u0259nistan silahl\u0131 q\u00fcvv\u0259l\u0259ri t\u0259r\u0259find\u0259n i\u015f\u011fal edilmi\u015f v\u0259 n\u0259zar\u0259t olunan Az\u0259rbaycan \u0259razisind\u0259 monitorinqi AT\u018fT-in f\u0259aliyy\u0259td\u0259 olan s\u0259drinin \u015f\u0259xsi n\u00fcmay\u0259nd\u0259si Anjey Kasp\u015fik, onun s\u0259hra k\u00f6m\u0259k\u00e7isi Gennadi Petrika, AT\u018fT-in Minsk Qrupunun h\u0259ms\u0259drl\u0259ri \u0130qor Popov, Stefan Viskonti v\u0259 onun \u015f\u0259xsi k\u00f6m\u0259k\u00e7isi K\u00fcanti de Rankur, el\u0259c\u0259 d\u0259 Endryu \u015eofer v\u0259&hellip;<\/p>\n","protected":false},"author":2,"featured_media":22103,"comment_status":"closed","ping_status":"closed","sticky":false,"template":"","format":"standard","meta":{"om_disable_all_campaigns":false,"_monsterinsights_skip_tracking":false,"_monsterinsights_sitenote_active":false,"_monsterinsights_sitenote_note":"","_monsterinsights_sitenote_category":0},"categories":[19],"tags":[],"aioseo_notices":[],"gutentor_comment":0,"rttpg_featured_image_url":{"full":["https:\/\/arantv.az\/wp-content\/uploads\/2018\/10\/a1c449f92207b110633baccffa72ada6-2.jpg",1000,612,false],"landscape":["https:\/\/arantv.az\/wp-content\/uploads\/2018\/10\/a1c449f92207b110633baccffa72ada6-2.jpg",1000,612,false],"portraits":["https:\/\/arantv.az\/wp-content\/uploads\/2018\/10\/a1c449f92207b110633baccffa72ada6-2.jpg",1000,612,false],"thumbnail":["https:\/\/arantv.az\/wp-content\/uploads\/2018\/10\/a1c449f92207b110633baccffa72ada6-2-150x150.jpg",150,150,true],"medium":["https:\/\/arantv.az\/wp-content\/uploads\/2018\/10\/a1c449f92207b110633baccffa72ada6-2-300x184.jpg",300,184,true],"large":["https:\/\/arantv.az\/wp-content\/uploads\/2018\/10\/a1c449f92207b110633baccffa72ada6-2.jpg",640,392,false],"1536x1536":["https:\/\/arantv.az\/wp-content\/uploads\/2018\/10\/a1c449f92207b110633baccffa72ada6-2.jpg",1000,612,false],"2048x2048":["https:\/\/arantv.az\/wp-content\/uploads\/2018\/10\/a1c449f92207b110633baccffa72ada6-2.jpg",1000,612,false],"post-thumbnail":["https:\/\/arantv.az\/wp-content\/uploads\/2018\/10\/a1c449f92207b110633baccffa72ada6-2-240x172.jpg",240,172,true],"advps-thumb-one":["https:\/\/arantv.az\/wp-content\/uploads\/2018\/10\/a1c449f92207b110633baccffa72ada6-2.jpg",1000,612,false]},"rttpg_author":{"display_name":"V\u00fcsal Rafiqo\u011flu","author_link":"https:\/\/arantv.az\/?author=2"},"rttpg_comment":0,"rttpg_category":"<a href=\"https:\/\/arantv.az\/?cat=19\" rel=\"category\">G\u00fcnd\u0259m<\/a>","rttpg_excerpt":"ARANTV.AZ x\u0259b\u0259r verir ki, AT\u018fT-in f\u0259aliyy\u0259td\u0259 olan s\u0259drinin \u015f\u0259xsi n\u00fcmay\u0259nd\u0259sinin mandat\u0131na uy\u011fun olaraq, oktyabr\u0131n 31-d\u0259 A\u011fdam rayonu istiqam\u0259tind\u0259 Az\u0259rbaycan v\u0259 Erm\u0259nistan qo\u015funlar\u0131n\u0131n t\u0259mas x\u0259ttind\u0259 n\u00f6vb\u0259ti monitorinqin ke\u00e7irilm\u0259si planla\u015fd\u0131r\u0131l\u0131r. Monitorinqi Az\u0259rbaycan t\u0259r\u0259find\u0259n AT\u018fT-in f\u0259aliyy\u0259td\u0259 olan s\u0259drinin \u015f\u0259xsi n\u00fcmay\u0259nd\u0259sinin s\u0259hra k\u00f6m\u0259k\u00e7il\u0259ri Mixail Olaru v\u0259 Saymon Tiller ke\u00e7ir\u0259c\u0259kl\u0259r. Erm\u0259nistan silahl\u0131 q\u00fcvv\u0259l\u0259ri t\u0259r\u0259find\u0259n i\u015f\u011fal edilmi\u015f v\u0259 n\u0259zar\u0259t olunan Az\u0259rbaycan&hellip;","_links":{"self":[{"href":"https:\/\/arantv.az\/index.php?rest_route=\/wp\/v2\/posts\/22102"}],"collection":[{"href":"https:\/\/arantv.az\/index.php?rest_route=\/wp\/v2\/posts"}],"about":[{"href":"https:\/\/arantv.az\/index.php?rest_route=\/wp\/v2\/types\/post"}],"author":[{"embeddable":true,"href":"https:\/\/arantv.az\/index.php?rest_route=\/wp\/v2\/users\/2"}],"replies":[{"embeddable":true,"href":"https:\/\/arantv.az\/index.php?rest_route=%2Fwp%2Fv2%2Fcomments&post=22102"}],"version-history":[{"count":0,"href":"https:\/\/arantv.az\/index.php?rest_route=\/wp\/v2\/posts\/22102\/revisions"}],"wp:featuredmedia":[{"embeddable":true,"href":"https:\/\/arantv.az\/index.php?rest_route=\/wp\/v2\/media\/22103"}],"wp:attachment":[{"href":"https:\/\/arantv.az\/index.php?rest_route=%2Fwp%2Fv2%2Fmedia&parent=22102"}],"wp:term":[{"taxonomy":"category","embeddable":true,"href":"https:\/\/arantv.az\/index.php?rest_route=%2Fwp%2Fv2%2Fcategories&post=22102"},{"taxonomy":"post_tag","embeddable":true,"href":"https:\/\/arantv.az\/index.php?rest_route=%2Fwp%2Fv2%2Ftags&post=22102"}],"curies":[{"name":"wp","href":"https:\/\/api.w.org\/{rel}","templated":true}]}}