{"id":22105,"date":"2018-10-30T10:06:58","date_gmt":"2018-10-30T07:06:58","guid":{"rendered":"http:\/\/arantv.az\/?p=22105"},"modified":"2018-10-30T10:06:58","modified_gmt":"2018-10-30T07:06:58","slug":"t%c9%99rlan-%c9%99hm%c9%99dov-ozun%c9%99-is-tapdi","status":"publish","type":"post","link":"https:\/\/arantv.az\/?p=22105","title":{"rendered":"T\u0259rlan \u018fhm\u0259dov \u00f6z\u00fcn\u0259 i\u015f tapd\u0131"},"content":{"rendered":"<p>Bu g\u00fcn \u201cKe\u015fl\u0259\u201d Futbol Klubunun\u00a0M\u00fc\u015fahid\u0259 \u015euras\u0131n\u0131n iclas\u0131 ke\u00e7irilib.<\/p>\n<p><strong>ARANTV.AZ\u00a0\u00a0<\/strong>x\u0259b\u0259r verir ki, \u015furan\u0131n iclas\u0131nda q\u0259s\u0259b\u0259 komandas\u0131n\u0131n ba\u015f m\u0259\u015fq\u00e7i v\u0259zif\u0259sin\u0259\u00a0<strong>T\u0259rlan \u018fhm\u0259dov<\/strong>\u00a0t\u0259yin olunub.<\/p>\n<p>Sonuncu d\u0259f\u0259 \u201cNeft\u00e7i\u201dni \u00e7al\u0131\u015fd\u0131rm\u0131\u015f az\u0259rbaycanl\u0131 m\u00fct\u0259x\u0259ssisl\u0259 m\u00fcqavil\u0259 cari m\u00f6vs\u00fcm\u00fcn sonunad\u0259k imzalan\u0131b.<\/p>\n<p>Qeyd ed\u0259k ki, d\u00fcn\u0259n Bak\u0131 komandas\u0131 serbiyal\u0131 \u00e7al\u0131\u015fd\u0131r\u0131c\u0131\u00a0<strong>Mladen Milinkovi\u00e7<\/strong>l\u0259 m\u00fcqavil\u0259y\u0259 xitam verib. \u201cKe\u015fl\u0259\u201d haz\u0131rda sondan ikinci pill\u0259d\u0259dir.oxu.az<\/p>\n","protected":false},"excerpt":{"rendered":"<p>Bu g\u00fcn \u201cKe\u015fl\u0259\u201d Futbol Klubunun\u00a0M\u00fc\u015fahid\u0259 \u015euras\u0131n\u0131n iclas\u0131 ke\u00e7irilib. ARANTV.AZ\u00a0\u00a0x\u0259b\u0259r verir ki, \u015furan\u0131n iclas\u0131nda q\u0259s\u0259b\u0259 komandas\u0131n\u0131n ba\u015f m\u0259\u015fq\u00e7i v\u0259zif\u0259sin\u0259\u00a0T\u0259rlan \u018fhm\u0259dov\u00a0t\u0259yin olunub. Sonuncu d\u0259f\u0259 \u201cNeft\u00e7i\u201dni \u00e7al\u0131\u015fd\u0131rm\u0131\u015f az\u0259rbaycanl\u0131 m\u00fct\u0259x\u0259ssisl\u0259 m\u00fcqavil\u0259 cari m\u00f6vs\u00fcm\u00fcn sonunad\u0259k imzalan\u0131b. Qeyd ed\u0259k ki, d\u00fcn\u0259n Bak\u0131 komandas\u0131 serbiyal\u0131 \u00e7al\u0131\u015fd\u0131r\u0131c\u0131\u00a0Mladen Milinkovi\u00e7l\u0259 m\u00fcqavil\u0259y\u0259 xitam verib. \u201cKe\u015fl\u0259\u201d haz\u0131rda sondan ikinci pill\u0259d\u0259dir.oxu.az<\/p>\n","protected":false},"author":2,"featured_media":22106,"comment_status":"closed","ping_status":"closed","sticky":false,"template":"","format":"standard","meta":{"om_disable_all_campaigns":false,"_monsterinsights_skip_tracking":false,"_monsterinsights_sitenote_active":false,"_monsterinsights_sitenote_note":"","_monsterinsights_sitenote_category":0},"categories":[6],"tags":[],"aioseo_notices":[],"gutentor_comment":0,"rttpg_featured_image_url":{"full":["https:\/\/arantv.az\/wp-content\/uploads\/2018\/10\/terlan.jpg",620,413,false],"landscape":["https:\/\/arantv.az\/wp-content\/uploads\/2018\/10\/terlan.jpg",620,413,false],"portraits":["https:\/\/arantv.az\/wp-content\/uploads\/2018\/10\/terlan.jpg",620,413,false],"thumbnail":["https:\/\/arantv.az\/wp-content\/uploads\/2018\/10\/terlan-150x150.jpg",150,150,true],"medium":["https:\/\/arantv.az\/wp-content\/uploads\/2018\/10\/terlan-300x200.jpg",300,200,true],"large":["https:\/\/arantv.az\/wp-content\/uploads\/2018\/10\/terlan.jpg",620,413,false],"1536x1536":["https:\/\/arantv.az\/wp-content\/uploads\/2018\/10\/terlan.jpg",620,413,false],"2048x2048":["https:\/\/arantv.az\/wp-content\/uploads\/2018\/10\/terlan.jpg",620,413,false],"post-thumbnail":["https:\/\/arantv.az\/wp-content\/uploads\/2018\/10\/terlan-240x172.jpg",240,172,true],"advps-thumb-one":["https:\/\/arantv.az\/wp-content\/uploads\/2018\/10\/terlan.jpg",620,413,false]},"rttpg_author":{"display_name":"V\u00fcsal Rafiqo\u011flu","author_link":"https:\/\/arantv.az\/?author=2"},"rttpg_comment":0,"rttpg_category":"<a href=\"https:\/\/arantv.az\/?cat=6\" rel=\"category\">\u0130dman<\/a>","rttpg_excerpt":"Bu g\u00fcn \u201cKe\u015fl\u0259\u201d Futbol Klubunun\u00a0M\u00fc\u015fahid\u0259 \u015euras\u0131n\u0131n iclas\u0131 ke\u00e7irilib. ARANTV.AZ\u00a0\u00a0x\u0259b\u0259r verir ki, \u015furan\u0131n iclas\u0131nda q\u0259s\u0259b\u0259 komandas\u0131n\u0131n ba\u015f m\u0259\u015fq\u00e7i v\u0259zif\u0259sin\u0259\u00a0T\u0259rlan \u018fhm\u0259dov\u00a0t\u0259yin olunub. Sonuncu d\u0259f\u0259 \u201cNeft\u00e7i\u201dni \u00e7al\u0131\u015fd\u0131rm\u0131\u015f az\u0259rbaycanl\u0131 m\u00fct\u0259x\u0259ssisl\u0259 m\u00fcqavil\u0259 cari m\u00f6vs\u00fcm\u00fcn sonunad\u0259k imzalan\u0131b. Qeyd ed\u0259k ki, d\u00fcn\u0259n Bak\u0131 komandas\u0131 serbiyal\u0131 \u00e7al\u0131\u015fd\u0131r\u0131c\u0131\u00a0Mladen Milinkovi\u00e7l\u0259 m\u00fcqavil\u0259y\u0259 xitam verib. \u201cKe\u015fl\u0259\u201d haz\u0131rda sondan ikinci pill\u0259d\u0259dir.oxu.az","_links":{"self":[{"href":"https:\/\/arantv.az\/index.php?rest_route=\/wp\/v2\/posts\/22105"}],"collection":[{"href":"https:\/\/arantv.az\/index.php?rest_route=\/wp\/v2\/posts"}],"about":[{"href":"https:\/\/arantv.az\/index.php?rest_route=\/wp\/v2\/types\/post"}],"author":[{"embeddable":true,"href":"https:\/\/arantv.az\/index.php?rest_route=\/wp\/v2\/users\/2"}],"replies":[{"embeddable":true,"href":"https:\/\/arantv.az\/index.php?rest_route=%2Fwp%2Fv2%2Fcomments&post=22105"}],"version-history":[{"count":0,"href":"https:\/\/arantv.az\/index.php?rest_route=\/wp\/v2\/posts\/22105\/revisions"}],"wp:featuredmedia":[{"embeddable":true,"href":"https:\/\/arantv.az\/index.php?rest_route=\/wp\/v2\/media\/22106"}],"wp:attachment":[{"href":"https:\/\/arantv.az\/index.php?rest_route=%2Fwp%2Fv2%2Fmedia&parent=22105"}],"wp:term":[{"taxonomy":"category","embeddable":true,"href":"https:\/\/arantv.az\/index.php?rest_route=%2Fwp%2Fv2%2Fcategories&post=22105"},{"taxonomy":"post_tag","embeddable":true,"href":"https:\/\/arantv.az\/index.php?rest_route=%2Fwp%2Fv2%2Ftags&post=22105"}],"curies":[{"name":"wp","href":"https:\/\/api.w.org\/{rel}","templated":true}]}}