{"id":22118,"date":"2018-10-30T10:48:03","date_gmt":"2018-10-30T07:48:03","guid":{"rendered":"http:\/\/arantv.az\/?p=22118"},"modified":"2018-10-30T10:48:03","modified_gmt":"2018-10-30T07:48:03","slug":"prezident-ilham-%c9%99liyev-efiopiyanin-dovl%c9%99t-bascisini-t%c9%99brik-edib","status":"publish","type":"post","link":"https:\/\/arantv.az\/?p=22118","title":{"rendered":"Prezident \u0130lham \u018fliyev Efiopiyan\u0131n d\u00f6vl\u0259t ba\u015f\u00e7\u0131s\u0131n\u0131 t\u0259brik edib"},"content":{"rendered":"<p><strong>Prezident \u0130lham \u018fliyevEfiopiya Federativ Demokratik Respublikas\u0131n\u0131n Prezidenti Sahle-Uork Zevdey\u0259 t\u0259brik m\u0259ktubu g\u00f6nd\u0259rib.<\/strong><\/p>\n<p><strong>ARANTV.AZ<\/strong> az\u0259rtac-a istinad\u0259n x\u0259b\u0259r verir ki, t\u0259brikd\u0259\u00a0deyilir:<\/p>\n<p>&#8220;H\u00f6rm\u0259tli xan\u0131m Prezident,<\/p>\n<p>Efiopiya Federativ Demokratik Respublikas\u0131n\u0131n Prezidenti v\u0259zif\u0259sin\u0259 se\u00e7ilm\u0259yiniz m\u00fcnasib\u0259til\u0259 Sizi t\u0259brik edir\u0259m.<\/p>\n<p>\u00dcmidvaram ki, Az\u0259rbaycan il\u0259 Efiopiya aras\u0131nda dostluq v\u0259 \u0259m\u0259kda\u015fl\u0131q m\u00fcnasib\u0259tl\u0259rinin inki\u015faf\u0131 yolunda birg\u0259 s\u0259yl\u0259r g\u00f6st\u0259r\u0259c\u0259yik.<\/p>\n<p>Siz\u0259 m\u00f6hk\u0259m cansa\u011fl\u0131\u011f\u0131, xo\u015fb\u0259xtlik, dost Efiopiya xalq\u0131n\u0131n rifah\u0131 namin\u0259 qar\u015f\u0131dak\u0131 f\u0259aliyy\u0259tinizd\u0259 u\u011furlar dil\u0259yir\u0259m&#8221;.<\/p>\n","protected":false},"excerpt":{"rendered":"<p>Prezident \u0130lham \u018fliyevEfiopiya Federativ Demokratik Respublikas\u0131n\u0131n Prezidenti Sahle-Uork Zevdey\u0259 t\u0259brik m\u0259ktubu g\u00f6nd\u0259rib. ARANTV.AZ az\u0259rtac-a istinad\u0259n x\u0259b\u0259r verir ki, t\u0259brikd\u0259\u00a0deyilir: &#8220;H\u00f6rm\u0259tli xan\u0131m Prezident, Efiopiya Federativ Demokratik Respublikas\u0131n\u0131n Prezidenti v\u0259zif\u0259sin\u0259 se\u00e7ilm\u0259yiniz m\u00fcnasib\u0259til\u0259 Sizi t\u0259brik edir\u0259m. \u00dcmidvaram ki, Az\u0259rbaycan il\u0259 Efiopiya aras\u0131nda dostluq v\u0259 \u0259m\u0259kda\u015fl\u0131q m\u00fcnasib\u0259tl\u0259rinin inki\u015faf\u0131 yolunda birg\u0259 s\u0259yl\u0259r g\u00f6st\u0259r\u0259c\u0259yik. Siz\u0259 m\u00f6hk\u0259m cansa\u011fl\u0131\u011f\u0131, xo\u015fb\u0259xtlik, dost Efiopiya xalq\u0131n\u0131n rifah\u0131 namin\u0259 qar\u015f\u0131dak\u0131 f\u0259aliyy\u0259tinizd\u0259 u\u011furlar dil\u0259yir\u0259m&#8221;.<\/p>\n","protected":false},"author":2,"featured_media":22119,"comment_status":"closed","ping_status":"closed","sticky":false,"template":"","format":"standard","meta":{"om_disable_all_campaigns":false,"_monsterinsights_skip_tracking":false,"_monsterinsights_sitenote_active":false,"_monsterinsights_sitenote_note":"","_monsterinsights_sitenote_category":0},"categories":[8],"tags":[],"aioseo_notices":[],"gutentor_comment":0,"rttpg_featured_image_url":{"full":["https:\/\/arantv.az\/wp-content\/uploads\/2018\/10\/2018_ilham_aliyev_04.jpg",1200,900,false],"landscape":["https:\/\/arantv.az\/wp-content\/uploads\/2018\/10\/2018_ilham_aliyev_04.jpg",1200,900,false],"portraits":["https:\/\/arantv.az\/wp-content\/uploads\/2018\/10\/2018_ilham_aliyev_04.jpg",1200,900,false],"thumbnail":["https:\/\/arantv.az\/wp-content\/uploads\/2018\/10\/2018_ilham_aliyev_04-150x150.jpg",150,150,true],"medium":["https:\/\/arantv.az\/wp-content\/uploads\/2018\/10\/2018_ilham_aliyev_04-300x225.jpg",300,225,true],"large":["https:\/\/arantv.az\/wp-content\/uploads\/2018\/10\/2018_ilham_aliyev_04-1024x768.jpg",640,480,true],"1536x1536":["https:\/\/arantv.az\/wp-content\/uploads\/2018\/10\/2018_ilham_aliyev_04.jpg",1200,900,false],"2048x2048":["https:\/\/arantv.az\/wp-content\/uploads\/2018\/10\/2018_ilham_aliyev_04.jpg",1200,900,false],"post-thumbnail":["https:\/\/arantv.az\/wp-content\/uploads\/2018\/10\/2018_ilham_aliyev_04-240x172.jpg",240,172,true],"advps-thumb-one":["https:\/\/arantv.az\/wp-content\/uploads\/2018\/10\/2018_ilham_aliyev_04-1200x620.jpg",1200,620,true]},"rttpg_author":{"display_name":"V\u00fcsal Rafiqo\u011flu","author_link":"https:\/\/arantv.az\/?author=2"},"rttpg_comment":0,"rttpg_category":"<a href=\"https:\/\/arantv.az\/?cat=8\" rel=\"category\">\u018fsas s\u0259hif\u0259<\/a>","rttpg_excerpt":"Prezident \u0130lham \u018fliyevEfiopiya Federativ Demokratik Respublikas\u0131n\u0131n Prezidenti Sahle-Uork Zevdey\u0259 t\u0259brik m\u0259ktubu g\u00f6nd\u0259rib. ARANTV.AZ az\u0259rtac-a istinad\u0259n x\u0259b\u0259r verir ki, t\u0259brikd\u0259\u00a0deyilir: &#8220;H\u00f6rm\u0259tli xan\u0131m Prezident, Efiopiya Federativ Demokratik Respublikas\u0131n\u0131n Prezidenti v\u0259zif\u0259sin\u0259 se\u00e7ilm\u0259yiniz m\u00fcnasib\u0259til\u0259 Sizi t\u0259brik edir\u0259m. \u00dcmidvaram ki, Az\u0259rbaycan il\u0259 Efiopiya aras\u0131nda dostluq v\u0259 \u0259m\u0259kda\u015fl\u0131q m\u00fcnasib\u0259tl\u0259rinin inki\u015faf\u0131 yolunda birg\u0259 s\u0259yl\u0259r g\u00f6st\u0259r\u0259c\u0259yik. Siz\u0259 m\u00f6hk\u0259m cansa\u011fl\u0131\u011f\u0131, xo\u015fb\u0259xtlik, dost Efiopiya xalq\u0131n\u0131n&hellip;","_links":{"self":[{"href":"https:\/\/arantv.az\/index.php?rest_route=\/wp\/v2\/posts\/22118"}],"collection":[{"href":"https:\/\/arantv.az\/index.php?rest_route=\/wp\/v2\/posts"}],"about":[{"href":"https:\/\/arantv.az\/index.php?rest_route=\/wp\/v2\/types\/post"}],"author":[{"embeddable":true,"href":"https:\/\/arantv.az\/index.php?rest_route=\/wp\/v2\/users\/2"}],"replies":[{"embeddable":true,"href":"https:\/\/arantv.az\/index.php?rest_route=%2Fwp%2Fv2%2Fcomments&post=22118"}],"version-history":[{"count":0,"href":"https:\/\/arantv.az\/index.php?rest_route=\/wp\/v2\/posts\/22118\/revisions"}],"wp:featuredmedia":[{"embeddable":true,"href":"https:\/\/arantv.az\/index.php?rest_route=\/wp\/v2\/media\/22119"}],"wp:attachment":[{"href":"https:\/\/arantv.az\/index.php?rest_route=%2Fwp%2Fv2%2Fmedia&parent=22118"}],"wp:term":[{"taxonomy":"category","embeddable":true,"href":"https:\/\/arantv.az\/index.php?rest_route=%2Fwp%2Fv2%2Fcategories&post=22118"},{"taxonomy":"post_tag","embeddable":true,"href":"https:\/\/arantv.az\/index.php?rest_route=%2Fwp%2Fv2%2Ftags&post=22118"}],"curies":[{"name":"wp","href":"https:\/\/api.w.org\/{rel}","templated":true}]}}