{"id":22127,"date":"2018-10-30T10:56:39","date_gmt":"2018-10-30T07:56:39","guid":{"rendered":"http:\/\/arantv.az\/?p=22127"},"modified":"2018-10-30T10:56:39","modified_gmt":"2018-10-30T07:56:39","slug":"londonda-axc-nin-yaranmasinin-100-illiyi-qeyd-edilib","status":"publish","type":"post","link":"https:\/\/arantv.az\/?p=22127","title":{"rendered":"Londonda AXC-nin yaranmas\u0131n\u0131n 100 illiyi qeyd edilib"},"content":{"rendered":"<p><strong>ARANTV.AZ<\/strong> x\u0259b\u0259r verir ki, Londonda Az\u0259rbaycan Xalq C\u00fcmhuriyy\u0259tinin yaranmas\u0131n\u0131n 100 illiyi m\u00fcnasib\u0259til\u0259 t\u0259dbir ke\u00e7irilib.<\/p>\n<p>B\u00f6y\u00fck Britaniyan\u0131n paytaxt\u0131 Londonda Heyd\u0259r \u018fliyev Fondunun v\u0259 Az\u0259rbaycan\u0131n bu \u00f6lk\u0259d\u0259ki S\u0259firliyinin t\u0259\u015fkilat\u00e7\u0131l\u0131\u011f\u0131 il\u0259 ke\u00e7iril\u0259n r\u0259smi q\u0259bulda Az\u0259rbaycan\u0131n B\u00f6y\u00fck Britaniyadak\u0131 s\u0259firi Tahir Ta\u011f\u0131zad\u0259 m\u00fcs\u0259lman \u015e\u0259rqind\u0259 ilk demokratik Respublika olan Az\u0259rbaycan Xalq Cumhuriyy\u0259tinin yaranma tarixi v\u0259 f\u0259aliyy\u0259ti d\u00f6vr\u00fcnd\u0259 \u0259ld\u0259 etdiyi nailiyy\u0259tl\u0259r bar\u0259d\u0259 m\u0259lumat verdi. Qeyd etdi ki, c\u0259mi 23 ay \u00f6mr\u00fc olan Respublika q\u0131sa m\u00fcdd\u0259td\u0259 ciddi u\u011furlara imza at\u0131b, d\u00fcnyan\u0131n apar\u0131c\u0131 d\u00f6vl\u0259tl\u0259ri il\u0259 diplomatik m\u00fcnasib\u0259tl\u0259r qurub, qad\u0131nlara ilk d\u0259f\u0259 se\u00e7ki h\u00fcququ verib. Diplomat 1991-ci ild\u0259 m\u00fcst\u0259qilliyini b\u0259rpa ed\u0259n respublikam\u0131z\u0131n bu g\u00fcn d\u00fcnyada u\u011furlu xarici v\u0259 daxili siyas\u0259t y\u00fcr\u00fcd\u0259n, inki\u015faf ed\u0259n demokratik d\u00f6vl\u0259t kimi tan\u0131nd\u0131\u011f\u0131n\u0131 vur\u011fulad\u0131. Az\u0259rbaycanla B\u00f6y\u00fck Britaniya aras\u0131nda siyasi, iqtisadi, m\u0259d\u0259ni v\u0259 dig\u0259r sah\u0259l\u0259rd\u0259 s\u00fcr\u0259tl\u0259 inki\u015faf ed\u0259n \u0259laq\u0259l\u0259rd\u0259n dan\u0131\u015fan Tahir Ta\u011f\u0131zad\u0259 B\u00f6y\u00fck Britaniyan\u0131n Az\u0259rbaycan \u00fc\u00e7\u00fcn etibarl\u0131 t\u0259r\u0259fda\u015f oldu\u011funu qeyd etdi, h\u0259r 2 \u00f6lk\u0259 aras\u0131nda son 27 il \u0259rzind\u0259 m\u00f6hk\u0259m \u0259m\u0259kda\u015fl\u0131\u011f\u0131n quruldu\u011funu diqq\u0259t\u0259 \u00e7atd\u0131rd\u0131. T\u0259dbird\u0259 Az\u0259rbaycan\u0131n m\u00fcxt\u0259lif beyn\u0259lxalq platformalarda B\u00f6y\u00fck Britaniya il\u0259 birg\u0259 f\u0259aliyy\u0259t g\u00f6st\u0259rdiyi bildirildi, Prezident \u0130lham \u018fliyevin Londona son s\u0259f\u0259rinin ikit\u0259r\u0259fli \u0259laq\u0259l\u0259rin inki\u015faf\u0131na t\u00f6hf\u0259 verdiyi vur\u011fuland\u0131. B\u00f6y\u00fck Britaniya h\u00f6kum\u0259tinin Lordlar palatas\u0131n\u0131n \u00fczv\u00fc, Britaniya Ba\u015f nazirinin Az\u0259rbaycan \u00fczr\u0259 ticar\u0259t el\u00e7isi Baronessa Emma Nikolson da t\u0259dbir i\u015ftirak\u00e7\u0131lar\u0131n\u0131 v\u0259 xalq\u0131m\u0131z\u0131 Az\u0259rbaycan Xalq C\u00fcmhuriyy\u0259tinin yaranmas\u0131n\u0131n 100 illiyi m\u00fcnasib\u0259til\u0259 t\u0259brik ed\u0259r\u0259k, 100 il \u0259vv\u0259l \u015e\u0259rqd\u0259 ilk demokratik Respublikan\u0131n qurulmas\u0131n\u0131 m\u00fch\u00fcm tarixi hadis\u0259 kimi s\u0259ciyy\u0259l\u0259ndirdi. AXC-nin nailiyy\u0259tl\u0259ri aras\u0131nda qad\u0131nlara s\u0259sverm\u0259 h\u00fcququnun verilm\u0259sini x\u00fcsusi vur\u011fulayan Baronessa Nikolson \u00f6lk\u0259l\u0259rimiz aras\u0131ndak\u0131 ikit\u0259r\u0259fli m\u00fcnasib\u0259tl\u0259rin inki\u015faf s\u0259viyy\u0259sind\u0259n m\u0259mnunlu\u011funu bildirdi. Qeyd etdi ki, Az\u0259rbaycanla B\u00f6y\u00fck Britaniya aras\u0131nda t\u0259kc\u0259 enerji \u00fczr\u0259 deyil, t\u0259hsil, m\u0259d\u0259niyy\u0259t, h\u0259rbi v\u0259 dig\u0259r sah\u0259l\u0259rd\u0259 d\u0259 m\u00fcnasib\u0259tl\u0259r inki\u015faf edir. \u0130kit\u0259r\u0259fli diplomatik \u0259laq\u0259l\u0259r\u0259 n\u0259z\u0259r salan Lordlar palatas\u0131n\u0131n \u00fczv\u00fc \u00f6lk\u0259sinin Az\u0259rbaycanla b\u00fct\u00fcn sferalarda \u0259m\u0259kda\u015fl\u0131\u011f\u0131n\u0131n s\u0259viyy\u0259sind\u0259n raz\u0131 oldu\u011funu bildirdi v\u0259 bu \u0259laq\u0259l\u0259rin daha da geni\u015fl\u0259n\u0259c\u0259yin\u0259 \u00fcmid etdiyini vur\u011fulad\u0131. Az\u0259rbaycan Prezidentinin Londona son s\u0259f\u0259rini x\u00fcsusi qeyd ed\u0259n xan\u0131m Nikolson, bu s\u0259f\u0259rin ikit\u0259r\u0259fli \u0259laq\u0259l\u0259rin inki\u015faf\u0131na t\u00f6hf\u0259 ver\u0259c\u0259yin\u0259 \u0259minliyini ifad\u0259 etdi. T\u0259dbir \u00e7\u0259r\u00e7iv\u0259sind\u0259 Heyd\u0259r \u018fliyev Fondu t\u0259r\u0259find\u0259n t\u0259\u015fkil edil\u0259n s\u0259rgid\u0259 Az\u0259rbaycan Xalq C\u00fcmhuriyy\u0259tinin tarixin\u0259 dair foto v\u0259 s\u0259n\u0259dl\u0259r, video v\u0259 audiomateriallar, s\u0259firliyin t\u0259rtib etdiyi bro\u015f\u00fcrl\u0259r t\u0259qdim olundu, eyni zamanda, Az\u0259rbaycan Xalq C\u00fcmhuriyy\u0259tinin tarixin\u0259 h\u0259sr olunan s\u0259n\u0259dli film n\u00fcmayi\u015f etdirildi, milli musiqil\u0259r s\u0259sl\u0259ndi.<\/p>\n","protected":false},"excerpt":{"rendered":"<p>ARANTV.AZ x\u0259b\u0259r verir ki, Londonda Az\u0259rbaycan Xalq C\u00fcmhuriyy\u0259tinin yaranmas\u0131n\u0131n 100 illiyi m\u00fcnasib\u0259til\u0259 t\u0259dbir ke\u00e7irilib. B\u00f6y\u00fck Britaniyan\u0131n paytaxt\u0131 Londonda Heyd\u0259r \u018fliyev Fondunun v\u0259 Az\u0259rbaycan\u0131n bu \u00f6lk\u0259d\u0259ki S\u0259firliyinin t\u0259\u015fkilat\u00e7\u0131l\u0131\u011f\u0131 il\u0259 ke\u00e7iril\u0259n r\u0259smi q\u0259bulda Az\u0259rbaycan\u0131n B\u00f6y\u00fck Britaniyadak\u0131 s\u0259firi Tahir Ta\u011f\u0131zad\u0259 m\u00fcs\u0259lman \u015e\u0259rqind\u0259 ilk demokratik Respublika olan Az\u0259rbaycan Xalq Cumhuriyy\u0259tinin yaranma tarixi v\u0259 f\u0259aliyy\u0259ti d\u00f6vr\u00fcnd\u0259 \u0259ld\u0259 etdiyi nailiyy\u0259tl\u0259r bar\u0259d\u0259 m\u0259lumat verdi. Qeyd etdi ki, c\u0259mi 23 ay \u00f6mr\u00fc olan Respublika q\u0131sa m\u00fcdd\u0259td\u0259 ciddi u\u011furlara imza at\u0131b, d\u00fcnyan\u0131n apar\u0131c\u0131 d\u00f6vl\u0259tl\u0259ri il\u0259 diplomatik m\u00fcnasib\u0259tl\u0259r qurub, qad\u0131nlara ilk d\u0259f\u0259 se\u00e7ki h\u00fcququ verib. Diplomat 1991-ci ild\u0259 m\u00fcst\u0259qilliyini b\u0259rpa&hellip;<\/p>\n","protected":false},"author":2,"featured_media":22128,"comment_status":"closed","ping_status":"closed","sticky":false,"template":"","format":"standard","meta":{"om_disable_all_campaigns":false,"_monsterinsights_skip_tracking":false,"_monsterinsights_sitenote_active":false,"_monsterinsights_sitenote_note":"","_monsterinsights_sitenote_category":0},"categories":[4],"tags":[],"aioseo_notices":[],"gutentor_comment":0,"rttpg_featured_image_url":{"full":["https:\/\/arantv.az\/wp-content\/uploads\/2018\/10\/utvg47e9e2k0v5n3b94spiinn6tah.jpg",670,393,false],"landscape":["https:\/\/arantv.az\/wp-content\/uploads\/2018\/10\/utvg47e9e2k0v5n3b94spiinn6tah.jpg",670,393,false],"portraits":["https:\/\/arantv.az\/wp-content\/uploads\/2018\/10\/utvg47e9e2k0v5n3b94spiinn6tah.jpg",670,393,false],"thumbnail":["https:\/\/arantv.az\/wp-content\/uploads\/2018\/10\/utvg47e9e2k0v5n3b94spiinn6tah-150x150.jpg",150,150,true],"medium":["https:\/\/arantv.az\/wp-content\/uploads\/2018\/10\/utvg47e9e2k0v5n3b94spiinn6tah-300x176.jpg",300,176,true],"large":["https:\/\/arantv.az\/wp-content\/uploads\/2018\/10\/utvg47e9e2k0v5n3b94spiinn6tah.jpg",640,375,false],"1536x1536":["https:\/\/arantv.az\/wp-content\/uploads\/2018\/10\/utvg47e9e2k0v5n3b94spiinn6tah.jpg",670,393,false],"2048x2048":["https:\/\/arantv.az\/wp-content\/uploads\/2018\/10\/utvg47e9e2k0v5n3b94spiinn6tah.jpg",670,393,false],"post-thumbnail":["https:\/\/arantv.az\/wp-content\/uploads\/2018\/10\/utvg47e9e2k0v5n3b94spiinn6tah-240x172.jpg",240,172,true],"advps-thumb-one":["https:\/\/arantv.az\/wp-content\/uploads\/2018\/10\/utvg47e9e2k0v5n3b94spiinn6tah.jpg",670,393,false]},"rttpg_author":{"display_name":"V\u00fcsal Rafiqo\u011flu","author_link":"https:\/\/arantv.az\/?author=2"},"rttpg_comment":0,"rttpg_category":"<a href=\"https:\/\/arantv.az\/?cat=4\" rel=\"category\">Siyas\u0259t<\/a>","rttpg_excerpt":"ARANTV.AZ x\u0259b\u0259r verir ki, Londonda Az\u0259rbaycan Xalq C\u00fcmhuriyy\u0259tinin yaranmas\u0131n\u0131n 100 illiyi m\u00fcnasib\u0259til\u0259 t\u0259dbir ke\u00e7irilib. B\u00f6y\u00fck Britaniyan\u0131n paytaxt\u0131 Londonda Heyd\u0259r \u018fliyev Fondunun v\u0259 Az\u0259rbaycan\u0131n bu \u00f6lk\u0259d\u0259ki S\u0259firliyinin t\u0259\u015fkilat\u00e7\u0131l\u0131\u011f\u0131 il\u0259 ke\u00e7iril\u0259n r\u0259smi q\u0259bulda Az\u0259rbaycan\u0131n B\u00f6y\u00fck Britaniyadak\u0131 s\u0259firi Tahir Ta\u011f\u0131zad\u0259 m\u00fcs\u0259lman \u015e\u0259rqind\u0259 ilk demokratik Respublika olan Az\u0259rbaycan Xalq Cumhuriyy\u0259tinin yaranma tarixi v\u0259 f\u0259aliyy\u0259ti d\u00f6vr\u00fcnd\u0259 \u0259ld\u0259 etdiyi nailiyy\u0259tl\u0259r bar\u0259d\u0259&hellip;","_links":{"self":[{"href":"https:\/\/arantv.az\/index.php?rest_route=\/wp\/v2\/posts\/22127"}],"collection":[{"href":"https:\/\/arantv.az\/index.php?rest_route=\/wp\/v2\/posts"}],"about":[{"href":"https:\/\/arantv.az\/index.php?rest_route=\/wp\/v2\/types\/post"}],"author":[{"embeddable":true,"href":"https:\/\/arantv.az\/index.php?rest_route=\/wp\/v2\/users\/2"}],"replies":[{"embeddable":true,"href":"https:\/\/arantv.az\/index.php?rest_route=%2Fwp%2Fv2%2Fcomments&post=22127"}],"version-history":[{"count":0,"href":"https:\/\/arantv.az\/index.php?rest_route=\/wp\/v2\/posts\/22127\/revisions"}],"wp:featuredmedia":[{"embeddable":true,"href":"https:\/\/arantv.az\/index.php?rest_route=\/wp\/v2\/media\/22128"}],"wp:attachment":[{"href":"https:\/\/arantv.az\/index.php?rest_route=%2Fwp%2Fv2%2Fmedia&parent=22127"}],"wp:term":[{"taxonomy":"category","embeddable":true,"href":"https:\/\/arantv.az\/index.php?rest_route=%2Fwp%2Fv2%2Fcategories&post=22127"},{"taxonomy":"post_tag","embeddable":true,"href":"https:\/\/arantv.az\/index.php?rest_route=%2Fwp%2Fv2%2Ftags&post=22127"}],"curies":[{"name":"wp","href":"https:\/\/api.w.org\/{rel}","templated":true}]}}