{"id":22130,"date":"2018-10-30T10:58:09","date_gmt":"2018-10-30T07:58:09","guid":{"rendered":"http:\/\/arantv.az\/?p=22130"},"modified":"2018-10-30T10:58:09","modified_gmt":"2018-10-30T07:58:09","slug":"5-ci-beyn%c9%99lxalq-dunya-m%c9%99d%c9%99niyy%c9%99ti-festivalinda-az%c9%99rbaycan-gus%c9%99si-yaradilib","status":"publish","type":"post","link":"https:\/\/arantv.az\/?p=22130","title":{"rendered":"\u201c5-ci Beyn\u0259lxalq D\u00fcnya M\u0259d\u0259niyy\u0259ti Festival\u0131\u201dnda Az\u0259rbaycan gu\u015f\u0259si yarad\u0131l\u0131b"},"content":{"rendered":"<p><strong>ARANTV.AZ<\/strong> x\u0259b\u0259r verir ki,Kiyevd\u0259 \u201c5-ci\u00a0 Beyn\u0259lxalq D\u00fcnya M\u0259d\u0259niyy\u0259ti Festival\u0131\u201d ke\u00e7irilib. 30-dan \u00e7ox \u00f6lk\u0259nin t\u0259msil olundu\u011fu festivalda\u00a0 \u0259srar\u0259ngiz \u00e7alarlar\u0131yla diqq\u0259ti c\u0259lb ed\u0259n Az\u0259rbaycan\u0131n\u00a0 z\u0259ngin m\u0259d\u0259niyy\u0259ti v\u0259\u00a0 q\u0259dim\u00a0 ad\u0259t-\u0259n\u0259n\u0259l\u0259ri b\u00f6y\u00fck maraqla qar\u015f\u0131lan\u0131b.<\/p>\n<p>Ukrayna M\u0259d\u0259niyy\u0259t Fondunun t\u0259\u015f\u0259bb\u00fcs\u00fc il\u0259 ke\u00e7iril\u0259n \u201c5-ci\u00a0 Beyn\u0259lxalq D\u00fcnya M\u0259d\u0259niyy\u0259ti Festival\u0131\u201dnda d\u00fcnyan\u0131n\u00a0 m\u00fcxt\u0259lif xalqlar\u0131n\u0131n q\u0259dim v\u0259 z\u0259ngin m\u0259d\u0259niyy\u0259t n\u00fcmun\u0259l\u0259ri n\u00fcmayi\u015f olunub. Az\u0259rbaycan\u0131n Ukraynadak\u0131 s\u0259firliyi v\u0259\u00a0 Kiyevd\u0259 f\u0259aliyy\u0259t g\u00f6st\u0259r\u0259n Az\u0259rbaycan Ticar\u0259t evinin birg\u0259 t\u0259\u015fkil etdiyi Az\u0259rbaycan \u011fu\u015f\u0259sind\u0259, xalq\u0131m\u0131z\u0131n q\u0259dim ad\u0259t,\u0259n\u0259n\u0259l\u0259ri, z\u0259ngin m\u0259tb\u0259x m\u0259d\u0259niyy\u0259ti, o c\u00fcml\u0259d\u0259n, \u00f6lk\u0259mizd\u0259 istehsal olunan \u015eu\u015fa, A\u011fdam v\u0259 dig\u0259r\u00a0 \u015f\u0259rab n\u00f6vl\u0259ri, h\u0259m\u00e7inin \u015firniyyat m\u0259hsullar\u0131 festival i\u015ftirak\u00e7\u0131lar\u0131n\u0131n maraq\u0131na s\u0259b\u0259b olub. \u00a0Festivalla tan\u0131\u015f olan Ukrayna Prezidentinin xan\u0131m\u0131, Ukrayna M\u0259d\u0259niyy\u0259t Fondunun r\u0259hb\u0259ri Marina Poro\u015fenko Az\u0259rbaycan gu\u015f\u0259sinin qar\u015f\u0131s\u0131nda xalq\u0131m\u0131za xas olan x\u00fcsusi qonaqp\u0259rv\u0259rlikl\u0259 qar\u015f\u0131lan\u0131b. Az\u0259rbaycan\u0131n milli yem\u0259kl\u0259r, v\u0259 q\u0259dim m\u0259d\u0259niyy\u0259t\u00a0 incil\u0259ri il\u0259 yax\u0131ndan tan\u0131\u015f olan\u00a0 Marina Poro\u015fenko, r\u0259ngar\u0259ngliyi il\u0259 festivala g\u00f6z\u0259llik ver\u0259n Az\u0259rbaycan gu\u015f\u0259sinin y\u00fcks\u0259k s\u0259viyy\u0259sind\u0259n dan\u0131\u015f\u0131b. Ukraynada f\u0259aliyy\u0259t g\u00f6st\u0259r\u0259n diplomatik korpus r\u0259hb\u0259rl\u0259rinin, beyn\u0259lxalq t\u0259\u015fkilat r\u0259smil\u0259rinin i\u015ftirak etdiyi t\u0259dbird\u0259 d\u00fcnyada m\u0259d\u0259niyy\u0259tl\u0259raras\u0131 dialoqun, dini tolerantl\u0131\u011f\u0131n v\u0259 multukultral d\u0259y\u0259rl\u0259rin inki\u015faf etdirilm\u0259sinin z\u0259ruriliyind\u0259n b\u0259hs olunub. Xalqlar dostlu\u011funun t\u0259nt\u0259n\u0259sin\u0259 \u00e7evril\u0259n festivalda M\u00fcsl\u00fcm Maqomayev ad\u0131na Az\u0259rbaycan M\u0259d\u0259niyy\u0259t M\u0259rk\u0259zinin t\u0259qdim etdiyi r\u0259ngar\u0259ng mahn\u0131 v\u0259 r\u0259qs n\u00f6mr\u0259l\u0259ri b\u00f6y\u00fck sevincl\u0259 qar\u015f\u0131lan\u0131b.<\/p>\n","protected":false},"excerpt":{"rendered":"<p>ARANTV.AZ x\u0259b\u0259r verir ki,Kiyevd\u0259 \u201c5-ci\u00a0 Beyn\u0259lxalq D\u00fcnya M\u0259d\u0259niyy\u0259ti Festival\u0131\u201d ke\u00e7irilib. 30-dan \u00e7ox \u00f6lk\u0259nin t\u0259msil olundu\u011fu festivalda\u00a0 \u0259srar\u0259ngiz \u00e7alarlar\u0131yla diqq\u0259ti c\u0259lb ed\u0259n Az\u0259rbaycan\u0131n\u00a0 z\u0259ngin m\u0259d\u0259niyy\u0259ti v\u0259\u00a0 q\u0259dim\u00a0 ad\u0259t-\u0259n\u0259n\u0259l\u0259ri b\u00f6y\u00fck maraqla qar\u015f\u0131lan\u0131b. Ukrayna M\u0259d\u0259niyy\u0259t Fondunun t\u0259\u015f\u0259bb\u00fcs\u00fc il\u0259 ke\u00e7iril\u0259n \u201c5-ci\u00a0 Beyn\u0259lxalq D\u00fcnya M\u0259d\u0259niyy\u0259ti Festival\u0131\u201dnda d\u00fcnyan\u0131n\u00a0 m\u00fcxt\u0259lif xalqlar\u0131n\u0131n q\u0259dim v\u0259 z\u0259ngin m\u0259d\u0259niyy\u0259t n\u00fcmun\u0259l\u0259ri n\u00fcmayi\u015f olunub. Az\u0259rbaycan\u0131n Ukraynadak\u0131 s\u0259firliyi v\u0259\u00a0 Kiyevd\u0259 f\u0259aliyy\u0259t g\u00f6st\u0259r\u0259n Az\u0259rbaycan Ticar\u0259t evinin birg\u0259 t\u0259\u015fkil etdiyi Az\u0259rbaycan \u011fu\u015f\u0259sind\u0259, xalq\u0131m\u0131z\u0131n q\u0259dim ad\u0259t,\u0259n\u0259n\u0259l\u0259ri, z\u0259ngin m\u0259tb\u0259x m\u0259d\u0259niyy\u0259ti, o c\u00fcml\u0259d\u0259n, \u00f6lk\u0259mizd\u0259 istehsal olunan \u015eu\u015fa, A\u011fdam v\u0259 dig\u0259r\u00a0 \u015f\u0259rab n\u00f6vl\u0259ri, h\u0259m\u00e7inin \u015firniyyat m\u0259hsullar\u0131 festival i\u015ftirak\u00e7\u0131lar\u0131n\u0131n maraq\u0131na s\u0259b\u0259b&hellip;<\/p>\n","protected":false},"author":2,"featured_media":22131,"comment_status":"closed","ping_status":"closed","sticky":false,"template":"","format":"standard","meta":{"om_disable_all_campaigns":false,"_monsterinsights_skip_tracking":false,"_monsterinsights_sitenote_active":false,"_monsterinsights_sitenote_note":"","_monsterinsights_sitenote_category":0},"categories":[1],"tags":[],"aioseo_notices":[],"gutentor_comment":0,"rttpg_featured_image_url":{"full":["https:\/\/arantv.az\/wp-content\/uploads\/2018\/10\/utvg47e9e2k0v5n3b94spiinn6kiyev.jpg",610,385,false],"landscape":["https:\/\/arantv.az\/wp-content\/uploads\/2018\/10\/utvg47e9e2k0v5n3b94spiinn6kiyev.jpg",610,385,false],"portraits":["https:\/\/arantv.az\/wp-content\/uploads\/2018\/10\/utvg47e9e2k0v5n3b94spiinn6kiyev.jpg",610,385,false],"thumbnail":["https:\/\/arantv.az\/wp-content\/uploads\/2018\/10\/utvg47e9e2k0v5n3b94spiinn6kiyev-150x150.jpg",150,150,true],"medium":["https:\/\/arantv.az\/wp-content\/uploads\/2018\/10\/utvg47e9e2k0v5n3b94spiinn6kiyev-300x189.jpg",300,189,true],"large":["https:\/\/arantv.az\/wp-content\/uploads\/2018\/10\/utvg47e9e2k0v5n3b94spiinn6kiyev.jpg",610,385,false],"1536x1536":["https:\/\/arantv.az\/wp-content\/uploads\/2018\/10\/utvg47e9e2k0v5n3b94spiinn6kiyev.jpg",610,385,false],"2048x2048":["https:\/\/arantv.az\/wp-content\/uploads\/2018\/10\/utvg47e9e2k0v5n3b94spiinn6kiyev.jpg",610,385,false],"post-thumbnail":["https:\/\/arantv.az\/wp-content\/uploads\/2018\/10\/utvg47e9e2k0v5n3b94spiinn6kiyev-240x172.jpg",240,172,true],"advps-thumb-one":["https:\/\/arantv.az\/wp-content\/uploads\/2018\/10\/utvg47e9e2k0v5n3b94spiinn6kiyev.jpg",610,385,false]},"rttpg_author":{"display_name":"V\u00fcsal Rafiqo\u011flu","author_link":"https:\/\/arantv.az\/?author=2"},"rttpg_comment":0,"rttpg_category":"<a href=\"https:\/\/arantv.az\/?cat=1\" rel=\"category\">C\u0259miyy\u0259t<\/a>","rttpg_excerpt":"ARANTV.AZ x\u0259b\u0259r verir ki,Kiyevd\u0259 \u201c5-ci\u00a0 Beyn\u0259lxalq D\u00fcnya M\u0259d\u0259niyy\u0259ti Festival\u0131\u201d ke\u00e7irilib. 30-dan \u00e7ox \u00f6lk\u0259nin t\u0259msil olundu\u011fu festivalda\u00a0 \u0259srar\u0259ngiz \u00e7alarlar\u0131yla diqq\u0259ti c\u0259lb ed\u0259n Az\u0259rbaycan\u0131n\u00a0 z\u0259ngin m\u0259d\u0259niyy\u0259ti v\u0259\u00a0 q\u0259dim\u00a0 ad\u0259t-\u0259n\u0259n\u0259l\u0259ri b\u00f6y\u00fck maraqla qar\u015f\u0131lan\u0131b. Ukrayna M\u0259d\u0259niyy\u0259t Fondunun t\u0259\u015f\u0259bb\u00fcs\u00fc il\u0259 ke\u00e7iril\u0259n \u201c5-ci\u00a0 Beyn\u0259lxalq D\u00fcnya M\u0259d\u0259niyy\u0259ti Festival\u0131\u201dnda d\u00fcnyan\u0131n\u00a0 m\u00fcxt\u0259lif xalqlar\u0131n\u0131n q\u0259dim v\u0259 z\u0259ngin m\u0259d\u0259niyy\u0259t n\u00fcmun\u0259l\u0259ri n\u00fcmayi\u015f olunub. Az\u0259rbaycan\u0131n Ukraynadak\u0131 s\u0259firliyi v\u0259\u00a0&hellip;","_links":{"self":[{"href":"https:\/\/arantv.az\/index.php?rest_route=\/wp\/v2\/posts\/22130"}],"collection":[{"href":"https:\/\/arantv.az\/index.php?rest_route=\/wp\/v2\/posts"}],"about":[{"href":"https:\/\/arantv.az\/index.php?rest_route=\/wp\/v2\/types\/post"}],"author":[{"embeddable":true,"href":"https:\/\/arantv.az\/index.php?rest_route=\/wp\/v2\/users\/2"}],"replies":[{"embeddable":true,"href":"https:\/\/arantv.az\/index.php?rest_route=%2Fwp%2Fv2%2Fcomments&post=22130"}],"version-history":[{"count":0,"href":"https:\/\/arantv.az\/index.php?rest_route=\/wp\/v2\/posts\/22130\/revisions"}],"wp:featuredmedia":[{"embeddable":true,"href":"https:\/\/arantv.az\/index.php?rest_route=\/wp\/v2\/media\/22131"}],"wp:attachment":[{"href":"https:\/\/arantv.az\/index.php?rest_route=%2Fwp%2Fv2%2Fmedia&parent=22130"}],"wp:term":[{"taxonomy":"category","embeddable":true,"href":"https:\/\/arantv.az\/index.php?rest_route=%2Fwp%2Fv2%2Fcategories&post=22130"},{"taxonomy":"post_tag","embeddable":true,"href":"https:\/\/arantv.az\/index.php?rest_route=%2Fwp%2Fv2%2Ftags&post=22130"}],"curies":[{"name":"wp","href":"https:\/\/api.w.org\/{rel}","templated":true}]}}