{"id":22133,"date":"2018-10-30T10:59:07","date_gmt":"2018-10-30T07:59:07","guid":{"rendered":"http:\/\/arantv.az\/?p=22133"},"modified":"2018-10-30T10:59:07","modified_gmt":"2018-10-30T07:59:07","slug":"az%c9%99rbaycan-beyn%c9%99lxalq-telekommunikasiya-ittifaqinin-toplantisinda-t%c9%99msil-olunur","status":"publish","type":"post","link":"https:\/\/arantv.az\/?p=22133","title":{"rendered":"Az\u0259rbaycan Beyn\u0259lxalq Telekommunikasiya \u0130ttifaq\u0131n\u0131n toplant\u0131s\u0131nda t\u0259msil olunur"},"content":{"rendered":"<p><strong>ARANTV.AZ<\/strong> x\u0259b\u0259r verir ki, Beyn\u0259lxalq Telekomunikasiya \u0130ttifaq\u0131n\u0131n S\u0259lahiy\u0259tli konfrans\u0131 i\u015f\u0259 ba\u015flay\u0131b. Dubay \u018fmirliyind\u0259 ke\u00e7iril\u0259n toplant\u0131da ittifaqa \u00fczv d\u00f6vl\u0259tl\u0259r t\u0259r\u0259find\u0259n informasiya v\u0259 komunikasiya texnologiyalar\u0131 \u00fczr\u0259 2020-2023-c\u00fc ill\u0259r \u00fc\u00e7\u00fcn yol x\u0259rit\u0259si haz\u0131rlanacaq. Konfransda Az\u0259rbaycan da t\u0259msil olunur.<\/p>\n<p>\u0130nformasiya v\u0259 komunikasiya texnologiyalar\u0131 sah\u0259sind\u0259 davaml\u0131 inki\u015faf strategiyas\u0131n\u0131n t\u0259hlili m\u0259qs\u0259dil\u0259 Birl\u0259\u015fmi\u015f \u018fr\u0259b \u018fmirlikl\u0259rind\u0259 ke\u00e7iril\u0259n m\u0259rasimd\u0259 \u00f6lk\u0259mizi N\u0259qliyat, Rabit\u0259 v\u0259 y\u00fcks\u0259k texnologiyalar nazirliyinin r\u0259smil\u0259ri, Az\u0259rbaycan\u0131n Dubay \u018fmirliyind\u0259ki Ba\u015f konsullu\u011funun n\u00fcmay\u0259nd\u0259l\u0259ri t\u0259msil etdil\u0259r. T\u0259\u015fkilat\u0131n Ba\u015f katibi Hulin Zao dedi ki, S\u0259lahiy\u0259tli konfrans Beyn\u0259lxalq telekomunikasiya ittifaq\u0131n\u0131n ali q\u0259rar q\u0259buledici orqan\u0131d\u0131r v\u0259 toplant\u0131n\u0131n \u0259sas m\u0259qs\u0259di \u0130KT \u00fczr\u0259 2020-2023-c\u00fc ill\u0259r \u00fc\u00e7\u00fcn yeni yol x\u0259rit\u0259sinin haz\u0131rlanmas\u0131d\u0131r. R\u0259smi a\u00e7\u0131l\u0131\u015f m\u0259rasimind\u0259n sonra regionlar \u00fczr\u0259 qrup toplant\u0131lar\u0131 ke\u00e7irildi. T\u0259msil\u00e7il\u0259rimiz Az\u0259rbaycanda informasiya komunikasiya texnologiyalar\u0131na g\u00f6st\u0259ril\u0259n d\u00f6vl\u0259t d\u0259st\u0259yi, haz\u0131rda icra olunan layih\u0259l\u0259r v\u0259 ir\u0259lil\u0259yi\u015fl\u0259r bar\u0259d\u0259 m\u0259lumat verdil\u0259r. Beyn\u0259lxalq Telekomunikasiya \u0130ttifaq\u0131na 26 il \u0259vv\u0259l \u00fczv olan Az\u0259rbaycan 2014-c\u00fc ild\u0259n \u0130ttifaq \u015euras\u0131n\u0131n \u00fczv\u00fcd\u00fcr v\u0259 \u015euran\u0131n f\u0259aliy\u0259tind\u0259 yax\u0131ndan i\u015ftirak edir.<\/p>\n<p>S\u0259lahiyy\u0259tli konfransda ittifaq\u0131n idar\u0259etm\u0259 orqan\u0131na, o c\u00fcml\u0259d\u0259n Ba\u015f katib v\u0259 m\u00fcavin postlar\u0131na se\u00e7ki ke\u00e7iril\u0259c\u0259k, n\u00f6vb\u0259ti 4 il m\u00fcdd\u0259tin\u0259 strateji h\u0259d\u0259fl\u0259r v\u0259 planlar m\u00fc\u0259y\u0259n olunacaq.<\/p>\n","protected":false},"excerpt":{"rendered":"<p>ARANTV.AZ x\u0259b\u0259r verir ki, Beyn\u0259lxalq Telekomunikasiya \u0130ttifaq\u0131n\u0131n S\u0259lahiy\u0259tli konfrans\u0131 i\u015f\u0259 ba\u015flay\u0131b. Dubay \u018fmirliyind\u0259 ke\u00e7iril\u0259n toplant\u0131da ittifaqa \u00fczv d\u00f6vl\u0259tl\u0259r t\u0259r\u0259find\u0259n informasiya v\u0259 komunikasiya texnologiyalar\u0131 \u00fczr\u0259 2020-2023-c\u00fc ill\u0259r \u00fc\u00e7\u00fcn yol x\u0259rit\u0259si haz\u0131rlanacaq. Konfransda Az\u0259rbaycan da t\u0259msil olunur. \u0130nformasiya v\u0259 komunikasiya texnologiyalar\u0131 sah\u0259sind\u0259 davaml\u0131 inki\u015faf strategiyas\u0131n\u0131n t\u0259hlili m\u0259qs\u0259dil\u0259 Birl\u0259\u015fmi\u015f \u018fr\u0259b \u018fmirlikl\u0259rind\u0259 ke\u00e7iril\u0259n m\u0259rasimd\u0259 \u00f6lk\u0259mizi N\u0259qliyat, Rabit\u0259 v\u0259 y\u00fcks\u0259k texnologiyalar nazirliyinin r\u0259smil\u0259ri, Az\u0259rbaycan\u0131n Dubay \u018fmirliyind\u0259ki Ba\u015f konsullu\u011funun n\u00fcmay\u0259nd\u0259l\u0259ri t\u0259msil etdil\u0259r. T\u0259\u015fkilat\u0131n Ba\u015f katibi Hulin Zao dedi ki, S\u0259lahiy\u0259tli konfrans Beyn\u0259lxalq telekomunikasiya ittifaq\u0131n\u0131n ali q\u0259rar q\u0259buledici orqan\u0131d\u0131r v\u0259 toplant\u0131n\u0131n \u0259sas m\u0259qs\u0259di \u0130KT \u00fczr\u0259 2020-2023-c\u00fc ill\u0259r&hellip;<\/p>\n","protected":false},"author":2,"featured_media":22134,"comment_status":"closed","ping_status":"closed","sticky":false,"template":"","format":"standard","meta":{"om_disable_all_campaigns":false,"_monsterinsights_skip_tracking":false,"_monsterinsights_sitenote_active":false,"_monsterinsights_sitenote_note":"","_monsterinsights_sitenote_category":0},"categories":[19],"tags":[],"aioseo_notices":[],"gutentor_comment":0,"rttpg_featured_image_url":{"full":["https:\/\/arantv.az\/wp-content\/uploads\/2018\/10\/utvg47e9e2k0v5n3b94spiinn6dub.jpg",1000,494,false],"landscape":["https:\/\/arantv.az\/wp-content\/uploads\/2018\/10\/utvg47e9e2k0v5n3b94spiinn6dub.jpg",1000,494,false],"portraits":["https:\/\/arantv.az\/wp-content\/uploads\/2018\/10\/utvg47e9e2k0v5n3b94spiinn6dub.jpg",1000,494,false],"thumbnail":["https:\/\/arantv.az\/wp-content\/uploads\/2018\/10\/utvg47e9e2k0v5n3b94spiinn6dub-150x150.jpg",150,150,true],"medium":["https:\/\/arantv.az\/wp-content\/uploads\/2018\/10\/utvg47e9e2k0v5n3b94spiinn6dub-300x148.jpg",300,148,true],"large":["https:\/\/arantv.az\/wp-content\/uploads\/2018\/10\/utvg47e9e2k0v5n3b94spiinn6dub.jpg",640,316,false],"1536x1536":["https:\/\/arantv.az\/wp-content\/uploads\/2018\/10\/utvg47e9e2k0v5n3b94spiinn6dub.jpg",1000,494,false],"2048x2048":["https:\/\/arantv.az\/wp-content\/uploads\/2018\/10\/utvg47e9e2k0v5n3b94spiinn6dub.jpg",1000,494,false],"post-thumbnail":["https:\/\/arantv.az\/wp-content\/uploads\/2018\/10\/utvg47e9e2k0v5n3b94spiinn6dub-240x172.jpg",240,172,true],"advps-thumb-one":["https:\/\/arantv.az\/wp-content\/uploads\/2018\/10\/utvg47e9e2k0v5n3b94spiinn6dub.jpg",1000,494,false]},"rttpg_author":{"display_name":"V\u00fcsal Rafiqo\u011flu","author_link":"https:\/\/arantv.az\/?author=2"},"rttpg_comment":0,"rttpg_category":"<a href=\"https:\/\/arantv.az\/?cat=19\" rel=\"category\">G\u00fcnd\u0259m<\/a>","rttpg_excerpt":"ARANTV.AZ x\u0259b\u0259r verir ki, Beyn\u0259lxalq Telekomunikasiya \u0130ttifaq\u0131n\u0131n S\u0259lahiy\u0259tli konfrans\u0131 i\u015f\u0259 ba\u015flay\u0131b. Dubay \u018fmirliyind\u0259 ke\u00e7iril\u0259n toplant\u0131da ittifaqa \u00fczv d\u00f6vl\u0259tl\u0259r t\u0259r\u0259find\u0259n informasiya v\u0259 komunikasiya texnologiyalar\u0131 \u00fczr\u0259 2020-2023-c\u00fc ill\u0259r \u00fc\u00e7\u00fcn yol x\u0259rit\u0259si haz\u0131rlanacaq. Konfransda Az\u0259rbaycan da t\u0259msil olunur. \u0130nformasiya v\u0259 komunikasiya texnologiyalar\u0131 sah\u0259sind\u0259 davaml\u0131 inki\u015faf strategiyas\u0131n\u0131n t\u0259hlili m\u0259qs\u0259dil\u0259 Birl\u0259\u015fmi\u015f \u018fr\u0259b \u018fmirlikl\u0259rind\u0259 ke\u00e7iril\u0259n m\u0259rasimd\u0259 \u00f6lk\u0259mizi N\u0259qliyat, Rabit\u0259 v\u0259 y\u00fcks\u0259k&hellip;","_links":{"self":[{"href":"https:\/\/arantv.az\/index.php?rest_route=\/wp\/v2\/posts\/22133"}],"collection":[{"href":"https:\/\/arantv.az\/index.php?rest_route=\/wp\/v2\/posts"}],"about":[{"href":"https:\/\/arantv.az\/index.php?rest_route=\/wp\/v2\/types\/post"}],"author":[{"embeddable":true,"href":"https:\/\/arantv.az\/index.php?rest_route=\/wp\/v2\/users\/2"}],"replies":[{"embeddable":true,"href":"https:\/\/arantv.az\/index.php?rest_route=%2Fwp%2Fv2%2Fcomments&post=22133"}],"version-history":[{"count":0,"href":"https:\/\/arantv.az\/index.php?rest_route=\/wp\/v2\/posts\/22133\/revisions"}],"wp:featuredmedia":[{"embeddable":true,"href":"https:\/\/arantv.az\/index.php?rest_route=\/wp\/v2\/media\/22134"}],"wp:attachment":[{"href":"https:\/\/arantv.az\/index.php?rest_route=%2Fwp%2Fv2%2Fmedia&parent=22133"}],"wp:term":[{"taxonomy":"category","embeddable":true,"href":"https:\/\/arantv.az\/index.php?rest_route=%2Fwp%2Fv2%2Fcategories&post=22133"},{"taxonomy":"post_tag","embeddable":true,"href":"https:\/\/arantv.az\/index.php?rest_route=%2Fwp%2Fv2%2Ftags&post=22133"}],"curies":[{"name":"wp","href":"https:\/\/api.w.org\/{rel}","templated":true}]}}