{"id":22139,"date":"2018-10-30T11:20:34","date_gmt":"2018-10-30T08:20:34","guid":{"rendered":"http:\/\/arantv.az\/?p=22139"},"modified":"2018-10-30T11:20:34","modified_gmt":"2018-10-30T08:20:34","slug":"bahar-muradova-nec%c9%99-ola-bil%c9%99r-ki-insanlar-alver-h%c9%99d%c9%99fin%c9%99-cevrilsin","status":"publish","type":"post","link":"https:\/\/arantv.az\/?p=22139","title":{"rendered":"Bahar Muradova: Nec\u0259 ola bil\u0259r ki, insanlar alver h\u0259d\u0259fin\u0259 \u00e7evrilsin?"},"content":{"rendered":"<p>Az\u0259rbaycan parlamenti insan alverin\u0259 v\u0259 qa\u00e7aqmal\u00e7\u0131l\u0131\u011fa qar\u015f\u0131 m\u00fcbariz\u0259d\u0259 qanunvericilik aktlar\u0131na m\u00fcvafiq \u0259lav\u0259 v\u0259 d\u0259yi\u015fiklikl\u0259r edib v\u0259 bu sah\u0259d\u0259 \u00e7ox ciddi add\u0131mlar at\u0131b.<\/p>\n<p><strong>ARANTV.AZ<\/strong>-\u0131n m\u0259lumat\u0131na g\u00f6r\u0259, bunu Milli M\u0259clisin (MM) vitse-spikeri\u00a0<strong>Bahar Muradova\u00a0<\/strong>parlamentd\u0259 \u201c\u0130nsan alveri v\u0259 qa\u00e7aqmal\u00e7\u0131l\u0131\u011fa \u00e7oxsah\u0259li yana\u015fmalar: Beyn\u0259lxalq v\u0259 milli qanunvericilik v\u0259 operativ baza\u201d adl\u0131 konfransda deyib.<\/p>\n<p>B.Muradova qeyd edib ki, Az\u0259rbaycan bu istiqam\u0259td\u0259 BMT-nin m\u00fcvafiq konvensiyas\u0131na qo\u015fulub:<\/p>\n<div id=\"AdributorNativeVideo0\" class=\"AdributorNativeVideo\"><\/div>\n<p>\u201cBu konvensiyan\u0131n v\u0259 ondan ir\u0259li g\u0259l\u0259n protokollar\u0131n \u00fcz\u0259rimiz\u0259 qoydu\u011fu \u00f6hd\u0259likl\u0259r bizi daha ciddi \u0259m\u0259kda\u015fl\u0131\u011fa s\u00f6vq edir v\u0259 hesab edir\u0259m ki, bu \u0259m\u0259kda\u015fl\u0131q h\u0259m beyn\u0259lxalq t\u0259\u015fkilatlar \u00e7\u0259r\u00e7iv\u0259sind\u0259 \u00e7oxt\u0259r\u0259fli, h\u0259m d\u0259 ikit\u0259r\u0259fli m\u00fcnasib\u0259tl\u0259r \u00fc\u00e7\u00fcn \u00e7ox faydal\u0131d\u0131r. Parlament h\u0259r zaman bu m\u0259s\u0259l\u0259nin \u00e7ox ciddi m\u00fczakir\u0259 olundu\u011fu bir m\u0259kand\u0131r. Parlament h\u0259m regionu, h\u0259m d\u0259 \u00f6lk\u0259mizi v\u0259 d\u00fcnyan\u0131 narahat ed\u0259n m\u0259s\u0259l\u0259l\u0259ri \u00e7ox ciddi m\u00fczakir\u0259 edib v\u0259 bundan ir\u0259li g\u0259l\u0259n qanunvericilik aktlar\u0131na \u0259lav\u0259 v\u0259 d\u0259yi\u015fiklikl\u0259r edib\u201d.<\/p>\n<p>Vitse-spiker bildirib ki, bu b\u0259laya qar\u015f\u0131 m\u00fcbariz\u0259 daha da g\u00fccl\u0259ndirilm\u0259lidir:<\/p>\n<p>\u201cBiz bu t\u0259hl\u00fck\u0259y\u0259 qar\u015f\u0131 ona g\u00f6r\u0259 \u0259m\u0259kda\u015fl\u0131q v\u0259 t\u0259r\u0259fda\u015fl\u0131q etm\u0259liyik ki, bu q\u0259bild\u0259n olan cinay\u0259tl\u0259r insana qar\u015f\u0131 cinay\u0259tl\u0259r i\u00e7\u0259risind\u0259 \u0259n q\u0259ddar\u0131d\u0131r. Nec\u0259 ola bil\u0259r ki, m\u00fcasir inki\u015faf s\u0259viyy\u0259sind\u0259 insanlar dig\u0259r qrup insanlar v\u0259 yaxud da dair\u0259l\u0259r t\u0259r\u0259find\u0259n alver h\u0259d\u0259fin\u0259 \u00e7evrilsin, qurbana \u00e7evrilsin, al\u00e7ald\u0131c\u0131 r\u0259ftara m\u0259ruz qals\u0131n, dil\u0259n\u00e7iliy\u0259, ita\u0259tkarl\u0131\u011fa m\u0259cbur edilsin?&#8221;<\/p>\n<p>B.Muradova \u0259lav\u0259 edib ki, Az\u0259rbaycan regionda \u00f6z\u00fcn\u0259m\u0259xsus yeri, rolu olan, h\u0259m iqtisadi c\u0259h\u0259td\u0259n, h\u0259m d\u0259 siyasi, humanitar \u0259laq\u0259l\u0259rin intensivl\u0259\u015fm\u0259si bax\u0131m\u0131ndan \u00f6z\u00fcn\u00fcn y\u00fcr\u00fctd\u00fcy\u00fc siyas\u0259t n\u0259tic\u0259sind\u0259 regionda se\u00e7il\u0259n bir \u00f6lk\u0259dir. Az\u0259rbaycan d\u00fcnyan\u0131 v\u0259 regionu narahat ed\u0259n m\u0259s\u0259l\u0259l\u0259r\u0259 \u00f6z t\u00f6hf\u0259sini verir.oxu.az<\/p>\n","protected":false},"excerpt":{"rendered":"<p>Az\u0259rbaycan parlamenti insan alverin\u0259 v\u0259 qa\u00e7aqmal\u00e7\u0131l\u0131\u011fa qar\u015f\u0131 m\u00fcbariz\u0259d\u0259 qanunvericilik aktlar\u0131na m\u00fcvafiq \u0259lav\u0259 v\u0259 d\u0259yi\u015fiklikl\u0259r edib v\u0259 bu sah\u0259d\u0259 \u00e7ox ciddi add\u0131mlar at\u0131b. ARANTV.AZ-\u0131n m\u0259lumat\u0131na g\u00f6r\u0259, bunu Milli M\u0259clisin (MM) vitse-spikeri\u00a0Bahar Muradova\u00a0parlamentd\u0259 \u201c\u0130nsan alveri v\u0259 qa\u00e7aqmal\u00e7\u0131l\u0131\u011fa \u00e7oxsah\u0259li yana\u015fmalar: Beyn\u0259lxalq v\u0259 milli qanunvericilik v\u0259 operativ baza\u201d adl\u0131 konfransda deyib. B.Muradova qeyd edib ki, Az\u0259rbaycan bu istiqam\u0259td\u0259 BMT-nin m\u00fcvafiq konvensiyas\u0131na qo\u015fulub: \u201cBu konvensiyan\u0131n v\u0259 ondan ir\u0259li g\u0259l\u0259n protokollar\u0131n \u00fcz\u0259rimiz\u0259 qoydu\u011fu \u00f6hd\u0259likl\u0259r bizi daha ciddi \u0259m\u0259kda\u015fl\u0131\u011fa s\u00f6vq edir v\u0259 hesab edir\u0259m ki, bu \u0259m\u0259kda\u015fl\u0131q h\u0259m beyn\u0259lxalq t\u0259\u015fkilatlar \u00e7\u0259r\u00e7iv\u0259sind\u0259 \u00e7oxt\u0259r\u0259fli, h\u0259m d\u0259 ikit\u0259r\u0259fli m\u00fcnasib\u0259tl\u0259r \u00fc\u00e7\u00fcn&hellip;<\/p>\n","protected":false},"author":2,"featured_media":22140,"comment_status":"closed","ping_status":"closed","sticky":false,"template":"","format":"standard","meta":{"om_disable_all_campaigns":false,"_monsterinsights_skip_tracking":false,"_monsterinsights_sitenote_active":false,"_monsterinsights_sitenote_note":"","_monsterinsights_sitenote_category":0},"categories":[1],"tags":[],"aioseo_notices":[],"gutentor_comment":0,"rttpg_featured_image_url":{"full":["https:\/\/arantv.az\/wp-content\/uploads\/2018\/10\/43504144_164240507845434_7679208638266736640_n.jpg",620,413,false],"landscape":["https:\/\/arantv.az\/wp-content\/uploads\/2018\/10\/43504144_164240507845434_7679208638266736640_n.jpg",620,413,false],"portraits":["https:\/\/arantv.az\/wp-content\/uploads\/2018\/10\/43504144_164240507845434_7679208638266736640_n.jpg",620,413,false],"thumbnail":["https:\/\/arantv.az\/wp-content\/uploads\/2018\/10\/43504144_164240507845434_7679208638266736640_n-150x150.jpg",150,150,true],"medium":["https:\/\/arantv.az\/wp-content\/uploads\/2018\/10\/43504144_164240507845434_7679208638266736640_n-300x200.jpg",300,200,true],"large":["https:\/\/arantv.az\/wp-content\/uploads\/2018\/10\/43504144_164240507845434_7679208638266736640_n.jpg",620,413,false],"1536x1536":["https:\/\/arantv.az\/wp-content\/uploads\/2018\/10\/43504144_164240507845434_7679208638266736640_n.jpg",620,413,false],"2048x2048":["https:\/\/arantv.az\/wp-content\/uploads\/2018\/10\/43504144_164240507845434_7679208638266736640_n.jpg",620,413,false],"post-thumbnail":["https:\/\/arantv.az\/wp-content\/uploads\/2018\/10\/43504144_164240507845434_7679208638266736640_n-240x172.jpg",240,172,true],"advps-thumb-one":["https:\/\/arantv.az\/wp-content\/uploads\/2018\/10\/43504144_164240507845434_7679208638266736640_n.jpg",620,413,false]},"rttpg_author":{"display_name":"V\u00fcsal Rafiqo\u011flu","author_link":"https:\/\/arantv.az\/?author=2"},"rttpg_comment":0,"rttpg_category":"<a href=\"https:\/\/arantv.az\/?cat=1\" rel=\"category\">C\u0259miyy\u0259t<\/a>","rttpg_excerpt":"Az\u0259rbaycan parlamenti insan alverin\u0259 v\u0259 qa\u00e7aqmal\u00e7\u0131l\u0131\u011fa qar\u015f\u0131 m\u00fcbariz\u0259d\u0259 qanunvericilik aktlar\u0131na m\u00fcvafiq \u0259lav\u0259 v\u0259 d\u0259yi\u015fiklikl\u0259r edib v\u0259 bu sah\u0259d\u0259 \u00e7ox ciddi add\u0131mlar at\u0131b. ARANTV.AZ-\u0131n m\u0259lumat\u0131na g\u00f6r\u0259, bunu Milli M\u0259clisin (MM) vitse-spikeri\u00a0Bahar Muradova\u00a0parlamentd\u0259 \u201c\u0130nsan alveri v\u0259 qa\u00e7aqmal\u00e7\u0131l\u0131\u011fa \u00e7oxsah\u0259li yana\u015fmalar: Beyn\u0259lxalq v\u0259 milli qanunvericilik v\u0259 operativ baza\u201d adl\u0131 konfransda deyib. B.Muradova qeyd edib ki, Az\u0259rbaycan bu istiqam\u0259td\u0259 BMT-nin&hellip;","_links":{"self":[{"href":"https:\/\/arantv.az\/index.php?rest_route=\/wp\/v2\/posts\/22139"}],"collection":[{"href":"https:\/\/arantv.az\/index.php?rest_route=\/wp\/v2\/posts"}],"about":[{"href":"https:\/\/arantv.az\/index.php?rest_route=\/wp\/v2\/types\/post"}],"author":[{"embeddable":true,"href":"https:\/\/arantv.az\/index.php?rest_route=\/wp\/v2\/users\/2"}],"replies":[{"embeddable":true,"href":"https:\/\/arantv.az\/index.php?rest_route=%2Fwp%2Fv2%2Fcomments&post=22139"}],"version-history":[{"count":0,"href":"https:\/\/arantv.az\/index.php?rest_route=\/wp\/v2\/posts\/22139\/revisions"}],"wp:featuredmedia":[{"embeddable":true,"href":"https:\/\/arantv.az\/index.php?rest_route=\/wp\/v2\/media\/22140"}],"wp:attachment":[{"href":"https:\/\/arantv.az\/index.php?rest_route=%2Fwp%2Fv2%2Fmedia&parent=22139"}],"wp:term":[{"taxonomy":"category","embeddable":true,"href":"https:\/\/arantv.az\/index.php?rest_route=%2Fwp%2Fv2%2Fcategories&post=22139"},{"taxonomy":"post_tag","embeddable":true,"href":"https:\/\/arantv.az\/index.php?rest_route=%2Fwp%2Fv2%2Ftags&post=22139"}],"curies":[{"name":"wp","href":"https:\/\/api.w.org\/{rel}","templated":true}]}}