{"id":22153,"date":"2018-10-30T11:32:31","date_gmt":"2018-10-30T08:32:31","guid":{"rendered":"http:\/\/arantv.az\/?p=22153"},"modified":"2018-10-30T11:32:31","modified_gmt":"2018-10-30T08:32:31","slug":"mill%c9%99t-v%c9%99kili-h%c9%99min-torpaqlarda-30-ildir-azan-s%c9%99si-esidilmir","status":"publish","type":"post","link":"https:\/\/arantv.az\/?p=22153","title":{"rendered":"Mill\u0259t v\u0259kili: \u201cH\u0259min torpaqlarda 30 ildir azan s\u0259si e\u015fidilmir\u201d"},"content":{"rendered":"<div class=\"spot\">\u201cErm\u0259nistan \u0259razisind\u0259 ya\u015fayan soyda\u015flar\u0131m\u0131z\u0131n ata-baba yurdlar\u0131ndan qovulmas\u0131ndan 30 il ke\u00e7ir. Bu deportasiya il\u0259 ba\u011fl\u0131 Milli M\u0259clis deputatlar\u0131n\u0131n i\u015ftirak\u0131 il\u0259 ictimai dinl\u0259m\u0259l\u0259rin ke\u00e7irilm\u0259sin\u0259 ehtiyac var\u201d.<\/div>\n<p><strong>ARANTV.AZ\u00a0<\/strong> x\u0259b\u0259r verir ki, bu s\u00f6zl\u0259ri mill\u0259t v\u0259kili Musa Quliyev Milli M\u0259clisin bug\u00fcnk\u00fc plenar iclas\u0131nda \u00e7\u0131x\u0131\u015f\u0131 zaman\u0131 deyib.<\/p>\n<p>Mill\u0259t v\u0259kili bildirib ki, bu deportasiya il\u0259 ba\u011fl\u0131 b\u0259yanat\u0131n q\u0259bul edil\u0259 bil\u0259r:<\/p>\n<div id=\"AdributorNativeVideo0\" class=\"AdributorNativeVideo\"><\/div>\n<p>\u201c30 il bundan \u00f6nc\u0259 Erm\u0259nistan torpaqlar\u0131nda ya\u015fayan 250 min\u0259 yax\u0131n soyda\u015f\u0131m\u0131z\u00a0 da\u015fnaq quldurlar\u0131n deportasiyas\u0131 n\u0259tic\u0259sind\u0259 \u00f6ld\u00fcr\u00fcld\u00fcl\u0259r, ata-baba yurdlar\u0131ndan did\u0259rgin sal\u0131nd\u0131lar.30 ildir h\u0259min torpaqlarda azan s\u0259si e\u015fidilmir.\u00a0 Bu m\u0259s\u0259l\u0259y\u0259 \u00fcmumilli lider Heyd\u0259r \u018fliyev t\u0259r\u0259find\u0259n qiym\u0259t\u00a0 verilib. Lakin t\u0259klif ed\u0259rdim ki, bu ilin dekabr ay\u0131nda Milli M\u0259clisin deputatlar\u0131, aliml\u0259rin i\u015ftirak\u0131 il\u0259 ictimai dinl\u0259m\u0259 ke\u00e7irilsin. H\u0259min dinl\u0259m\u0259l\u0259rin yekunu olaraq yekunda bu deportasiya il\u0259 ba\u011fl\u0131 b\u0259yanat q\u0259bul edilsin\u201d.<\/p>\n<p><em>\u00d6lk\u0259.Az<\/em><\/p>\n","protected":false},"excerpt":{"rendered":"<p>\u201cErm\u0259nistan \u0259razisind\u0259 ya\u015fayan soyda\u015flar\u0131m\u0131z\u0131n ata-baba yurdlar\u0131ndan qovulmas\u0131ndan 30 il ke\u00e7ir. Bu deportasiya il\u0259 ba\u011fl\u0131 Milli M\u0259clis deputatlar\u0131n\u0131n i\u015ftirak\u0131 il\u0259 ictimai dinl\u0259m\u0259l\u0259rin ke\u00e7irilm\u0259sin\u0259 ehtiyac var\u201d. ARANTV.AZ\u00a0 x\u0259b\u0259r verir ki, bu s\u00f6zl\u0259ri mill\u0259t v\u0259kili Musa Quliyev Milli M\u0259clisin bug\u00fcnk\u00fc plenar iclas\u0131nda \u00e7\u0131x\u0131\u015f\u0131 zaman\u0131 deyib. Mill\u0259t v\u0259kili bildirib ki, bu deportasiya il\u0259 ba\u011fl\u0131 b\u0259yanat\u0131n q\u0259bul edil\u0259 bil\u0259r: \u201c30 il bundan \u00f6nc\u0259 Erm\u0259nistan torpaqlar\u0131nda ya\u015fayan 250 min\u0259 yax\u0131n soyda\u015f\u0131m\u0131z\u00a0 da\u015fnaq quldurlar\u0131n deportasiyas\u0131 n\u0259tic\u0259sind\u0259 \u00f6ld\u00fcr\u00fcld\u00fcl\u0259r, ata-baba yurdlar\u0131ndan did\u0259rgin sal\u0131nd\u0131lar.30 ildir h\u0259min torpaqlarda azan s\u0259si e\u015fidilmir.\u00a0 Bu m\u0259s\u0259l\u0259y\u0259 \u00fcmumilli lider Heyd\u0259r \u018fliyev t\u0259r\u0259find\u0259n qiym\u0259t\u00a0 verilib. Lakin&hellip;<\/p>\n","protected":false},"author":2,"featured_media":22154,"comment_status":"closed","ping_status":"closed","sticky":false,"template":"","format":"standard","meta":{"om_disable_all_campaigns":false,"_monsterinsights_skip_tracking":false,"_monsterinsights_sitenote_active":false,"_monsterinsights_sitenote_note":"","_monsterinsights_sitenote_category":0},"categories":[4],"tags":[],"aioseo_notices":[],"gutentor_comment":0,"rttpg_featured_image_url":{"full":["https:\/\/arantv.az\/wp-content\/uploads\/2018\/10\/musaerud.jpg",620,375,false],"landscape":["https:\/\/arantv.az\/wp-content\/uploads\/2018\/10\/musaerud.jpg",620,375,false],"portraits":["https:\/\/arantv.az\/wp-content\/uploads\/2018\/10\/musaerud.jpg",620,375,false],"thumbnail":["https:\/\/arantv.az\/wp-content\/uploads\/2018\/10\/musaerud-150x150.jpg",150,150,true],"medium":["https:\/\/arantv.az\/wp-content\/uploads\/2018\/10\/musaerud-300x181.jpg",300,181,true],"large":["https:\/\/arantv.az\/wp-content\/uploads\/2018\/10\/musaerud.jpg",620,375,false],"1536x1536":["https:\/\/arantv.az\/wp-content\/uploads\/2018\/10\/musaerud.jpg",620,375,false],"2048x2048":["https:\/\/arantv.az\/wp-content\/uploads\/2018\/10\/musaerud.jpg",620,375,false],"post-thumbnail":["https:\/\/arantv.az\/wp-content\/uploads\/2018\/10\/musaerud-240x172.jpg",240,172,true],"advps-thumb-one":["https:\/\/arantv.az\/wp-content\/uploads\/2018\/10\/musaerud.jpg",620,375,false]},"rttpg_author":{"display_name":"V\u00fcsal Rafiqo\u011flu","author_link":"https:\/\/arantv.az\/?author=2"},"rttpg_comment":0,"rttpg_category":"<a href=\"https:\/\/arantv.az\/?cat=4\" rel=\"category\">Siyas\u0259t<\/a>","rttpg_excerpt":"\u201cErm\u0259nistan \u0259razisind\u0259 ya\u015fayan soyda\u015flar\u0131m\u0131z\u0131n ata-baba yurdlar\u0131ndan qovulmas\u0131ndan 30 il ke\u00e7ir. Bu deportasiya il\u0259 ba\u011fl\u0131 Milli M\u0259clis deputatlar\u0131n\u0131n i\u015ftirak\u0131 il\u0259 ictimai dinl\u0259m\u0259l\u0259rin ke\u00e7irilm\u0259sin\u0259 ehtiyac var\u201d. ARANTV.AZ\u00a0 x\u0259b\u0259r verir ki, bu s\u00f6zl\u0259ri mill\u0259t v\u0259kili Musa Quliyev Milli M\u0259clisin bug\u00fcnk\u00fc plenar iclas\u0131nda \u00e7\u0131x\u0131\u015f\u0131 zaman\u0131 deyib. Mill\u0259t v\u0259kili bildirib ki, bu deportasiya il\u0259 ba\u011fl\u0131 b\u0259yanat\u0131n q\u0259bul edil\u0259 bil\u0259r: \u201c30&hellip;","_links":{"self":[{"href":"https:\/\/arantv.az\/index.php?rest_route=\/wp\/v2\/posts\/22153"}],"collection":[{"href":"https:\/\/arantv.az\/index.php?rest_route=\/wp\/v2\/posts"}],"about":[{"href":"https:\/\/arantv.az\/index.php?rest_route=\/wp\/v2\/types\/post"}],"author":[{"embeddable":true,"href":"https:\/\/arantv.az\/index.php?rest_route=\/wp\/v2\/users\/2"}],"replies":[{"embeddable":true,"href":"https:\/\/arantv.az\/index.php?rest_route=%2Fwp%2Fv2%2Fcomments&post=22153"}],"version-history":[{"count":0,"href":"https:\/\/arantv.az\/index.php?rest_route=\/wp\/v2\/posts\/22153\/revisions"}],"wp:featuredmedia":[{"embeddable":true,"href":"https:\/\/arantv.az\/index.php?rest_route=\/wp\/v2\/media\/22154"}],"wp:attachment":[{"href":"https:\/\/arantv.az\/index.php?rest_route=%2Fwp%2Fv2%2Fmedia&parent=22153"}],"wp:term":[{"taxonomy":"category","embeddable":true,"href":"https:\/\/arantv.az\/index.php?rest_route=%2Fwp%2Fv2%2Fcategories&post=22153"},{"taxonomy":"post_tag","embeddable":true,"href":"https:\/\/arantv.az\/index.php?rest_route=%2Fwp%2Fv2%2Ftags&post=22153"}],"curies":[{"name":"wp","href":"https:\/\/api.w.org\/{rel}","templated":true}]}}