{"id":22159,"date":"2018-10-30T11:35:53","date_gmt":"2018-10-30T08:35:53","guid":{"rendered":"http:\/\/arantv.az\/?p=22159"},"modified":"2018-10-30T11:35:53","modified_gmt":"2018-10-30T08:35:53","slug":"5-qanun-layih%c9%99si-muzakir%c9%99d%c9%99n-cixirildi","status":"publish","type":"post","link":"https:\/\/arantv.az\/?p=22159","title":{"rendered":"5 qanun layih\u0259si m\u00fczakir\u0259d\u0259n \u00e7\u0131x\u0131r\u0131ld\u0131"},"content":{"rendered":"<div class=\"spot\">Milli M\u0259clisin bug\u00fcnk\u00fc plenar iclas\u0131nda 5 qanun layih\u0259si m\u00fczakir\u0259d\u0259n \u00e7\u0131xar\u0131l\u0131b.<\/div>\n<p><strong>ARANTV.AZ<\/strong> x\u0259b\u0259r verir ki, bu bar\u0259d\u0259 Milli M\u0259clis S\u0259drinin birinci m\u00fcavini Ziyaf\u0259t \u018fsg\u0259rov m\u0259lumat verib.<\/p>\n<p>O, bildirib ki, &#8220;T\u00fct\u00fcn m\u0259mulatlar\u0131n\u0131n istifad\u0259sinin m\u0259hdudla\u015fd\u0131r\u0131lmas\u0131 haqq\u0131nda&#8221; Az\u0259rbaycan Respublikas\u0131n\u0131n Qanununda d\u0259yi\u015fiklik edilm\u0259si bar\u0259d\u0259 Az\u0259rbaycan Respublikas\u0131 qanununun layih\u0259si haqq\u0131nda , Az\u0259rbaycan Respublikas\u0131n\u0131n \u0130nzibati X\u0259talar M\u0259c\u0259ll\u0259sind\u0259 d\u0259yi\u015fiklikl\u0259r edilm\u0259si haqq\u0131nda Az\u0259rbaycan Respublikas\u0131 qanununun layih\u0259si bar\u0259d\u0259 (\u00fc\u00e7\u00fcnc\u00fc oxunu\u015f), &#8220;T\u00fct\u00fcn v\u0259 t\u00fct\u00fcn m\u0259mulat\u0131 haqq\u0131nda&#8221; Az\u0259rbaycan Respublikas\u0131n\u0131n Qanununda d\u0259yi\u015fiklikl\u0259r edilm\u0259si bar\u0259d\u0259 Az\u0259rbaycan Respublikas\u0131 qanununun layih\u0259si haqq\u0131nda (\u00fc\u00e7\u00fcnc\u00fc oxunu\u015f), &#8220;Televiziya v\u0259 radio yay\u0131m\u0131 haqq\u0131nda&#8221; Az\u0259rbaycan Respublikas\u0131n\u0131n Qanununda d\u0259yi\u015fiklikl\u0259r edilm\u0259si bar\u0259d\u0259 Az\u0259rbaycan Respublikas\u0131 qanununun layih\u0259si haqq\u0131nda (\u00fc\u00e7\u00fcnc\u00fc oxunu\u015f),&#8221;\u0130ctimai televiziya v\u0259 radio yay\u0131m\u0131 haqq\u0131nda&#8221; Az\u0259rbaycan Respublikas\u0131n\u0131n Qanununda d\u0259yi\u015fiklikl\u0259r edilm\u0259si bar\u0259d\u0259 Az\u0259rbaycan Respublikas\u0131 qanununun layih\u0259si haqq\u0131nda (\u00fc\u00e7\u00fcnc\u00fc oxunu\u015f),&#8221;Teatr v\u0259 teatr f\u0259aliyy\u0259ti haqq\u0131nda&#8221; Az\u0259rbaycan Respublikas\u0131n\u0131n Qanununda d\u0259yi\u015fiklik edilm\u0259si bar\u0259d\u0259 Az\u0259rbaycan Respublikas\u0131 qanununun layih\u0259si haqq\u0131nda (\u00fc\u00e7\u00fcnc\u00fc oxunu\u015f)\u00a0 \u00a0qanun layih\u0259l\u0259ri m\u00fczakir\u0259d\u0259n \u00e7\u0131xar\u0131l\u0131b.<\/p>\n<div id=\"AdributorNativeVideo0\" class=\"AdributorNativeVideo\"><\/div>\n<p>Qeyd ed\u0259k ki, Milli M\u0259clisin 30 oktyabr v\u0259 2 noyabr tarixl\u0259rin\u0259 m\u00fc\u0259yy\u0259n edilmi\u015f plenar iclaslar\u0131n\u0131n g\u00fcnd\u0259liyind\u0259 57 qanun layih\u0259sinin m\u00fczakir\u0259si n\u0259z\u0259rd\u0259 tutulmu\u015fdu.<\/p>\n<p><em><br \/>\n\u00d6lk\u0259.Az<\/em><\/p>\n","protected":false},"excerpt":{"rendered":"<p>Milli M\u0259clisin bug\u00fcnk\u00fc plenar iclas\u0131nda 5 qanun layih\u0259si m\u00fczakir\u0259d\u0259n \u00e7\u0131xar\u0131l\u0131b. ARANTV.AZ x\u0259b\u0259r verir ki, bu bar\u0259d\u0259 Milli M\u0259clis S\u0259drinin birinci m\u00fcavini Ziyaf\u0259t \u018fsg\u0259rov m\u0259lumat verib. O, bildirib ki, &#8220;T\u00fct\u00fcn m\u0259mulatlar\u0131n\u0131n istifad\u0259sinin m\u0259hdudla\u015fd\u0131r\u0131lmas\u0131 haqq\u0131nda&#8221; Az\u0259rbaycan Respublikas\u0131n\u0131n Qanununda d\u0259yi\u015fiklik edilm\u0259si bar\u0259d\u0259 Az\u0259rbaycan Respublikas\u0131 qanununun layih\u0259si haqq\u0131nda , Az\u0259rbaycan Respublikas\u0131n\u0131n \u0130nzibati X\u0259talar M\u0259c\u0259ll\u0259sind\u0259 d\u0259yi\u015fiklikl\u0259r edilm\u0259si haqq\u0131nda Az\u0259rbaycan Respublikas\u0131 qanununun layih\u0259si bar\u0259d\u0259 (\u00fc\u00e7\u00fcnc\u00fc oxunu\u015f), &#8220;T\u00fct\u00fcn v\u0259 t\u00fct\u00fcn m\u0259mulat\u0131 haqq\u0131nda&#8221; Az\u0259rbaycan Respublikas\u0131n\u0131n Qanununda d\u0259yi\u015fiklikl\u0259r edilm\u0259si bar\u0259d\u0259 Az\u0259rbaycan Respublikas\u0131 qanununun layih\u0259si haqq\u0131nda (\u00fc\u00e7\u00fcnc\u00fc oxunu\u015f), &#8220;Televiziya v\u0259 radio yay\u0131m\u0131 haqq\u0131nda&#8221; Az\u0259rbaycan Respublikas\u0131n\u0131n Qanununda d\u0259yi\u015fiklikl\u0259r edilm\u0259si bar\u0259d\u0259 Az\u0259rbaycan&hellip;<\/p>\n","protected":false},"author":2,"featured_media":22160,"comment_status":"closed","ping_status":"closed","sticky":false,"template":"","format":"standard","meta":{"om_disable_all_campaigns":false,"_monsterinsights_skip_tracking":false,"_monsterinsights_sitenote_active":false,"_monsterinsights_sitenote_note":"","_monsterinsights_sitenote_category":0},"categories":[4],"tags":[],"aioseo_notices":[],"gutentor_comment":0,"rttpg_featured_image_url":{"full":["https:\/\/arantv.az\/wp-content\/uploads\/2018\/10\/millimecli-1.jpg",620,375,false],"landscape":["https:\/\/arantv.az\/wp-content\/uploads\/2018\/10\/millimecli-1.jpg",620,375,false],"portraits":["https:\/\/arantv.az\/wp-content\/uploads\/2018\/10\/millimecli-1.jpg",620,375,false],"thumbnail":["https:\/\/arantv.az\/wp-content\/uploads\/2018\/10\/millimecli-1-150x150.jpg",150,150,true],"medium":["https:\/\/arantv.az\/wp-content\/uploads\/2018\/10\/millimecli-1-300x181.jpg",300,181,true],"large":["https:\/\/arantv.az\/wp-content\/uploads\/2018\/10\/millimecli-1.jpg",620,375,false],"1536x1536":["https:\/\/arantv.az\/wp-content\/uploads\/2018\/10\/millimecli-1.jpg",620,375,false],"2048x2048":["https:\/\/arantv.az\/wp-content\/uploads\/2018\/10\/millimecli-1.jpg",620,375,false],"post-thumbnail":["https:\/\/arantv.az\/wp-content\/uploads\/2018\/10\/millimecli-1-240x172.jpg",240,172,true],"advps-thumb-one":["https:\/\/arantv.az\/wp-content\/uploads\/2018\/10\/millimecli-1.jpg",620,375,false]},"rttpg_author":{"display_name":"V\u00fcsal Rafiqo\u011flu","author_link":"https:\/\/arantv.az\/?author=2"},"rttpg_comment":0,"rttpg_category":"<a href=\"https:\/\/arantv.az\/?cat=4\" rel=\"category\">Siyas\u0259t<\/a>","rttpg_excerpt":"Milli M\u0259clisin bug\u00fcnk\u00fc plenar iclas\u0131nda 5 qanun layih\u0259si m\u00fczakir\u0259d\u0259n \u00e7\u0131xar\u0131l\u0131b. ARANTV.AZ x\u0259b\u0259r verir ki, bu bar\u0259d\u0259 Milli M\u0259clis S\u0259drinin birinci m\u00fcavini Ziyaf\u0259t \u018fsg\u0259rov m\u0259lumat verib. O, bildirib ki, &#8220;T\u00fct\u00fcn m\u0259mulatlar\u0131n\u0131n istifad\u0259sinin m\u0259hdudla\u015fd\u0131r\u0131lmas\u0131 haqq\u0131nda&#8221; Az\u0259rbaycan Respublikas\u0131n\u0131n Qanununda d\u0259yi\u015fiklik edilm\u0259si bar\u0259d\u0259 Az\u0259rbaycan Respublikas\u0131 qanununun layih\u0259si haqq\u0131nda , Az\u0259rbaycan Respublikas\u0131n\u0131n \u0130nzibati X\u0259talar M\u0259c\u0259ll\u0259sind\u0259 d\u0259yi\u015fiklikl\u0259r edilm\u0259si haqq\u0131nda Az\u0259rbaycan Respublikas\u0131&hellip;","_links":{"self":[{"href":"https:\/\/arantv.az\/index.php?rest_route=\/wp\/v2\/posts\/22159"}],"collection":[{"href":"https:\/\/arantv.az\/index.php?rest_route=\/wp\/v2\/posts"}],"about":[{"href":"https:\/\/arantv.az\/index.php?rest_route=\/wp\/v2\/types\/post"}],"author":[{"embeddable":true,"href":"https:\/\/arantv.az\/index.php?rest_route=\/wp\/v2\/users\/2"}],"replies":[{"embeddable":true,"href":"https:\/\/arantv.az\/index.php?rest_route=%2Fwp%2Fv2%2Fcomments&post=22159"}],"version-history":[{"count":0,"href":"https:\/\/arantv.az\/index.php?rest_route=\/wp\/v2\/posts\/22159\/revisions"}],"wp:featuredmedia":[{"embeddable":true,"href":"https:\/\/arantv.az\/index.php?rest_route=\/wp\/v2\/media\/22160"}],"wp:attachment":[{"href":"https:\/\/arantv.az\/index.php?rest_route=%2Fwp%2Fv2%2Fmedia&parent=22159"}],"wp:term":[{"taxonomy":"category","embeddable":true,"href":"https:\/\/arantv.az\/index.php?rest_route=%2Fwp%2Fv2%2Fcategories&post=22159"},{"taxonomy":"post_tag","embeddable":true,"href":"https:\/\/arantv.az\/index.php?rest_route=%2Fwp%2Fv2%2Ftags&post=22159"}],"curies":[{"name":"wp","href":"https:\/\/api.w.org\/{rel}","templated":true}]}}