{"id":22166,"date":"2018-10-30T13:07:58","date_gmt":"2018-10-30T10:07:58","guid":{"rendered":"http:\/\/arantv.az\/?p=22166"},"modified":"2018-10-30T13:07:58","modified_gmt":"2018-10-30T10:07:58","slug":"sahil-baginda-repressiya-qurbanlarina-abid%c9%99l%c9%99r-qoyulsun-t%c9%99klif","status":"publish","type":"post","link":"https:\/\/arantv.az\/?p=22166","title":{"rendered":"\u201cSahil ba\u011f\u0131\u201dnda repressiya qurbanlar\u0131na abid\u0259l\u0259r qoyulsun &#8211; T\u018fKL\u0130F"},"content":{"rendered":"<p>Parlamentin oktyabr\u0131n 30-da ke\u00e7iril\u0259n\u00a0plenar iclas\u0131nda deputatlar bir s\u0131ra t\u0259klifl\u0259rl\u0259 \u00e7\u0131x\u0131\u015f edibl\u0259r.<\/p>\n<p><b>ARANTV.AZ\u00a0<\/b>x\u0259b\u0259r verir ki, \u0259vv\u0259lc\u0259 \u00e7\u0131x\u0131\u015f ed\u0259n\u00a0deputat<strong>\u00a0Fazil Mustafa\u00a0<\/strong>Stalin repressiyas\u0131na m\u0259ruz qalm\u0131\u015f tan\u0131nm\u0131\u015f Az\u0259rbaycan \u015f\u0259xsiyy\u0259tl\u0259rin \u0259traf\u0131nda c\u0259miyy\u0259td\u0259 v\u0259 mediada m\u00fczakir\u0259l\u0259rin apar\u0131ld\u0131\u011f\u0131n\u0131 qeyd edib.<\/p>\n<p>Deputat bildirib\u00a0ki, h\u0259l\u0259 d\u0259 bu m\u0259s\u0259l\u0259d\u0259 qaranl\u0131q hallar\u00a0var:<\/p>\n<p>\u201cBir \u00e7ox \u015f\u0259xsiyy\u0259tl\u0259rin m\u0259zarlar\u0131 h\u0259l\u0259 d\u0259 m\u0259lum deyil. Ona g\u00f6r\u0259 d\u0259 bu y\u00f6nd\u0259 m\u00fcvafiq add\u0131mlar at\u0131lmas\u0131 laz\u0131md\u0131r. H\u0259m\u00e7inin hesab edir\u0259m ki, indiki \u201cSahil ba\u011f\u0131\u201dnda Stalin repressiyas\u0131na m\u0259ruz qalm\u0131\u015f insanlar\u0131n abid\u0259l\u0259ri qoyulmal\u0131d\u0131r\u201d.<\/p>\n<p>Deputat\u00a0<strong>Musa Quliyev<\/strong>\u00a0Erm\u0259nistandan deportasiya edilmi\u015f az\u0259rbaycanl\u0131larla ba\u011fl\u0131 m\u0259s\u0259l\u0259y\u0259 toxunaraq, 1988-ci ild\u0259n, y\u0259ni, sonuncu k\u00f6\u00e7\u00fcr\u00fclm\u0259d\u0259n 30 il \u00f6td\u00fcy\u00fcn\u00fc vur\u011fulayaraq t\u0259klif edib ki, bu deportasiya, onun d\u00fcnya ictimaiyy\u0259tin\u0259 \u00e7atd\u0131r\u0131lmas\u0131 il\u0259 ba\u011fl\u0131 ictimai dinl\u0259m\u0259l\u0259r t\u0259\u015fkil edilsin.<\/p>\n<p>Deputat\u00a0<strong>Zahid Oruc<\/strong>\u00a0is\u0259 \u00e7\u0131x\u0131\u015f\u0131nda Minsk qrupunun f\u0259aliyy\u0259tini k\u0259skin t\u0259nqid ed\u0259r\u0259k dan\u0131\u015f\u0131qlar\u00a0prosesin\u0259 ton verm\u0259k \u00fc\u00e7\u00fcn yeni bir format\u0131n yarad\u0131lmas\u0131n\u0131 t\u0259klif edib. O qeyd edib ki, Dan\u0131\u015f\u0131qlar Komissiyas\u0131 adl\u0131 format yarad\u0131ls\u0131n.oxu.az<\/p>\n","protected":false},"excerpt":{"rendered":"<p>Parlamentin oktyabr\u0131n 30-da ke\u00e7iril\u0259n\u00a0plenar iclas\u0131nda deputatlar bir s\u0131ra t\u0259klifl\u0259rl\u0259 \u00e7\u0131x\u0131\u015f edibl\u0259r. ARANTV.AZ\u00a0x\u0259b\u0259r verir ki, \u0259vv\u0259lc\u0259 \u00e7\u0131x\u0131\u015f ed\u0259n\u00a0deputat\u00a0Fazil Mustafa\u00a0Stalin repressiyas\u0131na m\u0259ruz qalm\u0131\u015f tan\u0131nm\u0131\u015f Az\u0259rbaycan \u015f\u0259xsiyy\u0259tl\u0259rin \u0259traf\u0131nda c\u0259miyy\u0259td\u0259 v\u0259 mediada m\u00fczakir\u0259l\u0259rin apar\u0131ld\u0131\u011f\u0131n\u0131 qeyd edib. Deputat bildirib\u00a0ki, h\u0259l\u0259 d\u0259 bu m\u0259s\u0259l\u0259d\u0259 qaranl\u0131q hallar\u00a0var: \u201cBir \u00e7ox \u015f\u0259xsiyy\u0259tl\u0259rin m\u0259zarlar\u0131 h\u0259l\u0259 d\u0259 m\u0259lum deyil. Ona g\u00f6r\u0259 d\u0259 bu y\u00f6nd\u0259 m\u00fcvafiq add\u0131mlar at\u0131lmas\u0131 laz\u0131md\u0131r. H\u0259m\u00e7inin hesab edir\u0259m ki, indiki \u201cSahil ba\u011f\u0131\u201dnda Stalin repressiyas\u0131na m\u0259ruz qalm\u0131\u015f insanlar\u0131n abid\u0259l\u0259ri qoyulmal\u0131d\u0131r\u201d. Deputat\u00a0Musa Quliyev\u00a0Erm\u0259nistandan deportasiya edilmi\u015f az\u0259rbaycanl\u0131larla ba\u011fl\u0131 m\u0259s\u0259l\u0259y\u0259 toxunaraq, 1988-ci ild\u0259n, y\u0259ni, sonuncu k\u00f6\u00e7\u00fcr\u00fclm\u0259d\u0259n 30 il \u00f6td\u00fcy\u00fcn\u00fc vur\u011fulayaraq t\u0259klif edib&hellip;<\/p>\n","protected":false},"author":2,"featured_media":22167,"comment_status":"closed","ping_status":"closed","sticky":false,"template":"","format":"standard","meta":{"om_disable_all_campaigns":false,"_monsterinsights_skip_tracking":false,"_monsterinsights_sitenote_active":false,"_monsterinsights_sitenote_note":"","_monsterinsights_sitenote_category":0},"categories":[19],"tags":[],"aioseo_notices":[],"gutentor_comment":0,"rttpg_featured_image_url":{"full":["https:\/\/arantv.az\/wp-content\/uploads\/2018\/10\/Apartment-Panorama-On-Zhloby-139-photos-Exterior-Apartment-Panorama-on-Zhloby-139.jpg",620,348,false],"landscape":["https:\/\/arantv.az\/wp-content\/uploads\/2018\/10\/Apartment-Panorama-On-Zhloby-139-photos-Exterior-Apartment-Panorama-on-Zhloby-139.jpg",620,348,false],"portraits":["https:\/\/arantv.az\/wp-content\/uploads\/2018\/10\/Apartment-Panorama-On-Zhloby-139-photos-Exterior-Apartment-Panorama-on-Zhloby-139.jpg",620,348,false],"thumbnail":["https:\/\/arantv.az\/wp-content\/uploads\/2018\/10\/Apartment-Panorama-On-Zhloby-139-photos-Exterior-Apartment-Panorama-on-Zhloby-139-150x150.jpg",150,150,true],"medium":["https:\/\/arantv.az\/wp-content\/uploads\/2018\/10\/Apartment-Panorama-On-Zhloby-139-photos-Exterior-Apartment-Panorama-on-Zhloby-139-300x168.jpg",300,168,true],"large":["https:\/\/arantv.az\/wp-content\/uploads\/2018\/10\/Apartment-Panorama-On-Zhloby-139-photos-Exterior-Apartment-Panorama-on-Zhloby-139.jpg",620,348,false],"1536x1536":["https:\/\/arantv.az\/wp-content\/uploads\/2018\/10\/Apartment-Panorama-On-Zhloby-139-photos-Exterior-Apartment-Panorama-on-Zhloby-139.jpg",620,348,false],"2048x2048":["https:\/\/arantv.az\/wp-content\/uploads\/2018\/10\/Apartment-Panorama-On-Zhloby-139-photos-Exterior-Apartment-Panorama-on-Zhloby-139.jpg",620,348,false],"post-thumbnail":["https:\/\/arantv.az\/wp-content\/uploads\/2018\/10\/Apartment-Panorama-On-Zhloby-139-photos-Exterior-Apartment-Panorama-on-Zhloby-139-240x172.jpg",240,172,true],"advps-thumb-one":["https:\/\/arantv.az\/wp-content\/uploads\/2018\/10\/Apartment-Panorama-On-Zhloby-139-photos-Exterior-Apartment-Panorama-on-Zhloby-139.jpg",620,348,false]},"rttpg_author":{"display_name":"V\u00fcsal Rafiqo\u011flu","author_link":"https:\/\/arantv.az\/?author=2"},"rttpg_comment":0,"rttpg_category":"<a href=\"https:\/\/arantv.az\/?cat=19\" rel=\"category\">G\u00fcnd\u0259m<\/a>","rttpg_excerpt":"Parlamentin oktyabr\u0131n 30-da ke\u00e7iril\u0259n\u00a0plenar iclas\u0131nda deputatlar bir s\u0131ra t\u0259klifl\u0259rl\u0259 \u00e7\u0131x\u0131\u015f edibl\u0259r. ARANTV.AZ\u00a0x\u0259b\u0259r verir ki, \u0259vv\u0259lc\u0259 \u00e7\u0131x\u0131\u015f ed\u0259n\u00a0deputat\u00a0Fazil Mustafa\u00a0Stalin repressiyas\u0131na m\u0259ruz qalm\u0131\u015f tan\u0131nm\u0131\u015f Az\u0259rbaycan \u015f\u0259xsiyy\u0259tl\u0259rin \u0259traf\u0131nda c\u0259miyy\u0259td\u0259 v\u0259 mediada m\u00fczakir\u0259l\u0259rin apar\u0131ld\u0131\u011f\u0131n\u0131 qeyd edib. Deputat bildirib\u00a0ki, h\u0259l\u0259 d\u0259 bu m\u0259s\u0259l\u0259d\u0259 qaranl\u0131q hallar\u00a0var: \u201cBir \u00e7ox \u015f\u0259xsiyy\u0259tl\u0259rin m\u0259zarlar\u0131 h\u0259l\u0259 d\u0259 m\u0259lum deyil. Ona g\u00f6r\u0259 d\u0259 bu y\u00f6nd\u0259 m\u00fcvafiq add\u0131mlar&hellip;","_links":{"self":[{"href":"https:\/\/arantv.az\/index.php?rest_route=\/wp\/v2\/posts\/22166"}],"collection":[{"href":"https:\/\/arantv.az\/index.php?rest_route=\/wp\/v2\/posts"}],"about":[{"href":"https:\/\/arantv.az\/index.php?rest_route=\/wp\/v2\/types\/post"}],"author":[{"embeddable":true,"href":"https:\/\/arantv.az\/index.php?rest_route=\/wp\/v2\/users\/2"}],"replies":[{"embeddable":true,"href":"https:\/\/arantv.az\/index.php?rest_route=%2Fwp%2Fv2%2Fcomments&post=22166"}],"version-history":[{"count":0,"href":"https:\/\/arantv.az\/index.php?rest_route=\/wp\/v2\/posts\/22166\/revisions"}],"wp:featuredmedia":[{"embeddable":true,"href":"https:\/\/arantv.az\/index.php?rest_route=\/wp\/v2\/media\/22167"}],"wp:attachment":[{"href":"https:\/\/arantv.az\/index.php?rest_route=%2Fwp%2Fv2%2Fmedia&parent=22166"}],"wp:term":[{"taxonomy":"category","embeddable":true,"href":"https:\/\/arantv.az\/index.php?rest_route=%2Fwp%2Fv2%2Fcategories&post=22166"},{"taxonomy":"post_tag","embeddable":true,"href":"https:\/\/arantv.az\/index.php?rest_route=%2Fwp%2Fv2%2Ftags&post=22166"}],"curies":[{"name":"wp","href":"https:\/\/api.w.org\/{rel}","templated":true}]}}