{"id":22169,"date":"2018-10-30T13:09:04","date_gmt":"2018-10-30T10:09:04","guid":{"rendered":"http:\/\/arantv.az\/?p=22169"},"modified":"2018-10-30T13:09:04","modified_gmt":"2018-10-30T10:09:04","slug":"dovl%c9%99t-sirri-il%c9%99-bagli-qanun-d%c9%99yisdirilir","status":"publish","type":"post","link":"https:\/\/arantv.az\/?p=22169","title":{"rendered":"D\u00f6vl\u0259t sirri il\u0259 ba\u011fl\u0131 qanun d\u0259yi\u015fdirilir"},"content":{"rendered":"<p>\u201cD\u00f6vl\u0259t sirri haqq\u0131nda\u201d qanuna d\u0259yi\u015fiklik n\u0259z\u0259rd\u0259 tutulur.<\/p>\n<p><b>ARANTV.AZ\u00a0<\/b>x\u0259b\u0259r verir ki, bu haqda Milli M\u0259clisin (MM) oktyabr\u0131n 30-da ke\u00e7iril\u0259n plenar iclas\u0131nda birinci vitse-spiker\u00a0<strong>Ziyaf\u0259t \u018fsg\u0259rov<\/strong>\u00a0bildirib.<\/p>\n<p>Onun s\u00f6zl\u0259rin\u0259 g\u00f6r\u0259, \u00f6lk\u0259 prezidenti t\u0259r\u0259find\u0259n g\u00f6nd\u0259ril\u0259n qanun layih\u0259sind\u0259 d\u00f6vl\u0259t sirrinin m\u00fchafiz\u0259sinin t\u0259min olunmas\u0131na n\u0259zar\u0259t ed\u0259n orqanlar\u0131n siyah\u0131s\u0131 geni\u015fl\u0259ndirilir.<\/p>\n<p>Bel\u0259 ki, d\u00f6vl\u0259t sirrinin m\u00fchafiz\u0259sinin t\u0259min olunmas\u0131na n\u0259zar\u0259t m\u00fcvafiq icra hakimiyy\u0259ti orqanlar\u0131n\u0131n r\u0259hb\u0259rl\u0259ri t\u0259r\u0259find\u0259n t\u0259\u015fkil edil\u0259c\u0259k.oxu.az<\/p>\n","protected":false},"excerpt":{"rendered":"<p>\u201cD\u00f6vl\u0259t sirri haqq\u0131nda\u201d qanuna d\u0259yi\u015fiklik n\u0259z\u0259rd\u0259 tutulur. ARANTV.AZ\u00a0x\u0259b\u0259r verir ki, bu haqda Milli M\u0259clisin (MM) oktyabr\u0131n 30-da ke\u00e7iril\u0259n plenar iclas\u0131nda birinci vitse-spiker\u00a0Ziyaf\u0259t \u018fsg\u0259rov\u00a0bildirib. Onun s\u00f6zl\u0259rin\u0259 g\u00f6r\u0259, \u00f6lk\u0259 prezidenti t\u0259r\u0259find\u0259n g\u00f6nd\u0259ril\u0259n qanun layih\u0259sind\u0259 d\u00f6vl\u0259t sirrinin m\u00fchafiz\u0259sinin t\u0259min olunmas\u0131na n\u0259zar\u0259t ed\u0259n orqanlar\u0131n siyah\u0131s\u0131 geni\u015fl\u0259ndirilir. Bel\u0259 ki, d\u00f6vl\u0259t sirrinin m\u00fchafiz\u0259sinin t\u0259min olunmas\u0131na n\u0259zar\u0259t m\u00fcvafiq icra hakimiyy\u0259ti orqanlar\u0131n\u0131n r\u0259hb\u0259rl\u0259ri t\u0259r\u0259find\u0259n t\u0259\u015fkil edil\u0259c\u0259k.oxu.az<\/p>\n","protected":false},"author":2,"featured_media":22170,"comment_status":"closed","ping_status":"closed","sticky":false,"template":"","format":"standard","meta":{"om_disable_all_campaigns":false,"_monsterinsights_skip_tracking":false,"_monsterinsights_sitenote_active":false,"_monsterinsights_sitenote_note":"","_monsterinsights_sitenote_category":0},"categories":[4],"tags":[],"aioseo_notices":[],"gutentor_comment":0,"rttpg_featured_image_url":{"full":["https:\/\/arantv.az\/wp-content\/uploads\/2018\/10\/dokumenty.jpg",620,404,false],"landscape":["https:\/\/arantv.az\/wp-content\/uploads\/2018\/10\/dokumenty.jpg",620,404,false],"portraits":["https:\/\/arantv.az\/wp-content\/uploads\/2018\/10\/dokumenty.jpg",620,404,false],"thumbnail":["https:\/\/arantv.az\/wp-content\/uploads\/2018\/10\/dokumenty-150x150.jpg",150,150,true],"medium":["https:\/\/arantv.az\/wp-content\/uploads\/2018\/10\/dokumenty-300x195.jpg",300,195,true],"large":["https:\/\/arantv.az\/wp-content\/uploads\/2018\/10\/dokumenty.jpg",620,404,false],"1536x1536":["https:\/\/arantv.az\/wp-content\/uploads\/2018\/10\/dokumenty.jpg",620,404,false],"2048x2048":["https:\/\/arantv.az\/wp-content\/uploads\/2018\/10\/dokumenty.jpg",620,404,false],"post-thumbnail":["https:\/\/arantv.az\/wp-content\/uploads\/2018\/10\/dokumenty-240x172.jpg",240,172,true],"advps-thumb-one":["https:\/\/arantv.az\/wp-content\/uploads\/2018\/10\/dokumenty.jpg",620,404,false]},"rttpg_author":{"display_name":"V\u00fcsal Rafiqo\u011flu","author_link":"https:\/\/arantv.az\/?author=2"},"rttpg_comment":0,"rttpg_category":"<a href=\"https:\/\/arantv.az\/?cat=4\" rel=\"category\">Siyas\u0259t<\/a>","rttpg_excerpt":"\u201cD\u00f6vl\u0259t sirri haqq\u0131nda\u201d qanuna d\u0259yi\u015fiklik n\u0259z\u0259rd\u0259 tutulur. ARANTV.AZ\u00a0x\u0259b\u0259r verir ki, bu haqda Milli M\u0259clisin (MM) oktyabr\u0131n 30-da ke\u00e7iril\u0259n plenar iclas\u0131nda birinci vitse-spiker\u00a0Ziyaf\u0259t \u018fsg\u0259rov\u00a0bildirib. Onun s\u00f6zl\u0259rin\u0259 g\u00f6r\u0259, \u00f6lk\u0259 prezidenti t\u0259r\u0259find\u0259n g\u00f6nd\u0259ril\u0259n qanun layih\u0259sind\u0259 d\u00f6vl\u0259t sirrinin m\u00fchafiz\u0259sinin t\u0259min olunmas\u0131na n\u0259zar\u0259t ed\u0259n orqanlar\u0131n siyah\u0131s\u0131 geni\u015fl\u0259ndirilir. Bel\u0259 ki, d\u00f6vl\u0259t sirrinin m\u00fchafiz\u0259sinin t\u0259min olunmas\u0131na n\u0259zar\u0259t m\u00fcvafiq icra hakimiyy\u0259ti orqanlar\u0131n\u0131n r\u0259hb\u0259rl\u0259ri&hellip;","_links":{"self":[{"href":"https:\/\/arantv.az\/index.php?rest_route=\/wp\/v2\/posts\/22169"}],"collection":[{"href":"https:\/\/arantv.az\/index.php?rest_route=\/wp\/v2\/posts"}],"about":[{"href":"https:\/\/arantv.az\/index.php?rest_route=\/wp\/v2\/types\/post"}],"author":[{"embeddable":true,"href":"https:\/\/arantv.az\/index.php?rest_route=\/wp\/v2\/users\/2"}],"replies":[{"embeddable":true,"href":"https:\/\/arantv.az\/index.php?rest_route=%2Fwp%2Fv2%2Fcomments&post=22169"}],"version-history":[{"count":0,"href":"https:\/\/arantv.az\/index.php?rest_route=\/wp\/v2\/posts\/22169\/revisions"}],"wp:featuredmedia":[{"embeddable":true,"href":"https:\/\/arantv.az\/index.php?rest_route=\/wp\/v2\/media\/22170"}],"wp:attachment":[{"href":"https:\/\/arantv.az\/index.php?rest_route=%2Fwp%2Fv2%2Fmedia&parent=22169"}],"wp:term":[{"taxonomy":"category","embeddable":true,"href":"https:\/\/arantv.az\/index.php?rest_route=%2Fwp%2Fv2%2Fcategories&post=22169"},{"taxonomy":"post_tag","embeddable":true,"href":"https:\/\/arantv.az\/index.php?rest_route=%2Fwp%2Fv2%2Ftags&post=22169"}],"curies":[{"name":"wp","href":"https:\/\/api.w.org\/{rel}","templated":true}]}}