{"id":22179,"date":"2018-10-30T13:16:05","date_gmt":"2018-10-30T10:16:05","guid":{"rendered":"http:\/\/arantv.az\/?p=22179"},"modified":"2018-10-30T13:16:05","modified_gmt":"2018-10-30T10:16:05","slug":"at%c9%99t-in-minsk-qrupu-h%c9%99ms%c9%99drl%c9%99rinin-regiona-s%c9%99f%c9%99rinin-m%c9%99qs%c9%99di-aciqlandi","status":"publish","type":"post","link":"https:\/\/arantv.az\/?p=22179","title":{"rendered":"AT\u018fT-in Minsk qrupu h\u0259ms\u0259drl\u0259rinin regiona s\u0259f\u0259rinin m\u0259qs\u0259di a\u00e7\u0131qland\u0131"},"content":{"rendered":"<p>AT\u018fT-in Minsk qrupunun h\u0259ms\u0259drl\u0259ri C\u0259nubi Qafqaz regionuna s\u0259f\u0259rl\u0259ri \u00e7\u0259r\u00e7iv\u0259sind\u0259 Erm\u0259nistan-Az\u0259rbaycan, Da\u011fl\u0131q Qaraba\u011f m\u00fcnaqi\u015f\u0259si t\u0259r\u0259fl\u0259rini g\u0259rginliyin azald\u0131lmas\u0131 \u00fc\u00e7\u00fcn s\u0259yl\u0259ri davam etdirm\u0259y\u0259 \u00e7a\u011f\u0131racaq.<\/p>\n<p><strong>ARANTV.AZ\u00a0<\/strong> x\u0259b\u0259r verir ki, bu bar\u0259d\u0259 trend-\u0259\u00a0AT\u018fT-d\u0259n bildiribl\u0259r.<\/p>\n<p>Qeyd olunub ki, haz\u0131rda h\u0259ms\u0259drl\u0259r regionda s\u0259f\u0259rd\u0259dirl\u0259r:<\/p>\n<p>&#8220;H\u0259ms\u0259drl\u0259r s\u0259f\u0259r \u00e7\u0259r\u00e7iv\u0259sind\u0259 regiondak\u0131 v\u0259ziyy\u0259ti n\u0259z\u0259rd\u0259n ke\u00e7irir v\u0259 t\u0259r\u0259fl\u0259ri D\u00fc\u015f\u0259nb\u0259d\u0259 liderl\u0259rin \u0259ld\u0259 etdiyi raz\u0131la\u015fmadan sonra g\u0259rginliyin azald\u0131lmas\u0131 \u00fc\u00e7\u00fcn s\u0259yl\u0259ri davam etdirm\u0259y\u0259 \u00e7a\u011f\u0131r\u0131r. Onlar, h\u0259m\u00e7inin dan\u0131\u015f\u0131qlar prosesinin f\u0259alla\u015fd\u0131r\u0131lmas\u0131 v\u0259 dig\u0259r add\u0131mlar\u0131 m\u00fczakir\u0259 edirl\u0259r&#8221;.<\/p>\n<p>Xat\u0131rladaq ki, Minsk qrupunun h\u0259ms\u0259drl\u0259ri \u00f6t\u0259n g\u00fcn Yerevana s\u0259f\u0259r edib.<\/p>\n","protected":false},"excerpt":{"rendered":"<p>AT\u018fT-in Minsk qrupunun h\u0259ms\u0259drl\u0259ri C\u0259nubi Qafqaz regionuna s\u0259f\u0259rl\u0259ri \u00e7\u0259r\u00e7iv\u0259sind\u0259 Erm\u0259nistan-Az\u0259rbaycan, Da\u011fl\u0131q Qaraba\u011f m\u00fcnaqi\u015f\u0259si t\u0259r\u0259fl\u0259rini g\u0259rginliyin azald\u0131lmas\u0131 \u00fc\u00e7\u00fcn s\u0259yl\u0259ri davam etdirm\u0259y\u0259 \u00e7a\u011f\u0131racaq. ARANTV.AZ\u00a0 x\u0259b\u0259r verir ki, bu bar\u0259d\u0259 trend-\u0259\u00a0AT\u018fT-d\u0259n bildiribl\u0259r. Qeyd olunub ki, haz\u0131rda h\u0259ms\u0259drl\u0259r regionda s\u0259f\u0259rd\u0259dirl\u0259r: &#8220;H\u0259ms\u0259drl\u0259r s\u0259f\u0259r \u00e7\u0259r\u00e7iv\u0259sind\u0259 regiondak\u0131 v\u0259ziyy\u0259ti n\u0259z\u0259rd\u0259n ke\u00e7irir v\u0259 t\u0259r\u0259fl\u0259ri D\u00fc\u015f\u0259nb\u0259d\u0259 liderl\u0259rin \u0259ld\u0259 etdiyi raz\u0131la\u015fmadan sonra g\u0259rginliyin azald\u0131lmas\u0131 \u00fc\u00e7\u00fcn s\u0259yl\u0259ri davam etdirm\u0259y\u0259 \u00e7a\u011f\u0131r\u0131r. Onlar, h\u0259m\u00e7inin dan\u0131\u015f\u0131qlar prosesinin f\u0259alla\u015fd\u0131r\u0131lmas\u0131 v\u0259 dig\u0259r add\u0131mlar\u0131 m\u00fczakir\u0259 edirl\u0259r&#8221;. Xat\u0131rladaq ki, Minsk qrupunun h\u0259ms\u0259drl\u0259ri \u00f6t\u0259n g\u00fcn Yerevana s\u0259f\u0259r edib.<\/p>\n","protected":false},"author":2,"featured_media":22181,"comment_status":"closed","ping_status":"closed","sticky":false,"template":"","format":"standard","meta":{"om_disable_all_campaigns":false,"_monsterinsights_skip_tracking":false,"_monsterinsights_sitenote_active":false,"_monsterinsights_sitenote_note":"","_monsterinsights_sitenote_category":0},"categories":[4],"tags":[],"aioseo_notices":[],"gutentor_comment":0,"rttpg_featured_image_url":{"full":["https:\/\/arantv.az\/wp-content\/uploads\/2018\/10\/699232-1.jpg",800,600,false],"landscape":["https:\/\/arantv.az\/wp-content\/uploads\/2018\/10\/699232-1.jpg",800,600,false],"portraits":["https:\/\/arantv.az\/wp-content\/uploads\/2018\/10\/699232-1.jpg",800,600,false],"thumbnail":["https:\/\/arantv.az\/wp-content\/uploads\/2018\/10\/699232-1-150x150.jpg",150,150,true],"medium":["https:\/\/arantv.az\/wp-content\/uploads\/2018\/10\/699232-1-300x225.jpg",300,225,true],"large":["https:\/\/arantv.az\/wp-content\/uploads\/2018\/10\/699232-1.jpg",640,480,false],"1536x1536":["https:\/\/arantv.az\/wp-content\/uploads\/2018\/10\/699232-1.jpg",800,600,false],"2048x2048":["https:\/\/arantv.az\/wp-content\/uploads\/2018\/10\/699232-1.jpg",800,600,false],"post-thumbnail":["https:\/\/arantv.az\/wp-content\/uploads\/2018\/10\/699232-1-240x172.jpg",240,172,true],"advps-thumb-one":["https:\/\/arantv.az\/wp-content\/uploads\/2018\/10\/699232-1.jpg",800,600,false]},"rttpg_author":{"display_name":"V\u00fcsal Rafiqo\u011flu","author_link":"https:\/\/arantv.az\/?author=2"},"rttpg_comment":0,"rttpg_category":"<a href=\"https:\/\/arantv.az\/?cat=4\" rel=\"category\">Siyas\u0259t<\/a>","rttpg_excerpt":"AT\u018fT-in Minsk qrupunun h\u0259ms\u0259drl\u0259ri C\u0259nubi Qafqaz regionuna s\u0259f\u0259rl\u0259ri \u00e7\u0259r\u00e7iv\u0259sind\u0259 Erm\u0259nistan-Az\u0259rbaycan, Da\u011fl\u0131q Qaraba\u011f m\u00fcnaqi\u015f\u0259si t\u0259r\u0259fl\u0259rini g\u0259rginliyin azald\u0131lmas\u0131 \u00fc\u00e7\u00fcn s\u0259yl\u0259ri davam etdirm\u0259y\u0259 \u00e7a\u011f\u0131racaq. ARANTV.AZ\u00a0 x\u0259b\u0259r verir ki, bu bar\u0259d\u0259 trend-\u0259\u00a0AT\u018fT-d\u0259n bildiribl\u0259r. Qeyd olunub ki, haz\u0131rda h\u0259ms\u0259drl\u0259r regionda s\u0259f\u0259rd\u0259dirl\u0259r: &#8220;H\u0259ms\u0259drl\u0259r s\u0259f\u0259r \u00e7\u0259r\u00e7iv\u0259sind\u0259 regiondak\u0131 v\u0259ziyy\u0259ti n\u0259z\u0259rd\u0259n ke\u00e7irir v\u0259 t\u0259r\u0259fl\u0259ri D\u00fc\u015f\u0259nb\u0259d\u0259 liderl\u0259rin \u0259ld\u0259 etdiyi raz\u0131la\u015fmadan sonra g\u0259rginliyin azald\u0131lmas\u0131 \u00fc\u00e7\u00fcn s\u0259yl\u0259ri&hellip;","_links":{"self":[{"href":"https:\/\/arantv.az\/index.php?rest_route=\/wp\/v2\/posts\/22179"}],"collection":[{"href":"https:\/\/arantv.az\/index.php?rest_route=\/wp\/v2\/posts"}],"about":[{"href":"https:\/\/arantv.az\/index.php?rest_route=\/wp\/v2\/types\/post"}],"author":[{"embeddable":true,"href":"https:\/\/arantv.az\/index.php?rest_route=\/wp\/v2\/users\/2"}],"replies":[{"embeddable":true,"href":"https:\/\/arantv.az\/index.php?rest_route=%2Fwp%2Fv2%2Fcomments&post=22179"}],"version-history":[{"count":0,"href":"https:\/\/arantv.az\/index.php?rest_route=\/wp\/v2\/posts\/22179\/revisions"}],"wp:featuredmedia":[{"embeddable":true,"href":"https:\/\/arantv.az\/index.php?rest_route=\/wp\/v2\/media\/22181"}],"wp:attachment":[{"href":"https:\/\/arantv.az\/index.php?rest_route=%2Fwp%2Fv2%2Fmedia&parent=22179"}],"wp:term":[{"taxonomy":"category","embeddable":true,"href":"https:\/\/arantv.az\/index.php?rest_route=%2Fwp%2Fv2%2Fcategories&post=22179"},{"taxonomy":"post_tag","embeddable":true,"href":"https:\/\/arantv.az\/index.php?rest_route=%2Fwp%2Fv2%2Ftags&post=22179"}],"curies":[{"name":"wp","href":"https:\/\/api.w.org\/{rel}","templated":true}]}}