{"id":22189,"date":"2018-10-30T13:25:11","date_gmt":"2018-10-30T10:25:11","guid":{"rendered":"http:\/\/arantv.az\/?p=22189"},"modified":"2018-10-30T13:25:11","modified_gmt":"2018-10-30T10:25:11","slug":"olmus-s%c9%99xs-nec%c9%99-z%c9%99r%c9%99rc%c9%99kmis-s%c9%99xs-kimi-tanina-bil%c9%99r-mill%c9%99t-v%c9%99kili","status":"publish","type":"post","link":"https:\/\/arantv.az\/?p=22189","title":{"rendered":"\u00d6lm\u00fc\u015f \u015f\u0259xs nec\u0259 z\u0259r\u0259r\u00e7\u0259kmi\u015f \u015f\u0259xs kimi tan\u0131na bil\u0259r?\u201d \u2014 mill\u0259t v\u0259kili"},"content":{"rendered":"<div class=\"spot\">V\u0259kill\u0259r v\u0259 v\u0259killik f\u0259aliy\u0259ti haqq\u0131nda qanun layih\u0259sin\u0259 d\u0259yi\u015fikliklik Milli M\u0259clisin bug\u00fcnk\u00fc plenar iclas\u0131nda m\u00fczakir\u0259 edilib.<\/div>\n<p><strong>ARANTV.AZ<\/strong> x\u0259b\u0259r verir ki,qanun layih\u0259sin\u0259 t\u0259klif edil\u0259n d\u0259yi\u015fikliy\u0259 m\u00fcnasib\u0259t bildir\u0259n mill\u0259t v\u0259kili Q\u00fcdr\u0259t H\u0259s\u0259nquliyev b\u0259zi ifad\u0259l\u0259rin yerind\u0259 i\u015fl\u0259dilm\u0259diyini deyib:<\/p>\n<p>\u201cD\u0259yi\u015fiklikd\u0259 g\u00f6st\u0259rilir ki, \u00f6lm\u00fc\u015f z\u0259r\u0259r \u00e7\u0259kmi\u015f \u015f\u0259xsin h\u00fcquqi varisi qismind\u0259 tan\u0131nm\u0131\u015f v\u0259kil t\u0259r\u0259find\u0259n g\u00f6st\u0259ril\u0259n h\u00fcquqi yard\u0131m\u0131n \u00f6d\u0259nilm\u0259si d\u0259, m\u0259hk\u0259m\u0259 t\u0259r\u0259find\u0259n m\u0259hkumun\u00a0 \u00fcz\u0259rind\u0259 qoyuldu\u011fu hallar istisna olmaqla Az\u0259rbaycan Respublikas\u0131n\u0131n\u00a0 d\u00f6vl\u0259t b\u00fcdc\u0259si v\u0259saiti hesab\u0131na t\u0259min edilir. Hesab edir\u0259m ki, bu c\u00fcml\u0259d\u0259 \u00f6lm\u00fc\u015f z\u0259r\u0259r \u00e7\u0259kmi\u015f ifad\u0259si do\u011fru deyil. Cinay\u0259tin qurban\u0131 \u00f6l\u00fcrs\u0259 o z\u0259r\u0259r\u00e7\u0259kmi\u015f \u015f\u0259xs kimi tan\u0131na bilm\u0259z\u201d.<\/p>\n<p>Mill\u0259t v\u0259kili \u018fli H\u00fcseynli bildirib ki, bu yana\u015fman\u0131 i\u015f\u00e7i qrupunun diqq\u0259tin\u0259 \u00e7atd\u0131racaq.<\/p>\n<p>Birinci vitse-spiker Ziyaf\u0259t \u018fsg\u0259rov is\u0259\u00a0 dil\u00e7ilik bax\u0131mdan bu ifad\u0259nin s\u0259hv ola bil\u0259c\u0259yini deyib:<\/p>\n<div id=\"AdributorNativeVideo0\" class=\"AdributorNativeVideo\"><\/div>\n<p>\u201cQ\u00fcdr\u0259t m\u00fc\u0259llim m\u00fc\u0259yy\u0259n m\u0259nada haqql\u0131 ola bil\u0259r. Lakin d\u00fc\u015f\u00fcn\u00fcr\u0259m ki, z\u0259r\u0259r\u00e7\u0259kmi\u015f \u015f\u0259xs yaralan\u0131b bir m\u00fcdd\u0259t sonra \u00f6l\u0259 bil\u0259r. M\u0259hz buna g\u00f6r\u0259 \u201c\u00d6lm\u00fc\u015f z\u0259r\u0259r \u00e7\u0259kmi\u015f \u015f\u0259xs\u201d ifad\u0259si i\u015fl\u0259dilib.<\/p>\n<p>Daha sonra \u00e7\u0131x\u0131\u015f ed\u0259n mill\u0259t v\u0259kili Siyavu\u015f Novruzoz bildirib ki, Az\u0259rbaycanda v\u0259killik institutuna ehtiyac var:<\/p>\n<p>\u201cV\u0259killikl\u0259 ba\u011fl\u0131 yet\u0259rinc\u0259 h\u00fcquqi baza formala\u015f\u0131b. N\u00fcmay\u0259nd\u0259lik \u0130nstitutu l\u0259\u011fv edil\u0259nd\u0259n sonra v\u0259killik institutuna ehtiyac yaran\u0131b. Ona g\u00f6r\u0259 d\u0259 qanunda bir az da sad\u0259l\u0259\u015fdirm\u0259 aparmal\u0131y\u0131q. X\u00fcsus\u0259n d\u0259,\u00a0 bu sah\u0259y\u0259 \u00fcz tutan g\u0259nl\u0259r\u0259 imkan yaratmal\u0131y\u0131q. Onlar\u0131n t\u0259kmill\u0259\u015fdirilm\u0259si \u00fc\u00e7\u00fcn \u0259vv\u0259ll\u0259r institutlar m\u00f6vcud idi, indi onlar yoxdur. H\u0259r plenar iclasda Cinay\u0259t, \u0130nzibati X\u0259talar M\u0259c\u0259ll\u0259sin\u0259 d\u0259yi\u015fiklik edilib.\u00a0 V\u0259kill\u0259ri bir araya toplayaraq bu d\u0259yi\u015fiklikl\u0259r bar\u0259d\u0259 onlar\u0131 m\u0259lumatland\u0131rmal\u0131y\u0131q. \u00c7oxu prosesi bilir, lakin qanundak\u0131 d\u0259yi\u015fiklikd\u0259n x\u0259b\u0259rsiz olurlar\u201d.<\/p>\n<p>Qanun layih\u0259sin\u0259 d\u0259yi\u015fiklik s\u0259s\u0259 qoyularaq q\u0259bul edilib.<\/p>\n<p><em><br \/>\n\u00d6lk\u0259.Az<\/em><\/p>\n","protected":false},"excerpt":{"rendered":"<p>V\u0259kill\u0259r v\u0259 v\u0259killik f\u0259aliy\u0259ti haqq\u0131nda qanun layih\u0259sin\u0259 d\u0259yi\u015fikliklik Milli M\u0259clisin bug\u00fcnk\u00fc plenar iclas\u0131nda m\u00fczakir\u0259 edilib. ARANTV.AZ x\u0259b\u0259r verir ki,qanun layih\u0259sin\u0259 t\u0259klif edil\u0259n d\u0259yi\u015fikliy\u0259 m\u00fcnasib\u0259t bildir\u0259n mill\u0259t v\u0259kili Q\u00fcdr\u0259t H\u0259s\u0259nquliyev b\u0259zi ifad\u0259l\u0259rin yerind\u0259 i\u015fl\u0259dilm\u0259diyini deyib: \u201cD\u0259yi\u015fiklikd\u0259 g\u00f6st\u0259rilir ki, \u00f6lm\u00fc\u015f z\u0259r\u0259r \u00e7\u0259kmi\u015f \u015f\u0259xsin h\u00fcquqi varisi qismind\u0259 tan\u0131nm\u0131\u015f v\u0259kil t\u0259r\u0259find\u0259n g\u00f6st\u0259ril\u0259n h\u00fcquqi yard\u0131m\u0131n \u00f6d\u0259nilm\u0259si d\u0259, m\u0259hk\u0259m\u0259 t\u0259r\u0259find\u0259n m\u0259hkumun\u00a0 \u00fcz\u0259rind\u0259 qoyuldu\u011fu hallar istisna olmaqla Az\u0259rbaycan Respublikas\u0131n\u0131n\u00a0 d\u00f6vl\u0259t b\u00fcdc\u0259si v\u0259saiti hesab\u0131na t\u0259min edilir. Hesab edir\u0259m ki, bu c\u00fcml\u0259d\u0259 \u00f6lm\u00fc\u015f z\u0259r\u0259r \u00e7\u0259kmi\u015f ifad\u0259si do\u011fru deyil. Cinay\u0259tin qurban\u0131 \u00f6l\u00fcrs\u0259 o z\u0259r\u0259r\u00e7\u0259kmi\u015f \u015f\u0259xs kimi tan\u0131na bilm\u0259z\u201d. Mill\u0259t v\u0259kili&hellip;<\/p>\n","protected":false},"author":2,"featured_media":22190,"comment_status":"closed","ping_status":"closed","sticky":false,"template":"","format":"standard","meta":{"om_disable_all_campaigns":false,"_monsterinsights_skip_tracking":false,"_monsterinsights_sitenote_active":false,"_monsterinsights_sitenote_note":"","_monsterinsights_sitenote_category":0},"categories":[4],"tags":[],"aioseo_notices":[],"gutentor_comment":0,"rttpg_featured_image_url":{"full":["https:\/\/arantv.az\/wp-content\/uploads\/2018\/10\/qudrettt.jpg",620,375,false],"landscape":["https:\/\/arantv.az\/wp-content\/uploads\/2018\/10\/qudrettt.jpg",620,375,false],"portraits":["https:\/\/arantv.az\/wp-content\/uploads\/2018\/10\/qudrettt.jpg",620,375,false],"thumbnail":["https:\/\/arantv.az\/wp-content\/uploads\/2018\/10\/qudrettt-150x150.jpg",150,150,true],"medium":["https:\/\/arantv.az\/wp-content\/uploads\/2018\/10\/qudrettt-300x181.jpg",300,181,true],"large":["https:\/\/arantv.az\/wp-content\/uploads\/2018\/10\/qudrettt.jpg",620,375,false],"1536x1536":["https:\/\/arantv.az\/wp-content\/uploads\/2018\/10\/qudrettt.jpg",620,375,false],"2048x2048":["https:\/\/arantv.az\/wp-content\/uploads\/2018\/10\/qudrettt.jpg",620,375,false],"post-thumbnail":["https:\/\/arantv.az\/wp-content\/uploads\/2018\/10\/qudrettt-240x172.jpg",240,172,true],"advps-thumb-one":["https:\/\/arantv.az\/wp-content\/uploads\/2018\/10\/qudrettt.jpg",620,375,false]},"rttpg_author":{"display_name":"V\u00fcsal Rafiqo\u011flu","author_link":"https:\/\/arantv.az\/?author=2"},"rttpg_comment":0,"rttpg_category":"<a href=\"https:\/\/arantv.az\/?cat=4\" rel=\"category\">Siyas\u0259t<\/a>","rttpg_excerpt":"V\u0259kill\u0259r v\u0259 v\u0259killik f\u0259aliy\u0259ti haqq\u0131nda qanun layih\u0259sin\u0259 d\u0259yi\u015fikliklik Milli M\u0259clisin bug\u00fcnk\u00fc plenar iclas\u0131nda m\u00fczakir\u0259 edilib. ARANTV.AZ x\u0259b\u0259r verir ki,qanun layih\u0259sin\u0259 t\u0259klif edil\u0259n d\u0259yi\u015fikliy\u0259 m\u00fcnasib\u0259t bildir\u0259n mill\u0259t v\u0259kili Q\u00fcdr\u0259t H\u0259s\u0259nquliyev b\u0259zi ifad\u0259l\u0259rin yerind\u0259 i\u015fl\u0259dilm\u0259diyini deyib: \u201cD\u0259yi\u015fiklikd\u0259 g\u00f6st\u0259rilir ki, \u00f6lm\u00fc\u015f z\u0259r\u0259r \u00e7\u0259kmi\u015f \u015f\u0259xsin h\u00fcquqi varisi qismind\u0259 tan\u0131nm\u0131\u015f v\u0259kil t\u0259r\u0259find\u0259n g\u00f6st\u0259ril\u0259n h\u00fcquqi yard\u0131m\u0131n \u00f6d\u0259nilm\u0259si d\u0259, m\u0259hk\u0259m\u0259 t\u0259r\u0259find\u0259n m\u0259hkumun\u00a0&hellip;","_links":{"self":[{"href":"https:\/\/arantv.az\/index.php?rest_route=\/wp\/v2\/posts\/22189"}],"collection":[{"href":"https:\/\/arantv.az\/index.php?rest_route=\/wp\/v2\/posts"}],"about":[{"href":"https:\/\/arantv.az\/index.php?rest_route=\/wp\/v2\/types\/post"}],"author":[{"embeddable":true,"href":"https:\/\/arantv.az\/index.php?rest_route=\/wp\/v2\/users\/2"}],"replies":[{"embeddable":true,"href":"https:\/\/arantv.az\/index.php?rest_route=%2Fwp%2Fv2%2Fcomments&post=22189"}],"version-history":[{"count":0,"href":"https:\/\/arantv.az\/index.php?rest_route=\/wp\/v2\/posts\/22189\/revisions"}],"wp:featuredmedia":[{"embeddable":true,"href":"https:\/\/arantv.az\/index.php?rest_route=\/wp\/v2\/media\/22190"}],"wp:attachment":[{"href":"https:\/\/arantv.az\/index.php?rest_route=%2Fwp%2Fv2%2Fmedia&parent=22189"}],"wp:term":[{"taxonomy":"category","embeddable":true,"href":"https:\/\/arantv.az\/index.php?rest_route=%2Fwp%2Fv2%2Fcategories&post=22189"},{"taxonomy":"post_tag","embeddable":true,"href":"https:\/\/arantv.az\/index.php?rest_route=%2Fwp%2Fv2%2Ftags&post=22189"}],"curies":[{"name":"wp","href":"https:\/\/api.w.org\/{rel}","templated":true}]}}