{"id":22198,"date":"2018-10-30T13:41:08","date_gmt":"2018-10-30T10:41:08","guid":{"rendered":"http:\/\/arantv.az\/?p=22198"},"modified":"2018-10-30T13:41:08","modified_gmt":"2018-10-30T10:41:08","slug":"az%c9%99rbaycanda-kisil%c9%99r-15-yasinda-ilkin-h%c9%99rbi-qeydiyyata-alinacaq","status":"publish","type":"post","link":"https:\/\/arantv.az\/?p=22198","title":{"rendered":"Az\u0259rbaycanda ki\u015fil\u0259r 15 ya\u015f\u0131nda ilkin h\u0259rbi qeydiyyata al\u0131nacaq"},"content":{"rendered":"<p><strong>Az\u0259rbaycanda ki\u015fi cinsli v\u0259t\u0259nda\u015flar 16 ya\u015f\u0131nda deyil, 15 ya\u015f\u0131nda ilkin h\u0259rbi qeydiyyata al\u0131nacaq.<\/strong><\/p>\n<p><strong>ARANTV.AZ<\/strong> trend-\u0259 istinad\u0259n x\u0259b\u0259r verir ki, bununla ba\u011fl\u0131 &#8220;H\u0259rbi v\u0259zif\u0259 v\u0259 h\u0259rbi xidm\u0259t haqq\u0131nda&#8221; qanuna d\u0259yi\u015fiklik Milli M\u0259clisin bu g\u00fcn ke\u00e7iril\u0259n plenar iclas\u0131nda \u00fc\u00e7\u00fcnc\u00fc oxunu\u015fda m\u00fczakir\u0259y\u0259 \u00e7\u0131xar\u0131l\u0131b.<\/p>\n<p>Qanunun 6-c\u0131 (V\u0259t\u0259nda\u015flar\u0131n ilkin h\u0259rbi qeydiyyata al\u0131nmas\u0131) madd\u0259sinin birinci c\u00fcml\u0259sin\u0259 \u0259sas\u0259n, h\u0259r il yanvar-mart aylar\u0131 \u0259rzind\u0259 h\u0259min il 16 ya\u015f\u0131 tamam olan Az\u0259rbaycan Respublikas\u0131n\u0131n ki\u015fi cinsli v\u0259t\u0259nda\u015flar\u0131 ya\u015fay\u0131\u015f v\u0259 ya oldu\u011fu yer \u00fczr\u0259 m\u00fcvafiq icra hakimiyy\u0259ti orqan\u0131nda ilkin h\u0259rbi qeydiyyata al\u0131nmal\u0131d\u0131rlar. D\u0259yi\u015fiklikl\u0259 ya\u015f h\u0259ddi 16-dan 15-\u0259 endirilib.<\/p>\n<div id=\"AdributorNativeVideo0\" class=\"AdributorNativeVideo\"><\/div>\n<p>Layih\u0259d\u0259 bildirilib ki, cari ilin 1 sentyabr tarixind\u0259n t\u0259tbiqin\u0259 ba\u015flan\u0131lm\u0131\u015f yeni n\u0259sil \u015f\u0259xsiyy\u0259t v\u0259siq\u0259l\u0259rinin 15 ya\u015fdan verilm\u0259si n\u0259z\u0259r\u0259 al\u0131naraq t\u0259cr\u00fcb\u0259d\u0259 ba\u015f ver\u0259 bil\u0259c\u0259k uy\u011funsuzluqlar\u0131n qar\u015f\u0131s\u0131n\u0131n al\u0131nmas\u0131 m\u0259qs\u0259di il\u0259 ilkin h\u0259rbi qeydiyyat\u0131n da 15 ya\u015fdan apar\u0131lmas\u0131 t\u0259klif edilir.<\/p>\n<p>D\u0259yi\u015fiklikl\u0259r s\u0259s\u0259 qoyularaq q\u0259bul edilib.<\/p>\n","protected":false},"excerpt":{"rendered":"<p>Az\u0259rbaycanda ki\u015fi cinsli v\u0259t\u0259nda\u015flar 16 ya\u015f\u0131nda deyil, 15 ya\u015f\u0131nda ilkin h\u0259rbi qeydiyyata al\u0131nacaq. ARANTV.AZ trend-\u0259 istinad\u0259n x\u0259b\u0259r verir ki, bununla ba\u011fl\u0131 &#8220;H\u0259rbi v\u0259zif\u0259 v\u0259 h\u0259rbi xidm\u0259t haqq\u0131nda&#8221; qanuna d\u0259yi\u015fiklik Milli M\u0259clisin bu g\u00fcn ke\u00e7iril\u0259n plenar iclas\u0131nda \u00fc\u00e7\u00fcnc\u00fc oxunu\u015fda m\u00fczakir\u0259y\u0259 \u00e7\u0131xar\u0131l\u0131b. Qanunun 6-c\u0131 (V\u0259t\u0259nda\u015flar\u0131n ilkin h\u0259rbi qeydiyyata al\u0131nmas\u0131) madd\u0259sinin birinci c\u00fcml\u0259sin\u0259 \u0259sas\u0259n, h\u0259r il yanvar-mart aylar\u0131 \u0259rzind\u0259 h\u0259min il 16 ya\u015f\u0131 tamam olan Az\u0259rbaycan Respublikas\u0131n\u0131n ki\u015fi cinsli v\u0259t\u0259nda\u015flar\u0131 ya\u015fay\u0131\u015f v\u0259 ya oldu\u011fu yer \u00fczr\u0259 m\u00fcvafiq icra hakimiyy\u0259ti orqan\u0131nda ilkin h\u0259rbi qeydiyyata al\u0131nmal\u0131d\u0131rlar. D\u0259yi\u015fiklikl\u0259 ya\u015f h\u0259ddi 16-dan 15-\u0259 endirilib. Layih\u0259d\u0259 bildirilib ki,&hellip;<\/p>\n","protected":false},"author":2,"featured_media":22199,"comment_status":"closed","ping_status":"closed","sticky":false,"template":"","format":"standard","meta":{"om_disable_all_campaigns":false,"_monsterinsights_skip_tracking":false,"_monsterinsights_sitenote_active":false,"_monsterinsights_sitenote_note":"","_monsterinsights_sitenote_category":0},"categories":[1],"tags":[],"aioseo_notices":[],"gutentor_comment":0,"rttpg_featured_image_url":{"full":["https:\/\/arantv.az\/wp-content\/uploads\/2018\/10\/699221.jpg",800,600,false],"landscape":["https:\/\/arantv.az\/wp-content\/uploads\/2018\/10\/699221.jpg",800,600,false],"portraits":["https:\/\/arantv.az\/wp-content\/uploads\/2018\/10\/699221.jpg",800,600,false],"thumbnail":["https:\/\/arantv.az\/wp-content\/uploads\/2018\/10\/699221-150x150.jpg",150,150,true],"medium":["https:\/\/arantv.az\/wp-content\/uploads\/2018\/10\/699221-300x225.jpg",300,225,true],"large":["https:\/\/arantv.az\/wp-content\/uploads\/2018\/10\/699221.jpg",640,480,false],"1536x1536":["https:\/\/arantv.az\/wp-content\/uploads\/2018\/10\/699221.jpg",800,600,false],"2048x2048":["https:\/\/arantv.az\/wp-content\/uploads\/2018\/10\/699221.jpg",800,600,false],"post-thumbnail":["https:\/\/arantv.az\/wp-content\/uploads\/2018\/10\/699221-240x172.jpg",240,172,true],"advps-thumb-one":["https:\/\/arantv.az\/wp-content\/uploads\/2018\/10\/699221.jpg",800,600,false]},"rttpg_author":{"display_name":"V\u00fcsal Rafiqo\u011flu","author_link":"https:\/\/arantv.az\/?author=2"},"rttpg_comment":0,"rttpg_category":"<a href=\"https:\/\/arantv.az\/?cat=1\" rel=\"category\">C\u0259miyy\u0259t<\/a>","rttpg_excerpt":"Az\u0259rbaycanda ki\u015fi cinsli v\u0259t\u0259nda\u015flar 16 ya\u015f\u0131nda deyil, 15 ya\u015f\u0131nda ilkin h\u0259rbi qeydiyyata al\u0131nacaq. ARANTV.AZ trend-\u0259 istinad\u0259n x\u0259b\u0259r verir ki, bununla ba\u011fl\u0131 &#8220;H\u0259rbi v\u0259zif\u0259 v\u0259 h\u0259rbi xidm\u0259t haqq\u0131nda&#8221; qanuna d\u0259yi\u015fiklik Milli M\u0259clisin bu g\u00fcn ke\u00e7iril\u0259n plenar iclas\u0131nda \u00fc\u00e7\u00fcnc\u00fc oxunu\u015fda m\u00fczakir\u0259y\u0259 \u00e7\u0131xar\u0131l\u0131b. Qanunun 6-c\u0131 (V\u0259t\u0259nda\u015flar\u0131n ilkin h\u0259rbi qeydiyyata al\u0131nmas\u0131) madd\u0259sinin birinci c\u00fcml\u0259sin\u0259 \u0259sas\u0259n, h\u0259r il yanvar-mart aylar\u0131&hellip;","_links":{"self":[{"href":"https:\/\/arantv.az\/index.php?rest_route=\/wp\/v2\/posts\/22198"}],"collection":[{"href":"https:\/\/arantv.az\/index.php?rest_route=\/wp\/v2\/posts"}],"about":[{"href":"https:\/\/arantv.az\/index.php?rest_route=\/wp\/v2\/types\/post"}],"author":[{"embeddable":true,"href":"https:\/\/arantv.az\/index.php?rest_route=\/wp\/v2\/users\/2"}],"replies":[{"embeddable":true,"href":"https:\/\/arantv.az\/index.php?rest_route=%2Fwp%2Fv2%2Fcomments&post=22198"}],"version-history":[{"count":0,"href":"https:\/\/arantv.az\/index.php?rest_route=\/wp\/v2\/posts\/22198\/revisions"}],"wp:featuredmedia":[{"embeddable":true,"href":"https:\/\/arantv.az\/index.php?rest_route=\/wp\/v2\/media\/22199"}],"wp:attachment":[{"href":"https:\/\/arantv.az\/index.php?rest_route=%2Fwp%2Fv2%2Fmedia&parent=22198"}],"wp:term":[{"taxonomy":"category","embeddable":true,"href":"https:\/\/arantv.az\/index.php?rest_route=%2Fwp%2Fv2%2Fcategories&post=22198"},{"taxonomy":"post_tag","embeddable":true,"href":"https:\/\/arantv.az\/index.php?rest_route=%2Fwp%2Fv2%2Ftags&post=22198"}],"curies":[{"name":"wp","href":"https:\/\/api.w.org\/{rel}","templated":true}]}}