{"id":22207,"date":"2018-10-30T13:50:05","date_gmt":"2018-10-30T10:50:05","guid":{"rendered":"http:\/\/arantv.az\/?p=22207"},"modified":"2018-10-30T13:50:05","modified_gmt":"2018-10-30T10:50:05","slug":"nardan-dogan-r%c9%99ngl%c9%99r-adli-foto-musabiq%c9%99sinin-qalibl%c9%99ri-mu%c9%99yy%c9%99nl%c9%99sib","status":"publish","type":"post","link":"https:\/\/arantv.az\/?p=22207","title":{"rendered":"\u201cNardan do\u011fan r\u0259ngl\u0259r\u201d adl\u0131 foto m\u00fcsabiq\u0259sinin qalibl\u0259ri m\u00fc\u0259yy\u0259nl\u0259\u015fib"},"content":{"rendered":"<p><strong>ARANTV.AZ<\/strong> x\u0259b\u0259r verir ki, Az\u0259rbaycan Nar \u0130stehsal\u00e7\u0131lar\u0131 v\u0259 \u0130xracat\u00e7\u0131lar\u0131 Assosiasiyas\u0131n\u0131n t\u0259\u015fkil etdiyi \u201cNardan do\u011fan r\u0259ngl\u0259r\u201d adl\u0131 foto m\u00fcsabiq\u0259sinin qalibl\u0259ri m\u00fc\u0259yy\u0259nl\u0259\u015fib. Bildirilib ki, sentyabr\u0131n 15-d\u0259n oktyabr\u0131n 15-d\u0259k davam ed\u0259n m\u00fcsabiq\u0259d\u0259 i\u015ftirak ed\u0259nl\u0259r \u00f6z \u201cNar d\u00fcnya\u201ds\u0131n\u0131 \u0259ks etdir\u0259n foto\u015f\u0259kli Assosiasiyan\u0131n elektron \u00fcnvan\u0131na\u00a0 g\u00f6nd\u0259rib. M\u00fcsabiq\u0259y\u0259 qat\u0131lan 460-dan \u00e7ox \u015f\u0259xs g\u00f6rd\u00fckl\u0259rini f\u0259rqli \u00e7alarlar v\u0259 kompozisiyalar vasit\u0259sil\u0259 \u0259ks etdirm\u0259y\u0259 \u00e7al\u0131\u015f\u0131b. Az\u0259rbaycan Nar \u0130stehsal\u00e7\u0131lar\u0131 v\u0259 \u0130xracat\u00e7\u0131lar\u0131 Assosiasiyas\u0131n\u0131n s\u0259dri F\u0259rhad Qara\u015fov v\u0259 AZPROMO-nun prezidenti Yusif Abdullayev bildiribl\u0259r ki, foto m\u00fcsabiq\u0259nin m\u0259qs\u0259di Az\u0259rbaycan nar\u0131n\u0131n d\u00fcnyada t\u0259bli\u011fidir. Birinci yerin sahibi 2000, ikinci yerin sahibi 1000, 3-c\u00fc yerin sahibi is\u0259 500 manatla m\u00fckafatland\u0131r\u0131l\u0131b.<\/p>\n","protected":false},"excerpt":{"rendered":"<p>ARANTV.AZ x\u0259b\u0259r verir ki, Az\u0259rbaycan Nar \u0130stehsal\u00e7\u0131lar\u0131 v\u0259 \u0130xracat\u00e7\u0131lar\u0131 Assosiasiyas\u0131n\u0131n t\u0259\u015fkil etdiyi \u201cNardan do\u011fan r\u0259ngl\u0259r\u201d adl\u0131 foto m\u00fcsabiq\u0259sinin qalibl\u0259ri m\u00fc\u0259yy\u0259nl\u0259\u015fib. Bildirilib ki, sentyabr\u0131n 15-d\u0259n oktyabr\u0131n 15-d\u0259k davam ed\u0259n m\u00fcsabiq\u0259d\u0259 i\u015ftirak ed\u0259nl\u0259r \u00f6z \u201cNar d\u00fcnya\u201ds\u0131n\u0131 \u0259ks etdir\u0259n foto\u015f\u0259kli Assosiasiyan\u0131n elektron \u00fcnvan\u0131na\u00a0 g\u00f6nd\u0259rib. M\u00fcsabiq\u0259y\u0259 qat\u0131lan 460-dan \u00e7ox \u015f\u0259xs g\u00f6rd\u00fckl\u0259rini f\u0259rqli \u00e7alarlar v\u0259 kompozisiyalar vasit\u0259sil\u0259 \u0259ks etdirm\u0259y\u0259 \u00e7al\u0131\u015f\u0131b. Az\u0259rbaycan Nar \u0130stehsal\u00e7\u0131lar\u0131 v\u0259 \u0130xracat\u00e7\u0131lar\u0131 Assosiasiyas\u0131n\u0131n s\u0259dri F\u0259rhad Qara\u015fov v\u0259 AZPROMO-nun prezidenti Yusif Abdullayev bildiribl\u0259r ki, foto m\u00fcsabiq\u0259nin m\u0259qs\u0259di Az\u0259rbaycan nar\u0131n\u0131n d\u00fcnyada t\u0259bli\u011fidir. Birinci yerin sahibi 2000, ikinci yerin sahibi 1000, 3-c\u00fc yerin sahibi is\u0259&hellip;<\/p>\n","protected":false},"author":2,"featured_media":22208,"comment_status":"closed","ping_status":"closed","sticky":false,"template":"","format":"standard","meta":{"om_disable_all_campaigns":false,"_monsterinsights_skip_tracking":false,"_monsterinsights_sitenote_active":false,"_monsterinsights_sitenote_note":"","_monsterinsights_sitenote_category":0},"categories":[1],"tags":[],"aioseo_notices":[],"gutentor_comment":0,"rttpg_featured_image_url":{"full":["https:\/\/arantv.az\/wp-content\/uploads\/2018\/10\/utvg47e9e2k0v5n3b94spiinn6roll-nar.jpg",331,218,false],"landscape":["https:\/\/arantv.az\/wp-content\/uploads\/2018\/10\/utvg47e9e2k0v5n3b94spiinn6roll-nar.jpg",331,218,false],"portraits":["https:\/\/arantv.az\/wp-content\/uploads\/2018\/10\/utvg47e9e2k0v5n3b94spiinn6roll-nar.jpg",331,218,false],"thumbnail":["https:\/\/arantv.az\/wp-content\/uploads\/2018\/10\/utvg47e9e2k0v5n3b94spiinn6roll-nar-150x150.jpg",150,150,true],"medium":["https:\/\/arantv.az\/wp-content\/uploads\/2018\/10\/utvg47e9e2k0v5n3b94spiinn6roll-nar-300x198.jpg",300,198,true],"large":["https:\/\/arantv.az\/wp-content\/uploads\/2018\/10\/utvg47e9e2k0v5n3b94spiinn6roll-nar.jpg",331,218,false],"1536x1536":["https:\/\/arantv.az\/wp-content\/uploads\/2018\/10\/utvg47e9e2k0v5n3b94spiinn6roll-nar.jpg",331,218,false],"2048x2048":["https:\/\/arantv.az\/wp-content\/uploads\/2018\/10\/utvg47e9e2k0v5n3b94spiinn6roll-nar.jpg",331,218,false],"post-thumbnail":["https:\/\/arantv.az\/wp-content\/uploads\/2018\/10\/utvg47e9e2k0v5n3b94spiinn6roll-nar-240x172.jpg",240,172,true],"advps-thumb-one":["https:\/\/arantv.az\/wp-content\/uploads\/2018\/10\/utvg47e9e2k0v5n3b94spiinn6roll-nar.jpg",331,218,false]},"rttpg_author":{"display_name":"V\u00fcsal Rafiqo\u011flu","author_link":"https:\/\/arantv.az\/?author=2"},"rttpg_comment":0,"rttpg_category":"<a href=\"https:\/\/arantv.az\/?cat=1\" rel=\"category\">C\u0259miyy\u0259t<\/a>","rttpg_excerpt":"ARANTV.AZ x\u0259b\u0259r verir ki, Az\u0259rbaycan Nar \u0130stehsal\u00e7\u0131lar\u0131 v\u0259 \u0130xracat\u00e7\u0131lar\u0131 Assosiasiyas\u0131n\u0131n t\u0259\u015fkil etdiyi \u201cNardan do\u011fan r\u0259ngl\u0259r\u201d adl\u0131 foto m\u00fcsabiq\u0259sinin qalibl\u0259ri m\u00fc\u0259yy\u0259nl\u0259\u015fib. Bildirilib ki, sentyabr\u0131n 15-d\u0259n oktyabr\u0131n 15-d\u0259k davam ed\u0259n m\u00fcsabiq\u0259d\u0259 i\u015ftirak ed\u0259nl\u0259r \u00f6z \u201cNar d\u00fcnya\u201ds\u0131n\u0131 \u0259ks etdir\u0259n foto\u015f\u0259kli Assosiasiyan\u0131n elektron \u00fcnvan\u0131na\u00a0 g\u00f6nd\u0259rib. M\u00fcsabiq\u0259y\u0259 qat\u0131lan 460-dan \u00e7ox \u015f\u0259xs g\u00f6rd\u00fckl\u0259rini f\u0259rqli \u00e7alarlar v\u0259 kompozisiyalar vasit\u0259sil\u0259 \u0259ks etdirm\u0259y\u0259 \u00e7al\u0131\u015f\u0131b.&hellip;","_links":{"self":[{"href":"https:\/\/arantv.az\/index.php?rest_route=\/wp\/v2\/posts\/22207"}],"collection":[{"href":"https:\/\/arantv.az\/index.php?rest_route=\/wp\/v2\/posts"}],"about":[{"href":"https:\/\/arantv.az\/index.php?rest_route=\/wp\/v2\/types\/post"}],"author":[{"embeddable":true,"href":"https:\/\/arantv.az\/index.php?rest_route=\/wp\/v2\/users\/2"}],"replies":[{"embeddable":true,"href":"https:\/\/arantv.az\/index.php?rest_route=%2Fwp%2Fv2%2Fcomments&post=22207"}],"version-history":[{"count":0,"href":"https:\/\/arantv.az\/index.php?rest_route=\/wp\/v2\/posts\/22207\/revisions"}],"wp:featuredmedia":[{"embeddable":true,"href":"https:\/\/arantv.az\/index.php?rest_route=\/wp\/v2\/media\/22208"}],"wp:attachment":[{"href":"https:\/\/arantv.az\/index.php?rest_route=%2Fwp%2Fv2%2Fmedia&parent=22207"}],"wp:term":[{"taxonomy":"category","embeddable":true,"href":"https:\/\/arantv.az\/index.php?rest_route=%2Fwp%2Fv2%2Fcategories&post=22207"},{"taxonomy":"post_tag","embeddable":true,"href":"https:\/\/arantv.az\/index.php?rest_route=%2Fwp%2Fv2%2Ftags&post=22207"}],"curies":[{"name":"wp","href":"https:\/\/api.w.org\/{rel}","templated":true}]}}