{"id":22210,"date":"2018-10-30T13:50:55","date_gmt":"2018-10-30T10:50:55","guid":{"rendered":"http:\/\/arantv.az\/?p=22210"},"modified":"2018-10-30T13:50:55","modified_gmt":"2018-10-30T10:50:55","slug":"bakida-asiya-ombudsmanlar-assosiasiyasi-direktorlar-surasinin-21-ci-iclasi-kecirilir","status":"publish","type":"post","link":"https:\/\/arantv.az\/?p=22210","title":{"rendered":"Bak\u0131da Asiya Ombudsmanlar Assosiasiyas\u0131 Direktorlar \u015euras\u0131n\u0131n 21-ci iclas\u0131 ke\u00e7irilir"},"content":{"rendered":"<p><strong>ARANTV.AZ<\/strong> x\u0259b\u0259r verir ki, Bak\u0131da Asiya Ombudsmanlar Assosiasiyas\u0131 Direktorlar \u015euras\u0131n\u0131n 21-ci iclas\u0131 ke\u00e7irilir. Toplant\u0131da Ombudsmanl\u0131q \u0130nstitutlar\u0131 \u00e7\u0259r\u00e7iv\u0259sind\u0259ki \u0259m\u0259kda\u015fl\u0131\u011f\u0131n \u0259h\u0259miyy\u0259tind\u0259n dan\u0131\u015fl\u0131b.<\/p>\n<p>Asiya Ombudsmanlar Assosiasiyas\u0131 Direktorlar \u015euras\u0131n\u0131n 21-ci iclas\u0131n\u0131n i\u015ftirak\u00e7\u0131lar\u0131 \u0259vv\u0259lc\u0259 F\u0259xri Xiyabanda \u00fcmummilli lider Heyd\u0259r \u018fliyevin m\u0259zar\u0131n\u0131 ziyar\u0259t etdil\u0259r. G\u00f6rk\u0259mli oftolmoloq-alim, akademik Z\u0259rif\u0259 \u018fliyevan\u0131n da xatir\u0259si yad olundu. Sonra t\u0259dbir i\u015ftirak\u00e7\u0131lar\u0131 \u015e\u0259hidl\u0259r Xiyaban\u0131nda d\u00f6vl\u0259timizin m\u00fcst\u0259qilliyi v\u0259 \u0259razi b\u00fct\u00f6vl\u00fcy\u00fc u\u011frunda h\u0259lak olan V\u0259t\u0259n \u00f6vladlar\u0131n\u0131n m\u0259zarlar\u0131n\u0131 ziyar\u0259t etdil\u0259r. \u201c\u018fb\u0259di m\u0259\u015f\u0259l\u201d abid\u0259si \u00f6n\u00fcn\u0259 \u0259klil qoyuldu. \u0130clasda bildirildi ki, Az\u0259rbaycan Ombudsmanl\u0131q \u0130nstitutu d\u00fcnyada f\u0259aliyy\u0259t g\u00f6st\u0259r\u0259n \u00fc\u00e7 analoji qurumla f\u0259al \u0259m\u0259kda\u015fl\u0131q edir. Onlardan biri d\u0259 Asiya Ombusmanlar Assosiasiyas\u0131d\u0131r. Az\u0259rbaycan\u0131n \u0130nsan H\u00fcquqlar\u0131 \u00fczr\u0259 m\u00fcv\u0259kkili 2003-c\u00fc ild\u0259n bu Assosiasiyas\u0131n\u0131n \u00fczv\u00fcd\u00fcr v\u0259 2015-ci ild\u0259n n\u00f6vb\u0259ti 4 il \u00fc\u00e7\u00fcn h\u0259min qurumun vise-prezidenti se\u00e7ilib. Ombudsman Elmira S\u00fcleymanova 6-c\u0131 Bak\u0131 Beyn\u0259lxalq Humanitar Forumunun sonunda q\u0259bul edil\u0259n B\u0259yyannam\u0259d\u0259 \u0259ksini tapan m\u00fcdda\u0259larla ba\u011fl\u0131 qurum \u00fczvl\u0259rin\u0259 m\u0259lumat verdi.<\/p>\n<p>Asiya Ombudsmanlar Assosiasiyas\u0131n\u0131n prezidenti, Pakistan\u0131n Federal Ombudsman\u0131 Syed Tahir \u015eahbaz da Az\u0259rbaycanla dig\u0259r sah\u0259l\u0259rl\u0259 yana\u015f\u0131, Ombudsmanl\u0131q \u0130nstitutlar\u0131 \u00e7\u0259r\u00e7iv\u0259sind\u0259ki \u0259m\u0259kda\u015fl\u0131qdan dan\u0131\u015fd\u0131.<\/p>\n<p>\u0130clas\u0131n sessiyas\u0131nda qurumun \u00f6t\u0259nilki f\u0259aliyy\u0259tinin yekun hesabat\u0131 dinl\u0259nildi v\u0259 n\u00f6vb\u0259ti ill\u0259r\u0259 dair f\u0259aliyy\u0259t istiqam\u0259tl\u0259ri m\u00fczakir\u0259 edildi.<\/p>\n","protected":false},"excerpt":{"rendered":"<p>ARANTV.AZ x\u0259b\u0259r verir ki, Bak\u0131da Asiya Ombudsmanlar Assosiasiyas\u0131 Direktorlar \u015euras\u0131n\u0131n 21-ci iclas\u0131 ke\u00e7irilir. Toplant\u0131da Ombudsmanl\u0131q \u0130nstitutlar\u0131 \u00e7\u0259r\u00e7iv\u0259sind\u0259ki \u0259m\u0259kda\u015fl\u0131\u011f\u0131n \u0259h\u0259miyy\u0259tind\u0259n dan\u0131\u015fl\u0131b. Asiya Ombudsmanlar Assosiasiyas\u0131 Direktorlar \u015euras\u0131n\u0131n 21-ci iclas\u0131n\u0131n i\u015ftirak\u00e7\u0131lar\u0131 \u0259vv\u0259lc\u0259 F\u0259xri Xiyabanda \u00fcmummilli lider Heyd\u0259r \u018fliyevin m\u0259zar\u0131n\u0131 ziyar\u0259t etdil\u0259r. G\u00f6rk\u0259mli oftolmoloq-alim, akademik Z\u0259rif\u0259 \u018fliyevan\u0131n da xatir\u0259si yad olundu. Sonra t\u0259dbir i\u015ftirak\u00e7\u0131lar\u0131 \u015e\u0259hidl\u0259r Xiyaban\u0131nda d\u00f6vl\u0259timizin m\u00fcst\u0259qilliyi v\u0259 \u0259razi b\u00fct\u00f6vl\u00fcy\u00fc u\u011frunda h\u0259lak olan V\u0259t\u0259n \u00f6vladlar\u0131n\u0131n m\u0259zarlar\u0131n\u0131 ziyar\u0259t etdil\u0259r. \u201c\u018fb\u0259di m\u0259\u015f\u0259l\u201d abid\u0259si \u00f6n\u00fcn\u0259 \u0259klil qoyuldu. \u0130clasda bildirildi ki, Az\u0259rbaycan Ombudsmanl\u0131q \u0130nstitutu d\u00fcnyada f\u0259aliyy\u0259t g\u00f6st\u0259r\u0259n \u00fc\u00e7 analoji qurumla f\u0259al \u0259m\u0259kda\u015fl\u0131q edir. Onlardan biri d\u0259 Asiya&hellip;<\/p>\n","protected":false},"author":2,"featured_media":22211,"comment_status":"closed","ping_status":"closed","sticky":false,"template":"","format":"standard","meta":{"om_disable_all_campaigns":false,"_monsterinsights_skip_tracking":false,"_monsterinsights_sitenote_active":false,"_monsterinsights_sitenote_note":"","_monsterinsights_sitenote_category":0},"categories":[4],"tags":[],"aioseo_notices":[],"gutentor_comment":0,"rttpg_featured_image_url":{"full":["https:\/\/arantv.az\/wp-content\/uploads\/2018\/10\/utvg47e9e2k0v5n3b94spiinn6omb.jpg",1000,666,false],"landscape":["https:\/\/arantv.az\/wp-content\/uploads\/2018\/10\/utvg47e9e2k0v5n3b94spiinn6omb.jpg",1000,666,false],"portraits":["https:\/\/arantv.az\/wp-content\/uploads\/2018\/10\/utvg47e9e2k0v5n3b94spiinn6omb.jpg",1000,666,false],"thumbnail":["https:\/\/arantv.az\/wp-content\/uploads\/2018\/10\/utvg47e9e2k0v5n3b94spiinn6omb-150x150.jpg",150,150,true],"medium":["https:\/\/arantv.az\/wp-content\/uploads\/2018\/10\/utvg47e9e2k0v5n3b94spiinn6omb-300x200.jpg",300,200,true],"large":["https:\/\/arantv.az\/wp-content\/uploads\/2018\/10\/utvg47e9e2k0v5n3b94spiinn6omb.jpg",640,426,false],"1536x1536":["https:\/\/arantv.az\/wp-content\/uploads\/2018\/10\/utvg47e9e2k0v5n3b94spiinn6omb.jpg",1000,666,false],"2048x2048":["https:\/\/arantv.az\/wp-content\/uploads\/2018\/10\/utvg47e9e2k0v5n3b94spiinn6omb.jpg",1000,666,false],"post-thumbnail":["https:\/\/arantv.az\/wp-content\/uploads\/2018\/10\/utvg47e9e2k0v5n3b94spiinn6omb-240x172.jpg",240,172,true],"advps-thumb-one":["https:\/\/arantv.az\/wp-content\/uploads\/2018\/10\/utvg47e9e2k0v5n3b94spiinn6omb-1000x620.jpg",1000,620,true]},"rttpg_author":{"display_name":"V\u00fcsal Rafiqo\u011flu","author_link":"https:\/\/arantv.az\/?author=2"},"rttpg_comment":0,"rttpg_category":"<a href=\"https:\/\/arantv.az\/?cat=4\" rel=\"category\">Siyas\u0259t<\/a>","rttpg_excerpt":"ARANTV.AZ x\u0259b\u0259r verir ki, Bak\u0131da Asiya Ombudsmanlar Assosiasiyas\u0131 Direktorlar \u015euras\u0131n\u0131n 21-ci iclas\u0131 ke\u00e7irilir. Toplant\u0131da Ombudsmanl\u0131q \u0130nstitutlar\u0131 \u00e7\u0259r\u00e7iv\u0259sind\u0259ki \u0259m\u0259kda\u015fl\u0131\u011f\u0131n \u0259h\u0259miyy\u0259tind\u0259n dan\u0131\u015fl\u0131b. Asiya Ombudsmanlar Assosiasiyas\u0131 Direktorlar \u015euras\u0131n\u0131n 21-ci iclas\u0131n\u0131n i\u015ftirak\u00e7\u0131lar\u0131 \u0259vv\u0259lc\u0259 F\u0259xri Xiyabanda \u00fcmummilli lider Heyd\u0259r \u018fliyevin m\u0259zar\u0131n\u0131 ziyar\u0259t etdil\u0259r. G\u00f6rk\u0259mli oftolmoloq-alim, akademik Z\u0259rif\u0259 \u018fliyevan\u0131n da xatir\u0259si yad olundu. Sonra t\u0259dbir i\u015ftirak\u00e7\u0131lar\u0131 \u015e\u0259hidl\u0259r Xiyaban\u0131nda d\u00f6vl\u0259timizin m\u00fcst\u0259qilliyi v\u0259&hellip;","_links":{"self":[{"href":"https:\/\/arantv.az\/index.php?rest_route=\/wp\/v2\/posts\/22210"}],"collection":[{"href":"https:\/\/arantv.az\/index.php?rest_route=\/wp\/v2\/posts"}],"about":[{"href":"https:\/\/arantv.az\/index.php?rest_route=\/wp\/v2\/types\/post"}],"author":[{"embeddable":true,"href":"https:\/\/arantv.az\/index.php?rest_route=\/wp\/v2\/users\/2"}],"replies":[{"embeddable":true,"href":"https:\/\/arantv.az\/index.php?rest_route=%2Fwp%2Fv2%2Fcomments&post=22210"}],"version-history":[{"count":0,"href":"https:\/\/arantv.az\/index.php?rest_route=\/wp\/v2\/posts\/22210\/revisions"}],"wp:featuredmedia":[{"embeddable":true,"href":"https:\/\/arantv.az\/index.php?rest_route=\/wp\/v2\/media\/22211"}],"wp:attachment":[{"href":"https:\/\/arantv.az\/index.php?rest_route=%2Fwp%2Fv2%2Fmedia&parent=22210"}],"wp:term":[{"taxonomy":"category","embeddable":true,"href":"https:\/\/arantv.az\/index.php?rest_route=%2Fwp%2Fv2%2Fcategories&post=22210"},{"taxonomy":"post_tag","embeddable":true,"href":"https:\/\/arantv.az\/index.php?rest_route=%2Fwp%2Fv2%2Ftags&post=22210"}],"curies":[{"name":"wp","href":"https:\/\/api.w.org\/{rel}","templated":true}]}}