{"id":22213,"date":"2018-10-30T13:54:27","date_gmt":"2018-10-30T10:54:27","guid":{"rendered":"http:\/\/arantv.az\/?p=22213"},"modified":"2018-10-30T13:54:27","modified_gmt":"2018-10-30T10:54:27","slug":"bakida-insan-alverin%c9%99-v%c9%99-qacaqmalciliga-qarsi-mubariz%c9%99y%c9%99-h%c9%99sr-olunan-konfrans-kecirilir","status":"publish","type":"post","link":"https:\/\/arantv.az\/?p=22213","title":{"rendered":"Bak\u0131da insan alverin\u0259 v\u0259 qa\u00e7aqmal\u00e7\u0131l\u0131\u011fa qar\u015f\u0131 m\u00fcbariz\u0259y\u0259 h\u0259sr olunan konfrans ke\u00e7irilir"},"content":{"rendered":"<p><strong>ARANTV.AZ<\/strong> x\u0259b\u0259r verir ki, bu g\u00fcn Az\u0259rbaycanda insan alverin\u0259 v\u0259 qa\u00e7aqmal\u00e7\u0131l\u0131\u011fa qar\u015f\u0131 m\u00fcbariz\u0259 sah\u0259sind\u0259 \u0259hat\u0259li qanunvericilik bazas\u0131 formala\u015fd\u0131r\u0131l\u0131b. Milli M\u0259clisd\u0259 \u201c\u0130nsan alveri v\u0259 qa\u00e7aqmal\u00e7\u0131l\u0131\u011fa \u00e7oxsah\u0259li yana\u015fmalar: Beyn\u0259lxalq v\u0259 milli qanunvericilik v\u0259 operativ baza\u201d m\u00f6vzusunda ke\u00e7iril\u0259n konfrans bildirilib ki, \u00f6lk\u0259mizin bu sah\u0259d\u0259 h\u0259yata ke\u00e7irdiyi i\u015fl\u0259r v\u0259 \u0259m\u0259kda\u015fl\u0131q \u0259laq\u0259l\u0259ri\u00a0 insan alveri v\u0259 qa\u00e7aqmal\u00e7\u0131l\u0131\u011fa qar\u015f\u0131 birg\u0259 m\u00fcbariz\u0259y\u0259 geni\u015f imkan yarad\u0131r.<\/p>\n<p>\u0130nsan alveri v\u0259 qa\u00e7aqmal\u00e7\u0131l\u0131\u011fa \u00e7oxsah\u0259li yana\u015fmalar: Beyn\u0259lxalq v\u0259 milli qanunvericilik v\u0259 operativ baza\u201d m\u00f6vzusunda ke\u00e7iril\u0259n konfrans\u0131n m\u0259qs\u0259di beyn\u0259lxalq transmilli m\u00fct\u0259\u015f\u0259kkil cinay\u0259tl\u0259rin ara\u015fd\u0131r\u0131lmas\u0131 v\u0259 insan alverin\u0259 m\u0259ruz qalan \u015f\u0259xsl\u0259rin m\u00fcdafi\u0259si il\u0259 ba\u011fl\u0131 beyn\u0259lxalq v\u0259 regional m\u00fczakir\u0259l\u0259ri v\u0259 t\u0259r\u0259fda\u015fl\u0131qlar\u0131 geni\u015fl\u0259ndirm\u0259kdir.\u00a0Milli M\u0259clisin h\u00fcquq siyas\u0259ti v\u0259 d\u00f6vl\u0259t quruculu\u011fu komit\u0259sinin s\u0259dri \u018fli H\u00fcseynli\u00a0diqq\u0259t\u0259 \u00e7atd\u0131rd\u0131 ki, son ill\u0259r parlament h\u0259m insan alverin\u0259 qar\u015f\u0131 m\u00fcbariz\u0259, h\u0259m d\u0259 miqrasiya m\u0259s\u0259l\u0259l\u0259rinin t\u0259nziml\u0259nm\u0259si il\u0259 ba\u011fl\u0131 beyn\u0259lxalq standartlara uy\u011fun m\u00fck\u0259mm\u0259l qanunvericilik bazas\u0131 yarad\u0131b.\u00a0Milli M\u0259clis s\u0259drinin m\u00fcavini Bahar Muradova\u00a0is\u0259 dedi ki, konfrans \u00e7\u0259r\u00e7iv\u0259sind\u0259 ad\u0131\u00e7\u0259kil\u0259n m\u00f6vzuda ist\u0259r Az\u0259rbaycan, ist\u0259r regionda, ist\u0259rs\u0259 d\u0259 d\u00fcnyada m\u00f6vcud v\u0259ziyy\u0259tin yaratd\u0131\u011f\u0131 \u00e7\u0259tinlikl\u0259r, eyni zamanda, bu ill\u0259r \u0259rzind\u0259 \u0259m\u0259kda\u015fl\u0131\u011fa v\u0259 t\u0259r\u0259fda\u015fl\u0131\u011fa \u0259saslanan f\u0259aliyy\u0259tin m\u00fcsb\u0259t n\u0259tic\u0259l\u0259ri bar\u0259d\u0259 fikir m\u00fcbadil\u0259si apar\u0131lacaq v\u0259 perspektivl\u0259rl\u0259 ba\u011fl\u0131 faydal\u0131 istiqam\u0259tl\u0259r m\u00fc\u0259yy\u0259nl\u0259\u015fdiril\u0259c\u0259k. Bildirdi ki, Az\u0259rbaycan s\u00f6z\u00fcged\u0259n istiqam\u0259td\u0259 BMT-nin m\u00fcvafiq konvensiyas\u0131na qo\u015fulub.<\/p>\n<p>D\u00fcnyada 260 mind\u0259n \u00e7ox beyn\u0259lxalq miqrant\u0131n olmas\u0131 problemdir v\u0259 bu problemin h\u0259lli \u00e7oxt\u0259r\u0259fli yana\u015fma t\u0259l\u0259b edir. Bu fikri is\u0259\u00a0D\u00f6vl\u0259t Miqrasiya Xidm\u0259tinin\u00a0 r\u0259isi V\u00fcsal H\u00fcseynovs\u0259sl\u0259ndirdi. Miqrasiyan\u0131n \u0259hat\u0259sinin b\u00f6y\u00fck olmas\u0131 m\u00fc\u0259yy\u0259n cinay\u0259tkar qruplar \u00fc\u00e7\u00fcn qeyri-qanuni yolla g\u0259lir \u0259ld\u0259 etm\u0259y\u0259 imkan yarad\u0131r. Az\u0259rbaycanda bu istiqam\u0259td\u0259 qanunvericiliyin uy\u011funla\u015fd\u0131r\u0131lmas\u0131 tam yekunla\u015f\u0131b. H\u0259m cinay\u0259t, h\u0259m d\u0259 miqrasiya qanunvericiliyi t\u0259kmill\u0259\u015fdirilib.\u00a0Daxili \u0130\u015fl\u0259r Nazirliyinin \u0130nsan Alverin\u0259 qar\u015f\u0131 M\u00fcbariz\u0259 Ba\u015f \u0130dar\u0259sinin r\u0259isi Heyd\u0259r Heyd\u0259rov\u00a0is\u0259 dedi ki, Az\u0259rbaycanda insan alverin\u0259 qar\u015f\u0131 m\u00fcbariz\u0259nin h\u00fcquqi m\u00fcst\u0259vid\u0259 apar\u0131lmas\u0131na ba\u015fland\u0131\u011f\u0131 2004-c\u00fc ild\u0259n indiy\u0259 q\u0259d\u0259r g\u00f6r\u00fcl\u0259n q\u0259tiyy\u0259tli t\u0259dbirl\u0259rl\u0259 beyn\u0259lxalq cinay\u0259tkar \u015f\u0259b\u0259k\u0259nin \u00f6lk\u0259mizd\u0259 f\u0259aliyy\u0259t g\u00f6st\u0259rm\u0259sinin qar\u015f\u0131s\u0131 al\u0131n\u0131b. H\u0259min m\u00fcdd\u0259td\u0259 1321 cinay\u0259t v\u0259 900-\u0259 yax\u0131n qurban a\u015fkarlan\u0131b, 538 \u015f\u0259xs m\u0259hk\u0259m\u0259 m\u0259suliyy\u0259tin\u0259 verilib. Son ill\u0259r \u0259rzind\u0259 d\u0259 Az\u0259rbaycanda insan alverin\u0259 v\u0259 qa\u00e7aqmal\u00e7\u0131l\u0131\u011fa qar\u015f\u0131 m\u00fcbariz\u0259 istiqam\u0259tind\u0259 \u00e7ox ciddi add\u0131mlar at\u0131l\u0131r.\u00a0BMT-nin\u00a0 \u00f6lk\u0259mizd\u0259ki rezident\u00a0 \u0259laq\u0259l\u0259ndiricisi Qulam \u0130shaqzai Beyn\u0259xalq t\u0259\u015fkilatlar\u0131n t\u0259msil\u00e7il\u0259ri, ekspertl\u0259r\u00a0Az\u0259rbaycanda bu sah\u0259d\u0259 h\u0259yata ke\u00e7iril\u0259n i\u015fl\u0259ri y\u00fcks\u0259k qiym\u0259tl\u0259ndirdirl\u0259r, bu c\u00fcr t\u0259dbirl\u0259rin ke\u00e7irilm\u0259sinin \u0259h\u0259miyy\u0259tini vur\u011fulad\u0131lar. Sonra konfrans i\u015fini panel iclaslarla davam etdirdi.\u00a0Mill\u0259t v\u0259kill\u0259ri &#8211; M\u0259lah\u0259t \u0130brahim q\u0131z\u0131 v\u0259 Sahib\u0259 Qafarova,\u00a0m\u00fcxt\u0259lif \u00f6lk\u0259l\u0259rin parlament \u00fczvl\u0259ri insan h\u00fcquqlar\u0131n\u0131n pozulmas\u0131n\u0131n qar\u015f\u0131s\u0131n\u0131n al\u0131nmas\u0131 v\u0259 insan alverin\u0259 qar\u015f\u0131 m\u00fcbariz\u0259 sah\u0259sind\u0259 milli parlamentl\u0259rin birg\u0259 s\u0259yl\u0259rinin vacibliyini \u00f6n\u0259 \u00e7\u0259kdil\u0259r.<\/p>\n","protected":false},"excerpt":{"rendered":"<p>ARANTV.AZ x\u0259b\u0259r verir ki, bu g\u00fcn Az\u0259rbaycanda insan alverin\u0259 v\u0259 qa\u00e7aqmal\u00e7\u0131l\u0131\u011fa qar\u015f\u0131 m\u00fcbariz\u0259 sah\u0259sind\u0259 \u0259hat\u0259li qanunvericilik bazas\u0131 formala\u015fd\u0131r\u0131l\u0131b. Milli M\u0259clisd\u0259 \u201c\u0130nsan alveri v\u0259 qa\u00e7aqmal\u00e7\u0131l\u0131\u011fa \u00e7oxsah\u0259li yana\u015fmalar: Beyn\u0259lxalq v\u0259 milli qanunvericilik v\u0259 operativ baza\u201d m\u00f6vzusunda ke\u00e7iril\u0259n konfrans bildirilib ki, \u00f6lk\u0259mizin bu sah\u0259d\u0259 h\u0259yata ke\u00e7irdiyi i\u015fl\u0259r v\u0259 \u0259m\u0259kda\u015fl\u0131q \u0259laq\u0259l\u0259ri\u00a0 insan alveri v\u0259 qa\u00e7aqmal\u00e7\u0131l\u0131\u011fa qar\u015f\u0131 birg\u0259 m\u00fcbariz\u0259y\u0259 geni\u015f imkan yarad\u0131r. \u0130nsan alveri v\u0259 qa\u00e7aqmal\u00e7\u0131l\u0131\u011fa \u00e7oxsah\u0259li yana\u015fmalar: Beyn\u0259lxalq v\u0259 milli qanunvericilik v\u0259 operativ baza\u201d m\u00f6vzusunda ke\u00e7iril\u0259n konfrans\u0131n m\u0259qs\u0259di beyn\u0259lxalq transmilli m\u00fct\u0259\u015f\u0259kkil cinay\u0259tl\u0259rin ara\u015fd\u0131r\u0131lmas\u0131 v\u0259 insan alverin\u0259 m\u0259ruz qalan \u015f\u0259xsl\u0259rin m\u00fcdafi\u0259si il\u0259 ba\u011fl\u0131 beyn\u0259lxalq v\u0259&hellip;<\/p>\n","protected":false},"author":2,"featured_media":22214,"comment_status":"closed","ping_status":"closed","sticky":false,"template":"","format":"standard","meta":{"om_disable_all_campaigns":false,"_monsterinsights_skip_tracking":false,"_monsterinsights_sitenote_active":false,"_monsterinsights_sitenote_note":"","_monsterinsights_sitenote_category":0},"categories":[1],"tags":[],"aioseo_notices":[],"gutentor_comment":0,"rttpg_featured_image_url":{"full":["https:\/\/arantv.az\/wp-content\/uploads\/2018\/10\/utvg47e9e2k0v5n3b94spiinn6mm.jpg",1000,548,false],"landscape":["https:\/\/arantv.az\/wp-content\/uploads\/2018\/10\/utvg47e9e2k0v5n3b94spiinn6mm.jpg",1000,548,false],"portraits":["https:\/\/arantv.az\/wp-content\/uploads\/2018\/10\/utvg47e9e2k0v5n3b94spiinn6mm.jpg",1000,548,false],"thumbnail":["https:\/\/arantv.az\/wp-content\/uploads\/2018\/10\/utvg47e9e2k0v5n3b94spiinn6mm-150x150.jpg",150,150,true],"medium":["https:\/\/arantv.az\/wp-content\/uploads\/2018\/10\/utvg47e9e2k0v5n3b94spiinn6mm-300x164.jpg",300,164,true],"large":["https:\/\/arantv.az\/wp-content\/uploads\/2018\/10\/utvg47e9e2k0v5n3b94spiinn6mm.jpg",640,351,false],"1536x1536":["https:\/\/arantv.az\/wp-content\/uploads\/2018\/10\/utvg47e9e2k0v5n3b94spiinn6mm.jpg",1000,548,false],"2048x2048":["https:\/\/arantv.az\/wp-content\/uploads\/2018\/10\/utvg47e9e2k0v5n3b94spiinn6mm.jpg",1000,548,false],"post-thumbnail":["https:\/\/arantv.az\/wp-content\/uploads\/2018\/10\/utvg47e9e2k0v5n3b94spiinn6mm-240x172.jpg",240,172,true],"advps-thumb-one":["https:\/\/arantv.az\/wp-content\/uploads\/2018\/10\/utvg47e9e2k0v5n3b94spiinn6mm.jpg",1000,548,false]},"rttpg_author":{"display_name":"V\u00fcsal Rafiqo\u011flu","author_link":"https:\/\/arantv.az\/?author=2"},"rttpg_comment":0,"rttpg_category":"<a href=\"https:\/\/arantv.az\/?cat=1\" rel=\"category\">C\u0259miyy\u0259t<\/a>","rttpg_excerpt":"ARANTV.AZ x\u0259b\u0259r verir ki, bu g\u00fcn Az\u0259rbaycanda insan alverin\u0259 v\u0259 qa\u00e7aqmal\u00e7\u0131l\u0131\u011fa qar\u015f\u0131 m\u00fcbariz\u0259 sah\u0259sind\u0259 \u0259hat\u0259li qanunvericilik bazas\u0131 formala\u015fd\u0131r\u0131l\u0131b. Milli M\u0259clisd\u0259 \u201c\u0130nsan alveri v\u0259 qa\u00e7aqmal\u00e7\u0131l\u0131\u011fa \u00e7oxsah\u0259li yana\u015fmalar: Beyn\u0259lxalq v\u0259 milli qanunvericilik v\u0259 operativ baza\u201d m\u00f6vzusunda ke\u00e7iril\u0259n konfrans bildirilib ki, \u00f6lk\u0259mizin bu sah\u0259d\u0259 h\u0259yata ke\u00e7irdiyi i\u015fl\u0259r v\u0259 \u0259m\u0259kda\u015fl\u0131q \u0259laq\u0259l\u0259ri\u00a0 insan alveri v\u0259 qa\u00e7aqmal\u00e7\u0131l\u0131\u011fa qar\u015f\u0131 birg\u0259 m\u00fcbariz\u0259y\u0259 geni\u015f&hellip;","_links":{"self":[{"href":"https:\/\/arantv.az\/index.php?rest_route=\/wp\/v2\/posts\/22213"}],"collection":[{"href":"https:\/\/arantv.az\/index.php?rest_route=\/wp\/v2\/posts"}],"about":[{"href":"https:\/\/arantv.az\/index.php?rest_route=\/wp\/v2\/types\/post"}],"author":[{"embeddable":true,"href":"https:\/\/arantv.az\/index.php?rest_route=\/wp\/v2\/users\/2"}],"replies":[{"embeddable":true,"href":"https:\/\/arantv.az\/index.php?rest_route=%2Fwp%2Fv2%2Fcomments&post=22213"}],"version-history":[{"count":0,"href":"https:\/\/arantv.az\/index.php?rest_route=\/wp\/v2\/posts\/22213\/revisions"}],"wp:featuredmedia":[{"embeddable":true,"href":"https:\/\/arantv.az\/index.php?rest_route=\/wp\/v2\/media\/22214"}],"wp:attachment":[{"href":"https:\/\/arantv.az\/index.php?rest_route=%2Fwp%2Fv2%2Fmedia&parent=22213"}],"wp:term":[{"taxonomy":"category","embeddable":true,"href":"https:\/\/arantv.az\/index.php?rest_route=%2Fwp%2Fv2%2Fcategories&post=22213"},{"taxonomy":"post_tag","embeddable":true,"href":"https:\/\/arantv.az\/index.php?rest_route=%2Fwp%2Fv2%2Ftags&post=22213"}],"curies":[{"name":"wp","href":"https:\/\/api.w.org\/{rel}","templated":true}]}}