{"id":22217,"date":"2018-10-30T14:46:14","date_gmt":"2018-10-30T11:46:14","guid":{"rendered":"http:\/\/arantv.az\/?p=22217"},"modified":"2018-10-30T14:46:14","modified_gmt":"2018-10-30T11:46:14","slug":"bakida-hamamda-qadinin-meyiti-tapildi-cinay%c9%99t-isi-acildi","status":"publish","type":"post","link":"https:\/\/arantv.az\/?p=22217","title":{"rendered":"Bak\u0131da hamamda qad\u0131n\u0131n meyiti tap\u0131ld\u0131 \u2013 C\u0130NAY\u018fT \u0130\u015e\u0130 A\u00c7ILDI"},"content":{"rendered":"<p><strong>Bak\u0131da \u00f6l\u00fcml\u0259 n\u0259tic\u0259l\u0259n\u0259n b\u0259db\u0259xt hadis\u0259 ba\u015f verib.<\/strong><\/p>\n<p><b>ARANTV.AZ\u00a0\u00a0<\/b>x\u0259b\u0259r verir ki, d\u00fcn\u0259n gec\u0259 saatlar\u0131nda Sulut\u0259p\u0259 q\u0259s\u0259b\u0259si R.Allahverdiyev k\u00fc\u00e7\u0259sind\u0259 yerl\u0259\u015f\u0259n m\u0259nzilin hamam ota\u011f\u0131ndan h\u0259min evd\u0259 ya\u015fayan Nem\u0259tova Mixay\u0259t \u0130mran q\u0131z\u0131n\u0131n meyiti tap\u0131l\u0131b. \u0130lkin olaraq bildirilib ki, qad\u0131n d\u0259m qaz\u0131ndan z\u0259h\u0259rl\u0259n\u0259r\u0259k \u00f6l\u00fcb.<\/p>\n<div id=\"AdributorNativeVideo0\" class=\"AdributorNativeVideo\"><\/div>\n<p>Faktla ba\u011fl\u0131 Cinay\u0259t M\u0259c\u0259ll\u0259sinin 314.2-ci (s\u0259hl\u0259nkarl\u0131q, \u00f6l\u00fcml\u0259 n\u0259tic\u0259l\u0259ndikd\u0259) madd\u0259si il\u0259 i\u015f ba\u015flan\u0131l\u0131b, ara\u015fd\u0131rma apar\u0131l\u0131r.publika.az<\/p>\n","protected":false},"excerpt":{"rendered":"<p>Bak\u0131da \u00f6l\u00fcml\u0259 n\u0259tic\u0259l\u0259n\u0259n b\u0259db\u0259xt hadis\u0259 ba\u015f verib. ARANTV.AZ\u00a0\u00a0x\u0259b\u0259r verir ki, d\u00fcn\u0259n gec\u0259 saatlar\u0131nda Sulut\u0259p\u0259 q\u0259s\u0259b\u0259si R.Allahverdiyev k\u00fc\u00e7\u0259sind\u0259 yerl\u0259\u015f\u0259n m\u0259nzilin hamam ota\u011f\u0131ndan h\u0259min evd\u0259 ya\u015fayan Nem\u0259tova Mixay\u0259t \u0130mran q\u0131z\u0131n\u0131n meyiti tap\u0131l\u0131b. \u0130lkin olaraq bildirilib ki, qad\u0131n d\u0259m qaz\u0131ndan z\u0259h\u0259rl\u0259n\u0259r\u0259k \u00f6l\u00fcb. Faktla ba\u011fl\u0131 Cinay\u0259t M\u0259c\u0259ll\u0259sinin 314.2-ci (s\u0259hl\u0259nkarl\u0131q, \u00f6l\u00fcml\u0259 n\u0259tic\u0259l\u0259ndikd\u0259) madd\u0259si il\u0259 i\u015f ba\u015flan\u0131l\u0131b, ara\u015fd\u0131rma apar\u0131l\u0131r.publika.az<\/p>\n","protected":false},"author":2,"featured_media":22218,"comment_status":"closed","ping_status":"closed","sticky":false,"template":"","format":"standard","meta":{"om_disable_all_campaigns":false,"_monsterinsights_skip_tracking":false,"_monsterinsights_sitenote_active":false,"_monsterinsights_sitenote_note":"","_monsterinsights_sitenote_category":0},"categories":[5],"tags":[],"aioseo_notices":[],"gutentor_comment":0,"rttpg_featured_image_url":{"full":["https:\/\/arantv.az\/wp-content\/uploads\/2018\/10\/1490854750_qadin-meyit-1.jpg",800,450,false],"landscape":["https:\/\/arantv.az\/wp-content\/uploads\/2018\/10\/1490854750_qadin-meyit-1.jpg",800,450,false],"portraits":["https:\/\/arantv.az\/wp-content\/uploads\/2018\/10\/1490854750_qadin-meyit-1.jpg",800,450,false],"thumbnail":["https:\/\/arantv.az\/wp-content\/uploads\/2018\/10\/1490854750_qadin-meyit-1-150x150.jpg",150,150,true],"medium":["https:\/\/arantv.az\/wp-content\/uploads\/2018\/10\/1490854750_qadin-meyit-1-300x169.jpg",300,169,true],"large":["https:\/\/arantv.az\/wp-content\/uploads\/2018\/10\/1490854750_qadin-meyit-1.jpg",640,360,false],"1536x1536":["https:\/\/arantv.az\/wp-content\/uploads\/2018\/10\/1490854750_qadin-meyit-1.jpg",800,450,false],"2048x2048":["https:\/\/arantv.az\/wp-content\/uploads\/2018\/10\/1490854750_qadin-meyit-1.jpg",800,450,false],"post-thumbnail":["https:\/\/arantv.az\/wp-content\/uploads\/2018\/10\/1490854750_qadin-meyit-1-240x172.jpg",240,172,true],"advps-thumb-one":["https:\/\/arantv.az\/wp-content\/uploads\/2018\/10\/1490854750_qadin-meyit-1.jpg",800,450,false]},"rttpg_author":{"display_name":"V\u00fcsal Rafiqo\u011flu","author_link":"https:\/\/arantv.az\/?author=2"},"rttpg_comment":0,"rttpg_category":"<a href=\"https:\/\/arantv.az\/?cat=5\" rel=\"category\">Hadis\u0259<\/a>","rttpg_excerpt":"Bak\u0131da \u00f6l\u00fcml\u0259 n\u0259tic\u0259l\u0259n\u0259n b\u0259db\u0259xt hadis\u0259 ba\u015f verib. ARANTV.AZ\u00a0\u00a0x\u0259b\u0259r verir ki, d\u00fcn\u0259n gec\u0259 saatlar\u0131nda Sulut\u0259p\u0259 q\u0259s\u0259b\u0259si R.Allahverdiyev k\u00fc\u00e7\u0259sind\u0259 yerl\u0259\u015f\u0259n m\u0259nzilin hamam ota\u011f\u0131ndan h\u0259min evd\u0259 ya\u015fayan Nem\u0259tova Mixay\u0259t \u0130mran q\u0131z\u0131n\u0131n meyiti tap\u0131l\u0131b. \u0130lkin olaraq bildirilib ki, qad\u0131n d\u0259m qaz\u0131ndan z\u0259h\u0259rl\u0259n\u0259r\u0259k \u00f6l\u00fcb. Faktla ba\u011fl\u0131 Cinay\u0259t M\u0259c\u0259ll\u0259sinin 314.2-ci (s\u0259hl\u0259nkarl\u0131q, \u00f6l\u00fcml\u0259 n\u0259tic\u0259l\u0259ndikd\u0259) madd\u0259si il\u0259 i\u015f ba\u015flan\u0131l\u0131b, ara\u015fd\u0131rma apar\u0131l\u0131r.publika.az","_links":{"self":[{"href":"https:\/\/arantv.az\/index.php?rest_route=\/wp\/v2\/posts\/22217"}],"collection":[{"href":"https:\/\/arantv.az\/index.php?rest_route=\/wp\/v2\/posts"}],"about":[{"href":"https:\/\/arantv.az\/index.php?rest_route=\/wp\/v2\/types\/post"}],"author":[{"embeddable":true,"href":"https:\/\/arantv.az\/index.php?rest_route=\/wp\/v2\/users\/2"}],"replies":[{"embeddable":true,"href":"https:\/\/arantv.az\/index.php?rest_route=%2Fwp%2Fv2%2Fcomments&post=22217"}],"version-history":[{"count":0,"href":"https:\/\/arantv.az\/index.php?rest_route=\/wp\/v2\/posts\/22217\/revisions"}],"wp:featuredmedia":[{"embeddable":true,"href":"https:\/\/arantv.az\/index.php?rest_route=\/wp\/v2\/media\/22218"}],"wp:attachment":[{"href":"https:\/\/arantv.az\/index.php?rest_route=%2Fwp%2Fv2%2Fmedia&parent=22217"}],"wp:term":[{"taxonomy":"category","embeddable":true,"href":"https:\/\/arantv.az\/index.php?rest_route=%2Fwp%2Fv2%2Fcategories&post=22217"},{"taxonomy":"post_tag","embeddable":true,"href":"https:\/\/arantv.az\/index.php?rest_route=%2Fwp%2Fv2%2Ftags&post=22217"}],"curies":[{"name":"wp","href":"https:\/\/api.w.org\/{rel}","templated":true}]}}