{"id":22226,"date":"2018-10-30T14:57:23","date_gmt":"2018-10-30T11:57:23","guid":{"rendered":"http:\/\/arantv.az\/?p=22226"},"modified":"2018-10-30T14:57:23","modified_gmt":"2018-10-30T11:57:23","slug":"%c9%99rdogan-istanbulun-yeni-hava-limani-regionun-n%c9%99qliyyat-qovsagina-cevril%c9%99c%c9%99k","status":"publish","type":"post","link":"https:\/\/arantv.az\/?p=22226","title":{"rendered":"\u018frdo\u011fan: &#8220;\u0130stanbulun yeni hava liman\u0131 regionun n\u0259qliyyat qov\u015fa\u011f\u0131na \u00e7evril\u0259c\u0259k&#8221;"},"content":{"rendered":"<p><strong>&#8220;\u0130stanbulda yeni a\u00e7\u0131lm\u0131\u015f v\u0259 &#8220;\u0130stanbul&#8221; ad\u0131 verilmi\u015f hava liman\u0131 regionun n\u0259qliyyat qov\u015fa\u011f\u0131na \u00e7evril\u0259c\u0259k&#8221;.<\/strong><\/p>\n<p><strong>ARANTV.AZ<\/strong> trend-\u0259 istinad\u0259n x\u0259b\u0259r verir ki, bunu T\u00fcrkiy\u0259 B\u00f6y\u00fck Mill\u0259t M\u0259clisind\u0259 \u00e7\u0131x\u0131\u015f\u0131 zaman\u0131 T\u00fcrkiy\u0259 Prezidenti R\u0259c\u0259b Tayyib \u018frdo\u011fan deyib.<\/p>\n<p>O bildirib ki, layih\u0259 yeni-yeni realla\u015fd\u0131r\u0131lma\u011fa ba\u015flayark\u0259n \u00fc\u00e7\u00fcnc\u00fc hava liman\u0131n\u0131n tikintisin\u0259 \u00e7ox az adam inan\u0131rd\u0131.<\/p>\n<p>R.T.\u018frdo\u011fan\u0131n s\u00f6zl\u0259rin\u0259 g\u00f6r\u0259, &#8220;\u0130stanbul&#8221; hava liman\u0131n\u0131n tikintisinin 42 ay \u0259rzind\u0259 ba\u015fa \u00e7atd\u0131\u011f\u0131 bir vaxtda Avropan\u0131n \u0259n inki\u015faf etmi\u015f \u00f6lk\u0259si Almaniyada aeroportun tikintisi davam edir.<\/p>\n<div id=\"AdributorNativeVideo0\" class=\"AdributorNativeVideo\"><\/div>\n<p>Qeyd ed\u0259k ki, dekabr\u0131n 31-i yerli vaxtla saat 00:00-dan \u0130stanbulun Atat\u00fcrk hava liman\u0131ndan b\u00fct\u00fcn u\u00e7u\u015flar dayand\u0131r\u0131lacaq v\u0259 h\u0259min vaxtdan b\u00fct\u00fcn y\u00fck v\u0259 s\u0259rni\u015fin da\u015f\u0131malar\u0131 yeni aeroportdan h\u0259yata ke\u00e7iril\u0259c\u0259k.<\/p>\n<p>\u0130stanbulun \u00fc\u00e7\u00fcnc\u00fc hava liman\u0131 \u015f\u0259h\u0259rin \u015fimal hiss\u0259sind\u0259, Terkos g\u00f6l\u00fc yax\u0131nl\u0131\u011f\u0131nda in\u015fa olunub. Aeroportun tikintisin\u0259 10 milyard t\u00fcrk lir\u0259si x\u0259rcl\u0259nib.<\/p>\n<p>\u0130stanbulun yeni hava liman\u0131ndan Bak\u0131ya (gedi\u015f-d\u00f6n\u00fc\u015f) biletin qiym\u0259ti 99 AB\u015e dollar\u0131 t\u0259\u015fkil edir. Biletl\u0259rin sat\u0131\u015f\u0131na art\u0131q ba\u015flan\u0131b.<\/p>\n","protected":false},"excerpt":{"rendered":"<p>&#8220;\u0130stanbulda yeni a\u00e7\u0131lm\u0131\u015f v\u0259 &#8220;\u0130stanbul&#8221; ad\u0131 verilmi\u015f hava liman\u0131 regionun n\u0259qliyyat qov\u015fa\u011f\u0131na \u00e7evril\u0259c\u0259k&#8221;. ARANTV.AZ trend-\u0259 istinad\u0259n x\u0259b\u0259r verir ki, bunu T\u00fcrkiy\u0259 B\u00f6y\u00fck Mill\u0259t M\u0259clisind\u0259 \u00e7\u0131x\u0131\u015f\u0131 zaman\u0131 T\u00fcrkiy\u0259 Prezidenti R\u0259c\u0259b Tayyib \u018frdo\u011fan deyib. O bildirib ki, layih\u0259 yeni-yeni realla\u015fd\u0131r\u0131lma\u011fa ba\u015flayark\u0259n \u00fc\u00e7\u00fcnc\u00fc hava liman\u0131n\u0131n tikintisin\u0259 \u00e7ox az adam inan\u0131rd\u0131. R.T.\u018frdo\u011fan\u0131n s\u00f6zl\u0259rin\u0259 g\u00f6r\u0259, &#8220;\u0130stanbul&#8221; hava liman\u0131n\u0131n tikintisinin 42 ay \u0259rzind\u0259 ba\u015fa \u00e7atd\u0131\u011f\u0131 bir vaxtda Avropan\u0131n \u0259n inki\u015faf etmi\u015f \u00f6lk\u0259si Almaniyada aeroportun tikintisi davam edir. Qeyd ed\u0259k ki, dekabr\u0131n 31-i yerli vaxtla saat 00:00-dan \u0130stanbulun Atat\u00fcrk hava liman\u0131ndan b\u00fct\u00fcn u\u00e7u\u015flar dayand\u0131r\u0131lacaq v\u0259 h\u0259min vaxtdan&hellip;<\/p>\n","protected":false},"author":2,"featured_media":22227,"comment_status":"closed","ping_status":"closed","sticky":false,"template":"","format":"standard","meta":{"om_disable_all_campaigns":false,"_monsterinsights_skip_tracking":false,"_monsterinsights_sitenote_active":false,"_monsterinsights_sitenote_note":"","_monsterinsights_sitenote_category":0},"categories":[7],"tags":[],"aioseo_notices":[],"gutentor_comment":0,"rttpg_featured_image_url":{"full":["https:\/\/arantv.az\/wp-content\/uploads\/2018\/10\/erdogan_2837845.jpg",800,600,false],"landscape":["https:\/\/arantv.az\/wp-content\/uploads\/2018\/10\/erdogan_2837845.jpg",800,600,false],"portraits":["https:\/\/arantv.az\/wp-content\/uploads\/2018\/10\/erdogan_2837845.jpg",800,600,false],"thumbnail":["https:\/\/arantv.az\/wp-content\/uploads\/2018\/10\/erdogan_2837845-150x150.jpg",150,150,true],"medium":["https:\/\/arantv.az\/wp-content\/uploads\/2018\/10\/erdogan_2837845-300x225.jpg",300,225,true],"large":["https:\/\/arantv.az\/wp-content\/uploads\/2018\/10\/erdogan_2837845.jpg",640,480,false],"1536x1536":["https:\/\/arantv.az\/wp-content\/uploads\/2018\/10\/erdogan_2837845.jpg",800,600,false],"2048x2048":["https:\/\/arantv.az\/wp-content\/uploads\/2018\/10\/erdogan_2837845.jpg",800,600,false],"post-thumbnail":["https:\/\/arantv.az\/wp-content\/uploads\/2018\/10\/erdogan_2837845-240x172.jpg",240,172,true],"advps-thumb-one":["https:\/\/arantv.az\/wp-content\/uploads\/2018\/10\/erdogan_2837845.jpg",800,600,false]},"rttpg_author":{"display_name":"V\u00fcsal Rafiqo\u011flu","author_link":"https:\/\/arantv.az\/?author=2"},"rttpg_comment":0,"rttpg_category":"<a href=\"https:\/\/arantv.az\/?cat=7\" rel=\"category\">D\u00fcnya<\/a>","rttpg_excerpt":"&#8220;\u0130stanbulda yeni a\u00e7\u0131lm\u0131\u015f v\u0259 &#8220;\u0130stanbul&#8221; ad\u0131 verilmi\u015f hava liman\u0131 regionun n\u0259qliyyat qov\u015fa\u011f\u0131na \u00e7evril\u0259c\u0259k&#8221;. ARANTV.AZ trend-\u0259 istinad\u0259n x\u0259b\u0259r verir ki, bunu T\u00fcrkiy\u0259 B\u00f6y\u00fck Mill\u0259t M\u0259clisind\u0259 \u00e7\u0131x\u0131\u015f\u0131 zaman\u0131 T\u00fcrkiy\u0259 Prezidenti R\u0259c\u0259b Tayyib \u018frdo\u011fan deyib. O bildirib ki, layih\u0259 yeni-yeni realla\u015fd\u0131r\u0131lma\u011fa ba\u015flayark\u0259n \u00fc\u00e7\u00fcnc\u00fc hava liman\u0131n\u0131n tikintisin\u0259 \u00e7ox az adam inan\u0131rd\u0131. R.T.\u018frdo\u011fan\u0131n s\u00f6zl\u0259rin\u0259 g\u00f6r\u0259, &#8220;\u0130stanbul&#8221; hava liman\u0131n\u0131n tikintisinin 42&hellip;","_links":{"self":[{"href":"https:\/\/arantv.az\/index.php?rest_route=\/wp\/v2\/posts\/22226"}],"collection":[{"href":"https:\/\/arantv.az\/index.php?rest_route=\/wp\/v2\/posts"}],"about":[{"href":"https:\/\/arantv.az\/index.php?rest_route=\/wp\/v2\/types\/post"}],"author":[{"embeddable":true,"href":"https:\/\/arantv.az\/index.php?rest_route=\/wp\/v2\/users\/2"}],"replies":[{"embeddable":true,"href":"https:\/\/arantv.az\/index.php?rest_route=%2Fwp%2Fv2%2Fcomments&post=22226"}],"version-history":[{"count":0,"href":"https:\/\/arantv.az\/index.php?rest_route=\/wp\/v2\/posts\/22226\/revisions"}],"wp:featuredmedia":[{"embeddable":true,"href":"https:\/\/arantv.az\/index.php?rest_route=\/wp\/v2\/media\/22227"}],"wp:attachment":[{"href":"https:\/\/arantv.az\/index.php?rest_route=%2Fwp%2Fv2%2Fmedia&parent=22226"}],"wp:term":[{"taxonomy":"category","embeddable":true,"href":"https:\/\/arantv.az\/index.php?rest_route=%2Fwp%2Fv2%2Fcategories&post=22226"},{"taxonomy":"post_tag","embeddable":true,"href":"https:\/\/arantv.az\/index.php?rest_route=%2Fwp%2Fv2%2Ftags&post=22226"}],"curies":[{"name":"wp","href":"https:\/\/api.w.org\/{rel}","templated":true}]}}