{"id":22230,"date":"2018-10-30T14:58:59","date_gmt":"2018-10-30T11:58:59","guid":{"rendered":"http:\/\/arantv.az\/?p=22230"},"modified":"2018-10-30T14:58:59","modified_gmt":"2018-10-30T11:58:59","slug":"turkiy%c9%99d%c9%99-sok-az%c9%99rbaycanli-g%c9%99lin-%c9%99rini-bel%c9%99-aldatdi-foto","status":"publish","type":"post","link":"https:\/\/arantv.az\/?p=22230","title":{"rendered":"T\u00fcrkiy\u0259d\u0259 \u015fok: az\u0259rbaycanl\u0131 g\u0259lin \u0259rini bel\u0259 aldatd\u0131 &#8211; Foto"},"content":{"rendered":"<p><strong>T\u00fcrkiy\u0259nin Sivas \u015f\u0259h\u0259rind\u0259 ya\u015fayan \u0130smay\u0131l Do\u011fan 2 ay \u0259vv\u0259l ail\u0259 qurdu\u011fu az\u0259rbaycanl\u0131 qad\u0131n\u0131n 10 ildir evli oldu\u011funu \u00f6yr\u0259nib.<\/strong><\/p>\n<p><strong>ARANTV.AZ<\/strong> x\u0259b\u0259r verir ki, 32 ya\u015fl\u0131 \u0130smay\u0131l Do\u011fan qohum t\u00f6vsiy\u0259si il\u0259 Kocaeli \u015f\u0259h\u0259rind\u0259 ya\u015fayan 26 ya\u015fl\u0131 az\u0259rbaycanl\u0131 G.Da\u015fd\u0259mirova il\u0259 3 min lir\u0259 ba\u015fl\u0131q pulu \u00f6d\u0259y\u0259r\u0259k dini nikahla evl\u0259ndiyini deyib. Do\u011fan\u0131n iddias\u0131na g\u00f6r\u0259, G.Da\u015fd\u0259mirova m\u00fcxt\u0259lif b\u0259han\u0259l\u0259r g\u0259tir\u0259r\u0259k davaml\u0131 olaraq pul t\u0259l\u0259b edib:<\/p>\n<p>\u201cPul t\u0259l\u0259bi bitm\u0259k bilmirdi. V\u0259ziyy\u0259td\u0259n \u015f\u00fcbh\u0259l\u0259nib, r\u0259smi nikah ba\u011flamaq ist\u0259dik. Depressiyaya d\u00fc\u015fd\u00fcy\u00fcn\u00fc dedi v\u0259 d\u0259rhal m\u00fcalic\u0259y\u0259 ba\u015flad\u0131. Qa\u00e7aca\u011f\u0131n\u0131 fikirl\u0259\u015fib polis\u0259 m\u00fcraci\u0259t etdik v\u0259 onun 10 ildir evli oldu\u011funu \u00f6yr\u0259ndik\u201d.<\/p>\n<p>\u0130.Do\u011fan 60 min t\u00fcrk lir\u0259si m\u0259bl\u0259\u011find\u0259 z\u0259r\u0259r g\u00f6rd\u00fcy\u00fcn\u00fc dey\u0259r\u0259k prokurorlu\u011fa \u015fikay\u0259t edib.<\/p>\n<p>Qeyd ed\u0259k ki, \u0130smay\u0131l Do\u011fan toy g\u00fcn\u00fc g\u0259lin ma\u015f\u0131n\u0131n\u0131n \u00fcz\u0259rin\u0259 \u201cT\u00fcrkiy\u0259d\u0259 yox idi, Az\u0259rbaycandan ald\u0131m\u201d s\u00f6zl\u0259rini yazd\u0131r\u0131b.axar.az<\/p>\n","protected":false},"excerpt":{"rendered":"<p>T\u00fcrkiy\u0259nin Sivas \u015f\u0259h\u0259rind\u0259 ya\u015fayan \u0130smay\u0131l Do\u011fan 2 ay \u0259vv\u0259l ail\u0259 qurdu\u011fu az\u0259rbaycanl\u0131 qad\u0131n\u0131n 10 ildir evli oldu\u011funu \u00f6yr\u0259nib. ARANTV.AZ x\u0259b\u0259r verir ki, 32 ya\u015fl\u0131 \u0130smay\u0131l Do\u011fan qohum t\u00f6vsiy\u0259si il\u0259 Kocaeli \u015f\u0259h\u0259rind\u0259 ya\u015fayan 26 ya\u015fl\u0131 az\u0259rbaycanl\u0131 G.Da\u015fd\u0259mirova il\u0259 3 min lir\u0259 ba\u015fl\u0131q pulu \u00f6d\u0259y\u0259r\u0259k dini nikahla evl\u0259ndiyini deyib. Do\u011fan\u0131n iddias\u0131na g\u00f6r\u0259, G.Da\u015fd\u0259mirova m\u00fcxt\u0259lif b\u0259han\u0259l\u0259r g\u0259tir\u0259r\u0259k davaml\u0131 olaraq pul t\u0259l\u0259b edib: \u201cPul t\u0259l\u0259bi bitm\u0259k bilmirdi. V\u0259ziyy\u0259td\u0259n \u015f\u00fcbh\u0259l\u0259nib, r\u0259smi nikah ba\u011flamaq ist\u0259dik. Depressiyaya d\u00fc\u015fd\u00fcy\u00fcn\u00fc dedi v\u0259 d\u0259rhal m\u00fcalic\u0259y\u0259 ba\u015flad\u0131. Qa\u00e7aca\u011f\u0131n\u0131 fikirl\u0259\u015fib polis\u0259 m\u00fcraci\u0259t etdik v\u0259 onun 10 ildir evli oldu\u011funu \u00f6yr\u0259ndik\u201d. \u0130.Do\u011fan 60&hellip;<\/p>\n","protected":false},"author":2,"featured_media":22231,"comment_status":"closed","ping_status":"closed","sticky":false,"template":"","format":"standard","meta":{"om_disable_all_campaigns":false,"_monsterinsights_skip_tracking":false,"_monsterinsights_sitenote_active":false,"_monsterinsights_sitenote_note":"","_monsterinsights_sitenote_category":0},"categories":[1],"tags":[],"aioseo_notices":[],"gutentor_comment":0,"rttpg_featured_image_url":{"full":["https:\/\/arantv.az\/wp-content\/uploads\/2018\/10\/azeri-gelin-turkiye.jpg",500,281,false],"landscape":["https:\/\/arantv.az\/wp-content\/uploads\/2018\/10\/azeri-gelin-turkiye.jpg",500,281,false],"portraits":["https:\/\/arantv.az\/wp-content\/uploads\/2018\/10\/azeri-gelin-turkiye.jpg",500,281,false],"thumbnail":["https:\/\/arantv.az\/wp-content\/uploads\/2018\/10\/azeri-gelin-turkiye-150x150.jpg",150,150,true],"medium":["https:\/\/arantv.az\/wp-content\/uploads\/2018\/10\/azeri-gelin-turkiye-300x169.jpg",300,169,true],"large":["https:\/\/arantv.az\/wp-content\/uploads\/2018\/10\/azeri-gelin-turkiye.jpg",500,281,false],"1536x1536":["https:\/\/arantv.az\/wp-content\/uploads\/2018\/10\/azeri-gelin-turkiye.jpg",500,281,false],"2048x2048":["https:\/\/arantv.az\/wp-content\/uploads\/2018\/10\/azeri-gelin-turkiye.jpg",500,281,false],"post-thumbnail":["https:\/\/arantv.az\/wp-content\/uploads\/2018\/10\/azeri-gelin-turkiye-240x172.jpg",240,172,true],"advps-thumb-one":["https:\/\/arantv.az\/wp-content\/uploads\/2018\/10\/azeri-gelin-turkiye.jpg",500,281,false]},"rttpg_author":{"display_name":"V\u00fcsal Rafiqo\u011flu","author_link":"https:\/\/arantv.az\/?author=2"},"rttpg_comment":0,"rttpg_category":"<a href=\"https:\/\/arantv.az\/?cat=1\" rel=\"category\">C\u0259miyy\u0259t<\/a>","rttpg_excerpt":"T\u00fcrkiy\u0259nin Sivas \u015f\u0259h\u0259rind\u0259 ya\u015fayan \u0130smay\u0131l Do\u011fan 2 ay \u0259vv\u0259l ail\u0259 qurdu\u011fu az\u0259rbaycanl\u0131 qad\u0131n\u0131n 10 ildir evli oldu\u011funu \u00f6yr\u0259nib. ARANTV.AZ x\u0259b\u0259r verir ki, 32 ya\u015fl\u0131 \u0130smay\u0131l Do\u011fan qohum t\u00f6vsiy\u0259si il\u0259 Kocaeli \u015f\u0259h\u0259rind\u0259 ya\u015fayan 26 ya\u015fl\u0131 az\u0259rbaycanl\u0131 G.Da\u015fd\u0259mirova il\u0259 3 min lir\u0259 ba\u015fl\u0131q pulu \u00f6d\u0259y\u0259r\u0259k dini nikahla evl\u0259ndiyini deyib. Do\u011fan\u0131n iddias\u0131na g\u00f6r\u0259, G.Da\u015fd\u0259mirova m\u00fcxt\u0259lif b\u0259han\u0259l\u0259r g\u0259tir\u0259r\u0259k davaml\u0131&hellip;","_links":{"self":[{"href":"https:\/\/arantv.az\/index.php?rest_route=\/wp\/v2\/posts\/22230"}],"collection":[{"href":"https:\/\/arantv.az\/index.php?rest_route=\/wp\/v2\/posts"}],"about":[{"href":"https:\/\/arantv.az\/index.php?rest_route=\/wp\/v2\/types\/post"}],"author":[{"embeddable":true,"href":"https:\/\/arantv.az\/index.php?rest_route=\/wp\/v2\/users\/2"}],"replies":[{"embeddable":true,"href":"https:\/\/arantv.az\/index.php?rest_route=%2Fwp%2Fv2%2Fcomments&post=22230"}],"version-history":[{"count":0,"href":"https:\/\/arantv.az\/index.php?rest_route=\/wp\/v2\/posts\/22230\/revisions"}],"wp:featuredmedia":[{"embeddable":true,"href":"https:\/\/arantv.az\/index.php?rest_route=\/wp\/v2\/media\/22231"}],"wp:attachment":[{"href":"https:\/\/arantv.az\/index.php?rest_route=%2Fwp%2Fv2%2Fmedia&parent=22230"}],"wp:term":[{"taxonomy":"category","embeddable":true,"href":"https:\/\/arantv.az\/index.php?rest_route=%2Fwp%2Fv2%2Fcategories&post=22230"},{"taxonomy":"post_tag","embeddable":true,"href":"https:\/\/arantv.az\/index.php?rest_route=%2Fwp%2Fv2%2Ftags&post=22230"}],"curies":[{"name":"wp","href":"https:\/\/api.w.org\/{rel}","templated":true}]}}