{"id":22236,"date":"2018-10-30T15:03:12","date_gmt":"2018-10-30T12:03:12","guid":{"rendered":"http:\/\/arantv.az\/?p=22236"},"modified":"2018-10-30T15:03:12","modified_gmt":"2018-10-30T12:03:12","slug":"t-n-m%c9%99mm%c9%99dovun-samaxi-rayon-icra-hakimiyy%c9%99tinin-bascisi-t%c9%99yin-edilm%c9%99si-haqqinda-az%c9%99rbaycan-respublikasi-prezidentinin-s%c9%99r%c9%99ncami","status":"publish","type":"post","link":"https:\/\/arantv.az\/?p=22236","title":{"rendered":"T.N.M\u0259mm\u0259dovun \u015eamax\u0131 Rayon \u0130cra Hakimiyy\u0259tinin ba\u015f\u00e7\u0131s\u0131 t\u0259yin edilm\u0259si haqq\u0131nda Az\u0259rbaycan Respublikas\u0131 Prezidentinin S\u0259r\u0259ncam\u0131"},"content":{"rendered":"<p><strong>ARANTV.AZ<\/strong> x\u0259b\u0259r verir ki, s\u0259r\u0259ncamda deyilir.<\/p>\n<p class=\"\">Az\u0259rbaycan Respublikas\u0131 Konstitusiyas\u0131n\u0131n 124-c\u00fc madd\u0259sinin II hiss\u0259sini r\u0259hb\u0259r tutaraq q\u0259rara al\u0131ram:<\/p>\n<p>Tahir Nadir o\u011flu M\u0259mm\u0259dov \u015eamax\u0131 Rayon \u0130cra Hakimiyy\u0259tinin ba\u015f\u00e7\u0131s\u0131 t\u0259yin edilsin.<\/p>\n<p>\u0130lham \u018fliyev<\/p>\n<p>Az\u0259rbaycan Respublikas\u0131n\u0131n Prezidenti<\/p>\n<p>Bak\u0131 \u015f\u0259h\u0259ri, 30 oktyabr 2018-ci il.<\/p>\n","protected":false},"excerpt":{"rendered":"<p>ARANTV.AZ x\u0259b\u0259r verir ki, s\u0259r\u0259ncamda deyilir. Az\u0259rbaycan Respublikas\u0131 Konstitusiyas\u0131n\u0131n 124-c\u00fc madd\u0259sinin II hiss\u0259sini r\u0259hb\u0259r tutaraq q\u0259rara al\u0131ram: Tahir Nadir o\u011flu M\u0259mm\u0259dov \u015eamax\u0131 Rayon \u0130cra Hakimiyy\u0259tinin ba\u015f\u00e7\u0131s\u0131 t\u0259yin edilsin. \u0130lham \u018fliyev Az\u0259rbaycan Respublikas\u0131n\u0131n Prezidenti Bak\u0131 \u015f\u0259h\u0259ri, 30 oktyabr 2018-ci il.<\/p>\n","protected":false},"author":2,"featured_media":22237,"comment_status":"closed","ping_status":"closed","sticky":false,"template":"","format":"standard","meta":{"om_disable_all_campaigns":false,"_monsterinsights_skip_tracking":false,"_monsterinsights_sitenote_active":false,"_monsterinsights_sitenote_note":"","_monsterinsights_sitenote_category":0},"categories":[8],"tags":[],"aioseo_notices":[],"gutentor_comment":0,"rttpg_featured_image_url":{"full":["https:\/\/arantv.az\/wp-content\/uploads\/2018\/10\/Serencam-1.jpg",400,286,false],"landscape":["https:\/\/arantv.az\/wp-content\/uploads\/2018\/10\/Serencam-1.jpg",400,286,false],"portraits":["https:\/\/arantv.az\/wp-content\/uploads\/2018\/10\/Serencam-1.jpg",400,286,false],"thumbnail":["https:\/\/arantv.az\/wp-content\/uploads\/2018\/10\/Serencam-1-150x150.jpg",150,150,true],"medium":["https:\/\/arantv.az\/wp-content\/uploads\/2018\/10\/Serencam-1-300x215.jpg",300,215,true],"large":["https:\/\/arantv.az\/wp-content\/uploads\/2018\/10\/Serencam-1.jpg",400,286,false],"1536x1536":["https:\/\/arantv.az\/wp-content\/uploads\/2018\/10\/Serencam-1.jpg",400,286,false],"2048x2048":["https:\/\/arantv.az\/wp-content\/uploads\/2018\/10\/Serencam-1.jpg",400,286,false],"post-thumbnail":["https:\/\/arantv.az\/wp-content\/uploads\/2018\/10\/Serencam-1-240x172.jpg",240,172,true],"advps-thumb-one":["https:\/\/arantv.az\/wp-content\/uploads\/2018\/10\/Serencam-1.jpg",400,286,false]},"rttpg_author":{"display_name":"V\u00fcsal Rafiqo\u011flu","author_link":"https:\/\/arantv.az\/?author=2"},"rttpg_comment":0,"rttpg_category":"<a href=\"https:\/\/arantv.az\/?cat=8\" rel=\"category\">\u018fsas s\u0259hif\u0259<\/a>","rttpg_excerpt":"ARANTV.AZ x\u0259b\u0259r verir ki, s\u0259r\u0259ncamda deyilir. Az\u0259rbaycan Respublikas\u0131 Konstitusiyas\u0131n\u0131n 124-c\u00fc madd\u0259sinin II hiss\u0259sini r\u0259hb\u0259r tutaraq q\u0259rara al\u0131ram: Tahir Nadir o\u011flu M\u0259mm\u0259dov \u015eamax\u0131 Rayon \u0130cra Hakimiyy\u0259tinin ba\u015f\u00e7\u0131s\u0131 t\u0259yin edilsin. \u0130lham \u018fliyev Az\u0259rbaycan Respublikas\u0131n\u0131n Prezidenti Bak\u0131 \u015f\u0259h\u0259ri, 30 oktyabr 2018-ci il.","_links":{"self":[{"href":"https:\/\/arantv.az\/index.php?rest_route=\/wp\/v2\/posts\/22236"}],"collection":[{"href":"https:\/\/arantv.az\/index.php?rest_route=\/wp\/v2\/posts"}],"about":[{"href":"https:\/\/arantv.az\/index.php?rest_route=\/wp\/v2\/types\/post"}],"author":[{"embeddable":true,"href":"https:\/\/arantv.az\/index.php?rest_route=\/wp\/v2\/users\/2"}],"replies":[{"embeddable":true,"href":"https:\/\/arantv.az\/index.php?rest_route=%2Fwp%2Fv2%2Fcomments&post=22236"}],"version-history":[{"count":0,"href":"https:\/\/arantv.az\/index.php?rest_route=\/wp\/v2\/posts\/22236\/revisions"}],"wp:featuredmedia":[{"embeddable":true,"href":"https:\/\/arantv.az\/index.php?rest_route=\/wp\/v2\/media\/22237"}],"wp:attachment":[{"href":"https:\/\/arantv.az\/index.php?rest_route=%2Fwp%2Fv2%2Fmedia&parent=22236"}],"wp:term":[{"taxonomy":"category","embeddable":true,"href":"https:\/\/arantv.az\/index.php?rest_route=%2Fwp%2Fv2%2Fcategories&post=22236"},{"taxonomy":"post_tag","embeddable":true,"href":"https:\/\/arantv.az\/index.php?rest_route=%2Fwp%2Fv2%2Ftags&post=22236"}],"curies":[{"name":"wp","href":"https:\/\/api.w.org\/{rel}","templated":true}]}}