{"id":22248,"date":"2018-10-30T15:10:32","date_gmt":"2018-10-30T12:10:32","guid":{"rendered":"http:\/\/arantv.az\/?p=22248"},"modified":"2018-10-30T15:10:32","modified_gmt":"2018-10-30T12:10:32","slug":"kamran-imanov-texnologiyalarin-kommersiyalasdirilmasi-innovasiyalarin-inkisafi-ucun-vacibdir","status":"publish","type":"post","link":"https:\/\/arantv.az\/?p=22248","title":{"rendered":"Kamran \u0130manov: &#8220;Texnologiyalar\u0131n kommersiyala\u015fd\u0131r\u0131lmas\u0131 innovasiyalar\u0131n inki\u015faf\u0131 \u00fc\u00e7\u00fcn vacibdir&#8221;"},"content":{"rendered":"<p><strong>&#8220;Texnologiyalar\u0131n kommersiyala\u015fd\u0131r\u0131lmas\u0131 innovasiyalar\u0131n inki\u015faf\u0131 \u00fc\u00e7\u00fcn prioritetdir&#8221;.<\/strong><\/p>\n<p><strong>ARANTV.AZ<\/strong> trend-\u0259 istinad\u0259n x\u0259b\u0259r verir ki, bunu &#8220;\u0130nnovasiyalar h\u0259ft\u0259si&#8221; \u00e7\u0259r\u00e7iv\u0259sind\u0259 &#8220;\u0130nnovasiyalar\u0131n inki\u015faf\u0131nda \u0259qli m\u00fclkiyy\u0259tin m\u00fcdafi\u0259si m\u0259s\u0259l\u0259l\u0259ri&#8221; adl\u0131 seminarda \u00e7\u0131x\u0131\u015f\u0131 zaman\u0131 Az\u0259rbaycan \u018fqli M\u00fclkiyy\u0259t Agentliyinin \u0130dar\u0259 Hey\u0259tinin s\u0259dri Kamran \u0130manov deyib.<\/p>\n<p>Onun s\u00f6zl\u0259rin\u0259 g\u00f6r\u0259, elmi t\u0259dqiqatlar\u0131n n\u0259tic\u0259l\u0259rind\u0259n g\u0259lirl\u0259rin formala\u015fmas\u0131, \u0259qli m\u00fclkiyy\u0259tin istifad\u0259sind\u0259n g\u0259l\u0259n m\u00fc\u0259llif qonorarlar\u0131, el\u0259c\u0259 d\u0259 t\u0259dqiqat m\u00fcqavil\u0259l\u0259rinin imzalanmas\u0131 kimi m\u0259s\u0259l\u0259l\u0259r birba\u015fa \u0259qli m\u00fclkiyy\u0259t\u0259 \u015famil olunur:<\/p>\n<div id=\"AdributorNativeVideo0\" class=\"AdributorNativeVideo\"><\/div>\n<p>&#8220;D\u00fcnya t\u0259cr\u00fcb\u0259sind\u0259 kommersiyala\u015fman\u0131n s\u00fcr\u0259tl\u0259nm\u0259si v\u0259 innovasiyalar\u0131n inki\u015faf\u0131n\u0131n t\u0259min olunmas\u0131 bir s\u0131ra vacib m\u0259s\u0259l\u0259l\u0259rin h\u0259llini t\u0259l\u0259b edir. \u0130lk n\u00f6vb\u0259d\u0259 startaplar\u0131n h\u0259v\u0259sl\u0259ndirilm\u0259sin\u0259 v\u0259 innovasiyalar\u0131n ki\u00e7ik v\u0259 orta biznes m\u00fc\u0259ssis\u0259l\u0259ri t\u0259r\u0259find\u0259n istifad\u0259sin\u0259 imkan yarad\u0131lmas\u0131na diqq\u0259t ay\u0131rmaq laz\u0131md\u0131r. Dig\u0259r m\u0259qam ali t\u0259dris m\u00fc\u0259siss\u0259l\u0259rinin d\u00f6vl\u0259t v\u0259 \u00f6z\u0259l \u015firk\u0259tl\u0259rl\u0259rl\u0259 \u0259m\u0259kda\u015fl\u0131\u011f\u0131n\u0131n s\u00fcr\u0259tl\u0259ndirilm\u0259si il\u0259 ba\u011fl\u0131d\u0131r ki, bu m\u0259s\u0259l\u0259 bug\u00fcn\u0259d\u0259k aktual olaraq qal\u0131r&#8221;.<\/p>\n","protected":false},"excerpt":{"rendered":"<p>&#8220;Texnologiyalar\u0131n kommersiyala\u015fd\u0131r\u0131lmas\u0131 innovasiyalar\u0131n inki\u015faf\u0131 \u00fc\u00e7\u00fcn prioritetdir&#8221;. ARANTV.AZ trend-\u0259 istinad\u0259n x\u0259b\u0259r verir ki, bunu &#8220;\u0130nnovasiyalar h\u0259ft\u0259si&#8221; \u00e7\u0259r\u00e7iv\u0259sind\u0259 &#8220;\u0130nnovasiyalar\u0131n inki\u015faf\u0131nda \u0259qli m\u00fclkiyy\u0259tin m\u00fcdafi\u0259si m\u0259s\u0259l\u0259l\u0259ri&#8221; adl\u0131 seminarda \u00e7\u0131x\u0131\u015f\u0131 zaman\u0131 Az\u0259rbaycan \u018fqli M\u00fclkiyy\u0259t Agentliyinin \u0130dar\u0259 Hey\u0259tinin s\u0259dri Kamran \u0130manov deyib. Onun s\u00f6zl\u0259rin\u0259 g\u00f6r\u0259, elmi t\u0259dqiqatlar\u0131n n\u0259tic\u0259l\u0259rind\u0259n g\u0259lirl\u0259rin formala\u015fmas\u0131, \u0259qli m\u00fclkiyy\u0259tin istifad\u0259sind\u0259n g\u0259l\u0259n m\u00fc\u0259llif qonorarlar\u0131, el\u0259c\u0259 d\u0259 t\u0259dqiqat m\u00fcqavil\u0259l\u0259rinin imzalanmas\u0131 kimi m\u0259s\u0259l\u0259l\u0259r birba\u015fa \u0259qli m\u00fclkiyy\u0259t\u0259 \u015famil olunur: &#8220;D\u00fcnya t\u0259cr\u00fcb\u0259sind\u0259 kommersiyala\u015fman\u0131n s\u00fcr\u0259tl\u0259nm\u0259si v\u0259 innovasiyalar\u0131n inki\u015faf\u0131n\u0131n t\u0259min olunmas\u0131 bir s\u0131ra vacib m\u0259s\u0259l\u0259l\u0259rin h\u0259llini t\u0259l\u0259b edir. \u0130lk n\u00f6vb\u0259d\u0259 startaplar\u0131n h\u0259v\u0259sl\u0259ndirilm\u0259sin\u0259 v\u0259 innovasiyalar\u0131n ki\u00e7ik v\u0259 orta biznes m\u00fc\u0259ssis\u0259l\u0259ri t\u0259r\u0259find\u0259n&hellip;<\/p>\n","protected":false},"author":2,"featured_media":22249,"comment_status":"closed","ping_status":"closed","sticky":false,"template":"","format":"standard","meta":{"om_disable_all_campaigns":false,"_monsterinsights_skip_tracking":false,"_monsterinsights_sitenote_active":false,"_monsterinsights_sitenote_note":"","_monsterinsights_sitenote_category":0},"categories":[1],"tags":[],"aioseo_notices":[],"gutentor_comment":0,"rttpg_featured_image_url":{"full":["https:\/\/arantv.az\/wp-content\/uploads\/2018\/10\/699269.jpg",800,600,false],"landscape":["https:\/\/arantv.az\/wp-content\/uploads\/2018\/10\/699269.jpg",800,600,false],"portraits":["https:\/\/arantv.az\/wp-content\/uploads\/2018\/10\/699269.jpg",800,600,false],"thumbnail":["https:\/\/arantv.az\/wp-content\/uploads\/2018\/10\/699269-150x150.jpg",150,150,true],"medium":["https:\/\/arantv.az\/wp-content\/uploads\/2018\/10\/699269-300x225.jpg",300,225,true],"large":["https:\/\/arantv.az\/wp-content\/uploads\/2018\/10\/699269.jpg",640,480,false],"1536x1536":["https:\/\/arantv.az\/wp-content\/uploads\/2018\/10\/699269.jpg",800,600,false],"2048x2048":["https:\/\/arantv.az\/wp-content\/uploads\/2018\/10\/699269.jpg",800,600,false],"post-thumbnail":["https:\/\/arantv.az\/wp-content\/uploads\/2018\/10\/699269-240x172.jpg",240,172,true],"advps-thumb-one":["https:\/\/arantv.az\/wp-content\/uploads\/2018\/10\/699269.jpg",800,600,false]},"rttpg_author":{"display_name":"V\u00fcsal Rafiqo\u011flu","author_link":"https:\/\/arantv.az\/?author=2"},"rttpg_comment":0,"rttpg_category":"<a href=\"https:\/\/arantv.az\/?cat=1\" rel=\"category\">C\u0259miyy\u0259t<\/a>","rttpg_excerpt":"&#8220;Texnologiyalar\u0131n kommersiyala\u015fd\u0131r\u0131lmas\u0131 innovasiyalar\u0131n inki\u015faf\u0131 \u00fc\u00e7\u00fcn prioritetdir&#8221;. ARANTV.AZ trend-\u0259 istinad\u0259n x\u0259b\u0259r verir ki, bunu &#8220;\u0130nnovasiyalar h\u0259ft\u0259si&#8221; \u00e7\u0259r\u00e7iv\u0259sind\u0259 &#8220;\u0130nnovasiyalar\u0131n inki\u015faf\u0131nda \u0259qli m\u00fclkiyy\u0259tin m\u00fcdafi\u0259si m\u0259s\u0259l\u0259l\u0259ri&#8221; adl\u0131 seminarda \u00e7\u0131x\u0131\u015f\u0131 zaman\u0131 Az\u0259rbaycan \u018fqli M\u00fclkiyy\u0259t Agentliyinin \u0130dar\u0259 Hey\u0259tinin s\u0259dri Kamran \u0130manov deyib. Onun s\u00f6zl\u0259rin\u0259 g\u00f6r\u0259, elmi t\u0259dqiqatlar\u0131n n\u0259tic\u0259l\u0259rind\u0259n g\u0259lirl\u0259rin formala\u015fmas\u0131, \u0259qli m\u00fclkiyy\u0259tin istifad\u0259sind\u0259n g\u0259l\u0259n m\u00fc\u0259llif qonorarlar\u0131, el\u0259c\u0259 d\u0259 t\u0259dqiqat m\u00fcqavil\u0259l\u0259rinin imzalanmas\u0131&hellip;","_links":{"self":[{"href":"https:\/\/arantv.az\/index.php?rest_route=\/wp\/v2\/posts\/22248"}],"collection":[{"href":"https:\/\/arantv.az\/index.php?rest_route=\/wp\/v2\/posts"}],"about":[{"href":"https:\/\/arantv.az\/index.php?rest_route=\/wp\/v2\/types\/post"}],"author":[{"embeddable":true,"href":"https:\/\/arantv.az\/index.php?rest_route=\/wp\/v2\/users\/2"}],"replies":[{"embeddable":true,"href":"https:\/\/arantv.az\/index.php?rest_route=%2Fwp%2Fv2%2Fcomments&post=22248"}],"version-history":[{"count":0,"href":"https:\/\/arantv.az\/index.php?rest_route=\/wp\/v2\/posts\/22248\/revisions"}],"wp:featuredmedia":[{"embeddable":true,"href":"https:\/\/arantv.az\/index.php?rest_route=\/wp\/v2\/media\/22249"}],"wp:attachment":[{"href":"https:\/\/arantv.az\/index.php?rest_route=%2Fwp%2Fv2%2Fmedia&parent=22248"}],"wp:term":[{"taxonomy":"category","embeddable":true,"href":"https:\/\/arantv.az\/index.php?rest_route=%2Fwp%2Fv2%2Fcategories&post=22248"},{"taxonomy":"post_tag","embeddable":true,"href":"https:\/\/arantv.az\/index.php?rest_route=%2Fwp%2Fv2%2Ftags&post=22248"}],"curies":[{"name":"wp","href":"https:\/\/api.w.org\/{rel}","templated":true}]}}