{"id":22251,"date":"2018-10-30T15:25:31","date_gmt":"2018-10-30T12:25:31","guid":{"rendered":"http:\/\/arantv.az\/?p=22251"},"modified":"2018-10-30T15:25:31","modified_gmt":"2018-10-30T12:25:31","slug":"son-d%c9%99qiq%c9%99-turkiy%c9%99-az%c9%99rbaycan-v%c9%99-iran-razilasdi-milli-pulumuzla","status":"publish","type":"post","link":"https:\/\/arantv.az\/?p=22251","title":{"rendered":"SON D\u018fQ\u0130Q\u018f &#8211; T\u00fcrkiy\u0259, Az\u0259rbaycan v\u0259 \u0130ran RAZILA\u015eDI &#8211; Milli pulumuzla &#8230;"},"content":{"rendered":"<p><strong>Az\u0259rbaycan, \u0130ran, T\u00fcrkiy\u0259nin xarici i\u015fl\u0259r nazirl\u0259rinin VI \u00fc\u00e7t\u0259r\u0259fli g\u00f6r\u00fc\u015f\u00fcnd\u0259 \u0130stanbul B\u0259yannam\u0259si imzalan\u0131b.<\/strong><\/p>\n<p><strong>ARANTV.AZ<\/strong> x\u0259b\u0259r verir ki, \u00fc\u00e7t\u0259r\u0259fli g\u00f6r\u00fc\u015f zaman\u0131 Az\u0259rbaycan, \u0130ran v\u0259\u00a0T\u00fcrkiy\u0259nin X\u0130N r\u0259hb\u0259rl\u0259ri milli valyuta il\u0259\u00a0ticar\u0259t etm\u0259kd\u0259 raz\u0131l\u0131\u011fa g\u0259libl\u0259r.<\/p>\n<p><strong>\u0130ran X\u0130N r\u0259hb\u0259ri M\u0259h\u0259mm\u0259d Cavad Z\u0259rif, T\u00fcrkiy\u0259-Az\u0259rbaycan v\u0259\u00a0\u0130ran aras\u0131ndaki i\u015fbirliyinin b\u00f6lg\u0259 bax\u0131m\u0131ndan \u00f6n\u0259mli oldu\u011funu bildirib:\u00a0<\/strong><\/p>\n<p><em>&#8220;Milli valyutam\u0131zla ticar\u0259t \u0259laq\u0259l\u0259ri qurmaq bar\u0259d\u0259 raz\u0131l\u0131\u011fa g\u0259ldik. Bu raz\u0131l\u0131q il\u0259 iqtisadi \u0259laq\u0259l\u0259rimizi xarici m\u00fcdaxil\u0259l\u0259rd\u0259n qorumu\u015f olaca\u011f\u0131q&#8221;.milli.az<\/em><\/p>\n","protected":false},"excerpt":{"rendered":"<p>Az\u0259rbaycan, \u0130ran, T\u00fcrkiy\u0259nin xarici i\u015fl\u0259r nazirl\u0259rinin VI \u00fc\u00e7t\u0259r\u0259fli g\u00f6r\u00fc\u015f\u00fcnd\u0259 \u0130stanbul B\u0259yannam\u0259si imzalan\u0131b. ARANTV.AZ x\u0259b\u0259r verir ki, \u00fc\u00e7t\u0259r\u0259fli g\u00f6r\u00fc\u015f zaman\u0131 Az\u0259rbaycan, \u0130ran v\u0259\u00a0T\u00fcrkiy\u0259nin X\u0130N r\u0259hb\u0259rl\u0259ri milli valyuta il\u0259\u00a0ticar\u0259t etm\u0259kd\u0259 raz\u0131l\u0131\u011fa g\u0259libl\u0259r. \u0130ran X\u0130N r\u0259hb\u0259ri M\u0259h\u0259mm\u0259d Cavad Z\u0259rif, T\u00fcrkiy\u0259-Az\u0259rbaycan v\u0259\u00a0\u0130ran aras\u0131ndaki i\u015fbirliyinin b\u00f6lg\u0259 bax\u0131m\u0131ndan \u00f6n\u0259mli oldu\u011funu bildirib:\u00a0 &#8220;Milli valyutam\u0131zla ticar\u0259t \u0259laq\u0259l\u0259ri qurmaq bar\u0259d\u0259 raz\u0131l\u0131\u011fa g\u0259ldik. Bu raz\u0131l\u0131q il\u0259 iqtisadi \u0259laq\u0259l\u0259rimizi xarici m\u00fcdaxil\u0259l\u0259rd\u0259n qorumu\u015f olaca\u011f\u0131q&#8221;.milli.az<\/p>\n","protected":false},"author":2,"featured_media":22252,"comment_status":"closed","ping_status":"closed","sticky":false,"template":"","format":"standard","meta":{"om_disable_all_campaigns":false,"_monsterinsights_skip_tracking":false,"_monsterinsights_sitenote_active":false,"_monsterinsights_sitenote_note":"","_monsterinsights_sitenote_category":0},"categories":[4],"tags":[],"aioseo_notices":[],"gutentor_comment":0,"rttpg_featured_image_url":{"full":["https:\/\/arantv.az\/wp-content\/uploads\/2018\/10\/699296.jpg",800,600,false],"landscape":["https:\/\/arantv.az\/wp-content\/uploads\/2018\/10\/699296.jpg",800,600,false],"portraits":["https:\/\/arantv.az\/wp-content\/uploads\/2018\/10\/699296.jpg",800,600,false],"thumbnail":["https:\/\/arantv.az\/wp-content\/uploads\/2018\/10\/699296-150x150.jpg",150,150,true],"medium":["https:\/\/arantv.az\/wp-content\/uploads\/2018\/10\/699296-300x225.jpg",300,225,true],"large":["https:\/\/arantv.az\/wp-content\/uploads\/2018\/10\/699296.jpg",640,480,false],"1536x1536":["https:\/\/arantv.az\/wp-content\/uploads\/2018\/10\/699296.jpg",800,600,false],"2048x2048":["https:\/\/arantv.az\/wp-content\/uploads\/2018\/10\/699296.jpg",800,600,false],"post-thumbnail":["https:\/\/arantv.az\/wp-content\/uploads\/2018\/10\/699296-240x172.jpg",240,172,true],"advps-thumb-one":["https:\/\/arantv.az\/wp-content\/uploads\/2018\/10\/699296.jpg",800,600,false]},"rttpg_author":{"display_name":"V\u00fcsal Rafiqo\u011flu","author_link":"https:\/\/arantv.az\/?author=2"},"rttpg_comment":0,"rttpg_category":"<a href=\"https:\/\/arantv.az\/?cat=4\" rel=\"category\">Siyas\u0259t<\/a>","rttpg_excerpt":"Az\u0259rbaycan, \u0130ran, T\u00fcrkiy\u0259nin xarici i\u015fl\u0259r nazirl\u0259rinin VI \u00fc\u00e7t\u0259r\u0259fli g\u00f6r\u00fc\u015f\u00fcnd\u0259 \u0130stanbul B\u0259yannam\u0259si imzalan\u0131b. ARANTV.AZ x\u0259b\u0259r verir ki, \u00fc\u00e7t\u0259r\u0259fli g\u00f6r\u00fc\u015f zaman\u0131 Az\u0259rbaycan, \u0130ran v\u0259\u00a0T\u00fcrkiy\u0259nin X\u0130N r\u0259hb\u0259rl\u0259ri milli valyuta il\u0259\u00a0ticar\u0259t etm\u0259kd\u0259 raz\u0131l\u0131\u011fa g\u0259libl\u0259r. \u0130ran X\u0130N r\u0259hb\u0259ri M\u0259h\u0259mm\u0259d Cavad Z\u0259rif, T\u00fcrkiy\u0259-Az\u0259rbaycan v\u0259\u00a0\u0130ran aras\u0131ndaki i\u015fbirliyinin b\u00f6lg\u0259 bax\u0131m\u0131ndan \u00f6n\u0259mli oldu\u011funu bildirib:\u00a0 &#8220;Milli valyutam\u0131zla ticar\u0259t \u0259laq\u0259l\u0259ri qurmaq bar\u0259d\u0259 raz\u0131l\u0131\u011fa g\u0259ldik. Bu raz\u0131l\u0131q&hellip;","_links":{"self":[{"href":"https:\/\/arantv.az\/index.php?rest_route=\/wp\/v2\/posts\/22251"}],"collection":[{"href":"https:\/\/arantv.az\/index.php?rest_route=\/wp\/v2\/posts"}],"about":[{"href":"https:\/\/arantv.az\/index.php?rest_route=\/wp\/v2\/types\/post"}],"author":[{"embeddable":true,"href":"https:\/\/arantv.az\/index.php?rest_route=\/wp\/v2\/users\/2"}],"replies":[{"embeddable":true,"href":"https:\/\/arantv.az\/index.php?rest_route=%2Fwp%2Fv2%2Fcomments&post=22251"}],"version-history":[{"count":0,"href":"https:\/\/arantv.az\/index.php?rest_route=\/wp\/v2\/posts\/22251\/revisions"}],"wp:featuredmedia":[{"embeddable":true,"href":"https:\/\/arantv.az\/index.php?rest_route=\/wp\/v2\/media\/22252"}],"wp:attachment":[{"href":"https:\/\/arantv.az\/index.php?rest_route=%2Fwp%2Fv2%2Fmedia&parent=22251"}],"wp:term":[{"taxonomy":"category","embeddable":true,"href":"https:\/\/arantv.az\/index.php?rest_route=%2Fwp%2Fv2%2Fcategories&post=22251"},{"taxonomy":"post_tag","embeddable":true,"href":"https:\/\/arantv.az\/index.php?rest_route=%2Fwp%2Fv2%2Ftags&post=22251"}],"curies":[{"name":"wp","href":"https:\/\/api.w.org\/{rel}","templated":true}]}}