{"id":22255,"date":"2018-10-30T15:28:10","date_gmt":"2018-10-30T12:28:10","guid":{"rendered":"http:\/\/arantv.az\/?p=22255"},"modified":"2018-10-30T15:28:10","modified_gmt":"2018-10-30T12:28:10","slug":"qit%c9%99l%c9%99ri-birl%c9%99sdir%c9%99n-layih%c9%99-btq-nin-acilisindan-bir-il-otur","status":"publish","type":"post","link":"https:\/\/arantv.az\/?p=22255","title":{"rendered":"Qit\u0259l\u0259ri birl\u0259\u015fdir\u0259n layih\u0259: BTQ-nin a\u00e7\u0131l\u0131\u015f\u0131ndan bir il \u00f6t\u00fcr"},"content":{"rendered":"<p><strong>ARANTV.AZ<\/strong> x\u0259b\u0259r verir ki, d\u00fcz bir il \u00f6nc\u0259, 2017-ci ilin 30 oktyabr\u0131<strong>\u00a0<\/strong>h\u0259m<strong>\u00a0<\/strong>Az\u0259rbaycan\u0131n ictimai-siyasi v\u0259 iqtisadi h\u0259yat\u0131nda, h\u0259m d\u0259 qlobal miqyasda \u00e7ox m\u00fch\u00fcm tarixi hadis\u0259y\u0259 \u015fahidlik etdi. M\u00fcst\u0259qillik tariximizin m\u00f6ht\u0259\u015f\u0259m layih\u0259l\u0259rind\u0259n biri, Pekini Londonla birl\u0259\u015fdir\u0259n \u015e\u0259rq-Q\u0259rb n\u0259qliyyat d\u0259hlizinin m\u00fch\u00fcm seqmenti &#8211; Bak\u0131-Tbilisi-Qars d\u0259miryolu h\u0259yata v\u0259siq\u0259 ald\u0131. Beyn\u0259lxalq &#8220;a\u00e7ar&#8221;, transmilli k\u00f6rp\u00fc-ba\u011flay\u0131c\u0131 rolunu oynayan s\u00f6z\u00fcged\u0259n d\u0259miryolu y\u00fck v\u0259 s\u0259rni\u015finl\u0259rin Avropa v\u0259 Asiyaya \u00e7atd\u0131r\u0131lmas\u0131, eyni zamanda X\u0259z\u0259r h\u00f6vz\u0259si regionunun Avropa il\u0259 bilavasit\u0259 n\u0259qliyyat \u0259laq\u0259l\u0259rinin z\u0259nginl\u0259\u015fm\u0259si, \u00f6lk\u0259mizl\u0259 b\u00f6lg\u0259 d\u00f6vl\u0259tl\u0259ri aras\u0131nda xarici iqtisadi m\u00fcnasib\u0259tl\u0259rin inki\u015faf\u0131 bax\u0131m\u0131ndan b\u00f6y\u00fck perspektivl\u0259r a\u00e7\u0131r. T\u0259sad\u00fcfi deyil ki, BTQ-nin a\u00e7\u0131l\u0131\u015f\u0131ndan ke\u00e7\u0259n bir il \u0259rzind\u0259 bu mar\u015furut vasit\u0259sil\u0259 3 min\u0259d\u0259k vaqon v\u0259 konteyner da\u015f\u0131n\u0131b.<\/p>\n<p>N\u0259qliyyat infrastrukturunun m\u00fcasir d\u00fcnya standartlar\u0131na uy\u011funla\u015fd\u0131r\u0131lmas\u0131, Az\u0259rbaycan\u0131n tranzit potensial\u0131n\u0131n tam g\u00fcc\u00fc il\u0259 realla\u015fd\u0131r\u0131lmas\u0131 Prezident \u0130lham \u018fliyevin iqtisadi diversifikasiya siyas\u0259tind\u0259 m\u00fch\u00fcm yer tutur. Son 15 ild\u0259 \u00f6lk\u0259mizd\u0259 n\u0259qliyyat infrastrukturunun inki\u015faf\u0131 il\u0259 ba\u011fl\u0131 h\u0259yata ke\u00e7iril\u0259n irimiqyasl\u0131 layih\u0259l\u0259r, s\u00f6z\u00fcged\u0259n sah\u0259y\u0259 b\u00f6y\u00fck h\u0259cmli d\u00f6vl\u0259t investisiyalar\u0131n y\u00f6n\u0259ldilm\u0259si d\u0259 eyni m\u0259qs\u0259d\u0259 xidm\u0259t edir. Bel\u0259 ki&#8230;<\/p>\n<p>&#8211;\u00a0<strong>6-s\u0131 beyn\u0259lxalq olmaqla 7 hava liman\u0131 tikilib, \u00e7ox b\u00f6y\u00fck t\u0259yyar\u0259 park\u0131 yarad\u0131l\u0131b v\u0259 20-\u0259 yax\u0131n iri y\u00fck t\u0259yyar\u0259si f\u0259aliyy\u0259t g\u00f6st\u0259rir;<\/strong><\/p>\n<p><strong>&#8211; \u00fcmumilikd\u0259, 15 min km-\u0259 yax\u0131n yol \u00e7\u0259kilib, b\u00fct\u00fcn\u00a0<\/strong><strong>magistral yollar beyn\u0259lxalq standartlar \u0259sas\u0131nda yenid\u0259n qurulub;<\/strong><\/p>\n<p><strong>&#8211; X\u0259z\u0259r d\u0259nizind\u0259 Az\u0259rbaycan\u0131n 300-\u0259 yax\u0131n g\u0259mid\u0259n ibar\u0259t \u0259n iri ticar\u0259t donanmas\u0131 yarad\u0131l\u0131b;<\/strong><\/p>\n<p><strong>&#8211; D\u0259miryol infrastrukturu m\u00fcasirl\u0259\u015fdirilir v\u0259 \u00f6lk\u0259 \u0259razisinin tam \u0259ks\u0259riyy\u0259tini\u00a0 \u0259hat\u0259 ed\u0259c\u0259k;<\/strong><\/p>\n<p><strong>&#8211; \u018fl\u0259td\u0259 15 milyon ton y\u00fcka\u015f\u0131rma qabiliyy\u0259ti olan Bak\u0131 Beyn\u0259lxalq D\u0259niz Ticar\u0259t Liman\u0131 istifad\u0259y\u0259 verilib;<\/strong><\/p>\n<p><strong>&#8211; Ab\u015feron Logistika M\u0259rk\u0259zi f\u0259aliyy\u0259t\u0259 ba\u015flay\u0131b v\u0259 s.<\/strong><\/p>\n<p>Bu kontekstd\u0259 d\u00f6vl\u0259t ba\u015f\u00e7\u0131s\u0131n\u0131n \u015e\u0259rq-Q\u0259rb, \u015eimal-C\u0259nub, C\u0259nub-Q\u0259rb kimi qlobal miqyasl\u0131 t\u0259\u015f\u0259bb\u00fcsl\u0259ri m\u00fcst\u0259sna \u0259h\u0259miyy\u0259t\u0259 malikdir. Avrasiyan\u0131n iqtisadi inki\u015faf\u0131nda yeni imkanlar a\u00e7acaq bu mar\u015frutlar\u0131n realla\u015fmas\u0131 istiqam\u0259tind\u0259 g\u00f6r\u00fcl\u0259n i\u015fl\u0259r Az\u0259rbaycan\u0131, s\u00f6z\u00fcn \u0259sl m\u0259nas\u0131nda, beyn\u0259lxalq n\u0259qliyyat xab\u0131na \u00e7evirm\u0259kd\u0259dir. D\u00fcz bir il \u00f6nc\u0259, Q\u0259dim \u0130p\u0259k Yolunun polad magistrallar \u00fcz\u0259rind\u0259 b\u0259rpas\u0131, m\u0259hz, \u0259h\u0259miyy\u0259tin\u0259 g\u00f6r\u0259 \u201cD\u0259mir \u0130p\u0259k yolu\u201d adland\u0131r\u0131lan Bak\u0131-Tbilisi-Qars d\u0259mir yolunun istifad\u0259y\u0259 verilm\u0259si is\u0259 \u015e\u0259rq-Q\u0259rb d\u0259hlizinin quru x\u0259tl\u0259 birba\u015fa ba\u011flant\u0131s\u0131n\u0131 \u015f\u0259rtl\u0259ndirdi.<\/p>\n<p>Bel\u0259likl\u0259, beyn\u0259lxalq &#8220;a\u00e7ar&#8221;, transmilli k\u00f6rp\u00fc-ba\u011flay\u0131c\u0131 rolunu oynayan Bak\u0131-Tbilisi-Qars y\u00fck v\u0259 s\u0259rni\u015finl\u0259rin Avropa v\u0259 Asiyaya \u00e7atd\u0131r\u0131lmas\u0131, eyni zamanda X\u0259z\u0259r h\u00f6vz\u0259si regionunun Avropa il\u0259 bilavasit\u0259 n\u0259qliyyat \u0259laq\u0259l\u0259rinin z\u0259nginl\u0259\u015fm\u0259si, \u00f6lk\u0259mizl\u0259 b\u00f6lg\u0259 d\u00f6vl\u0259tl\u0259ri aras\u0131nda xarici iqtisadi m\u00fcnasib\u0259tl\u0259rin inki\u015faf\u0131 bax\u0131m\u0131ndan b\u00f6y\u00fck perspektivl\u0259r v\u0259d edir. D\u0259miryolunun tarixi \u0130p\u0259k yolu \u00fcz\u0259rind\u0259 qurulmas\u0131 v\u0259 \u00c7in il\u0259 Avropa \u00f6lk\u0259l\u0259ri aras\u0131nda \u0259n q\u0131sa mar\u015frut kimi yaratd\u0131\u011f\u0131 \u0259lveri\u015fli \u015f\u0259rait is\u0259 onun c\u0259lbediciliyini daha da art\u0131r\u0131r. M\u0259hz, Asiyada y\u00fckl\u0259rin \u0259sas\u0259n formala\u015fd\u0131\u011f\u0131 \u00c7inin d\u0259 bu layih\u0259nin ger\u00e7\u0259kl\u0259\u015fm\u0259sind\u0259 mara\u011f\u0131 y\u00fcks\u0259kdir. Bel\u0259 ki, Avropa \u0130ttifaq\u0131 il\u0259 \u00c7in aras\u0131nda 240 milyon tonluq y\u00fckd\u0259n ibar\u0259t\u00a0 v\u0259 d\u0259y\u0259ri 520 milyard avrodan \u00e7ox olan ticar\u0259t d\u00f6vriyy\u0259si m\u00f6vcuddur v\u0259 bunun g\u0259l\u0259c\u0259kd\u0259 daha da artaca\u011f\u0131 proqnozla\u015fd\u0131r\u0131l\u0131r. \u201cOrta d\u0259hliz\u201d, y\u0259ni Bak\u0131-Tbilisi-Qars\u00a0 d\u0259mir yolu x\u0259ttil\u0259 bu y\u00fckl\u0259rin 10 faizi da\u015f\u0131naca\u011f\u0131 halda, bu, 24 milyon ton \u0259lav\u0259 y\u00fck da\u015f\u0131nmas\u0131 dem\u0259kdir. T\u0259sad\u00fcfi deyil ki,\u00a0d\u0259mir yolunun a\u00e7\u0131l\u0131\u015f\u0131ndan ke\u00e7\u0259n bir il \u0259rzind\u0259 bu mar\u015frut vasit\u0259sil\u0259 3 min\u0259d\u0259k vaqon v\u0259 konteyner da\u015f\u0131n\u0131b.\u00a0\u0130lk konteyner qatar\u0131 Qazax\u0131stan\u0131n Kok\u015fetau \u015f\u0259h\u0259rind\u0259n T\u00fcrkiy\u0259nin M\u0259rsin<strong>\u00a0<\/strong>\u015f\u0259h\u0259rin\u0259 tax\u0131l y\u00fckl\u0259nmi\u015f 32 vaqon olub v\u0259 haz\u0131rda Bak\u0131-Tbilisi-Qars d\u0259mir yolu il\u0259 h\u0259r h\u0259ft\u0259 T\u00fcrkiy\u0259, Az\u0259rbaycan v\u0259 Qazax\u0131stan aras\u0131nda 3 reys yerin\u0259 yetirilir. Eyni zamanda, Rusiyadan T\u00fcrkiy\u0259y\u0259 tax\u0131l da\u015f\u0131n\u0131r. H\u0259m\u00e7inin, bu g\u00fcnl\u0259rd\u0259 SOCAR v\u0259 \u201cADY Konteyner\u201d Bak\u0131-Tbilisi-Qars d\u0259mir yolu il\u0259 T\u00fcrkm\u0259nistan\u0131n Mar\u0131 zavodundan T\u00fcrkiy\u0259y\u0259 karbamid g\u00f6nd\u0259rilm\u0259sini t\u0259min edibl\u0259r.\u00a0 Bak\u0131-Tbilisi-Qars d\u0259mir yolu il\u0259 da\u015f\u0131malara maraq g\u00f6st\u0259r\u0259n \u00f6lk\u0259l\u0259rin say\u0131 get-ged\u0259 artmaqdad\u0131r. Bir \u00e7ox \u00f6lk\u0259, x\u00fcsusil\u0259 \u015e\u0259rq \u00f6lk\u0259l\u0259ri \u201cBir k\u0259m\u0259r- Bir yol\u201d layih\u0259si \u00e7\u0259r\u00e7iv\u0259sind\u0259 transavrasiya n\u0259qliyyat d\u0259hlizind\u0259n istifad\u0259 edilm\u0259sin\u0259 maraq g\u00f6st\u0259rir.\u00a0 S\u00f6z\u00fcged\u0259n d\u0259hliz h\u0259m\u00e7inin, \u015fax\u0259l\u0259ndirilmi\u015f tranzit-logistika qov\u015fa\u011f\u0131 kimi d\u0259 b\u00f6y\u00fck perspektivl\u0259r v\u0259d edir. \u00c7in, M\u0259rk\u0259zi Asiya \u00f6lk\u0259l\u0259ri v\u0259 \u018ffqan\u0131stan\u0131n Avropaya, habel\u0259 T\u00fcrkiy\u0259nin Qara d\u0259niz limanlar\u0131 vasit\u0259sil\u0259 Yax\u0131n \u015e\u0259rq\u0259 v\u0259 \u015eimali Afrika \u00f6lk\u0259l\u0259rin\u0259 \u00e7\u0131x\u0131\u015f\u0131n\u0131 asanla\u015fd\u0131r\u0131r. Bu ilin may\u0131nda istifad\u0259y\u0259 veril\u0259n Bak\u0131 Beyn\u0259lxalq D\u0259niz Ticar\u0259t Liman\u0131 is\u0259 Bak\u0131-Tbilisi-Qars d\u0259mir yolu x\u0259tti \u00fc\u00e7\u00fcn birba\u015fa y\u00fcktoplama m\u0259nt\u0259q\u0259si funksiyas\u0131n\u0131 yerin\u0259 yetirir. Bu liman \u015fimal, c\u0259nub, \u015f\u0259rq v\u0259 q\u0259rb istiqam\u0259tl\u0259rind\u0259n d\u0259hlizl\u0259r \u00fczr\u0259 \u00f6lk\u0259miz\u0259 daxil olan y\u00fckl\u0259rin toplanmas\u0131n\u0131 v\u0259 onlar\u0131n Bak\u0131-Tbilisi-Qars d\u0259mir yolu x\u0259tti \u00fczr\u0259 Avropa istiqam\u0259tind\u0259 v\u0259 ya g\u0259mil\u0259rl\u0259 \u015e\u0259rq istiqam\u0259tind\u0259 da\u015f\u0131nmas\u0131n\u0131 t\u0259min ed\u0259n s\u0259m\u0259r\u0259li v\u0259 davaml\u0131 logistika z\u0259ncirinin formala\u015fmas\u0131 \u00fc\u00e7\u00fcn \u0259sas amildir. 2019-cu ilin \u00fc\u00e7\u00fcnc\u00fc r\u00fcb\u00fcnd\u0259 Bak\u0131-Tbilisi-Qars mar\u015frutu il\u0259 s\u0259rni\u015fin da\u015f\u0131nmas\u0131n\u0131n t\u0259\u015fkili planla\u015fd\u0131r\u0131l\u0131r ki, bu da regionda turizmin inki\u015faf\u0131na t\u00f6hf\u0259 olacaq. S\u0259rni\u015fin da\u015f\u0131malar\u0131n\u0131n h\u0259yata ke\u00e7irilm\u0259si \u00fc\u00e7\u00fcn \u0130ve\u00e7r\u0259nin \u201cStadler\u201d \u015firk\u0259tin\u0259 d\u00f6rd kateqoriyal\u0131 30 yataq vaqonu sifari\u015f verilib. Bu vaqonlar\u0131n 2019-cu ilin birinci r\u00fcb\u00fcnd\u0259 Az\u0259rbaycana g\u0259tiril\u0259c\u0259yi g\u00f6zl\u0259nilir. G\u00f6zl\u0259nildiyin\u0259 g\u00f6r\u0259, birinci m\u0259rh\u0259l\u0259d\u0259 s\u0259rni\u015finda\u015f\u0131malar\u0131n h\u0259cmi ild\u0259 1 milyon n\u0259f\u0259r, y\u00fckda\u015f\u0131malar\u0131n h\u0259cmi is\u0259 ild\u0259 5 milyon ton olacaq. \u0130kinci m\u0259rh\u0259l\u0259d\u0259 m\u00fcvafiq g\u00f6st\u0259ricil\u0259r artaraq ild\u0259 2 milyon s\u0259rni\u015fin v\u0259 17 milyon ton y\u00fck t\u0259\u015fkil ed\u0259c\u0259k. \u00a0Bel\u0259likl\u0259, \u00f6z \u0259h\u0259miyy\u0259tin\u0259 g\u00f6r\u0259 qlobal s\u0259ciyy\u0259 da\u015f\u0131yan Bak\u0131-Tbilisi-Qars d\u0259mir yolu iki qit\u0259ni polad relsl\u0259rl\u0259 birl\u0259\u015fdir\u0259r\u0259k b\u00f6y\u00fck sosial-iqtisadi effektivliy\u0259 z\u0259min yarad\u0131r. \u018fn \u0259sas\u0131 is\u0259 bu d\u0259mir yolunun i\u015f\u0259 d\u00fc\u015fm\u0259si regionda sabitliy\u0259, xalqlar\u0131mz\u0131n daha da yax\u0131nla\u015fmas\u0131na v\u0259 iqtisadi inki\u015fafa \u0259n b\u00f6y\u00fck t\u00f6hf\u0259dir. Qeyd ed\u0259k ki, Bak\u0131-Tbilisi-Qars d\u0259mir yolunun tikintisin\u0259 dair sazi\u015f 2007-ci ild\u0259 Tbilisid\u0259 imzalan\u0131b. El\u0259 h\u0259min ilin noyabr\u0131nda G\u00fcrc\u00fcstan\u0131n Marabda m\u0259nt\u0259q\u0259sind\u0259 d\u0259mir yolu x\u0259ttinin t\u0259m\u0259li qoyulub. 2008-ci ilin iyulunda is\u0259 Qars \u015f\u0259h\u0259rind\u0259 Qars-G\u00fcrc\u00fcstan s\u0259rh\u0259di hiss\u0259sinin tikintisinin t\u0259m\u0259lqoyma m\u0259rasimi ke\u00e7irilib.<strong>\u00a0<\/strong>\u00dcmumi uzunlu\u011fu 846 kilometr olan d\u0259mir yolu x\u0259ttinin 504 kilometrlik hiss\u0259si Az\u0259rbaycan\u00a0\u0259razisin\u0259 d\u00fc\u015f\u00fcr. G\u00fcrc\u00fcstandan d\u0259miryolu x\u0259ttinin 263 kilometri ke\u00e7ir. Yolun 79 kilometr hiss\u0259si is\u0259 T\u00fcrkiy\u0259 \u0259razisind\u0259dir.<\/p>\n","protected":false},"excerpt":{"rendered":"<p>ARANTV.AZ x\u0259b\u0259r verir ki, d\u00fcz bir il \u00f6nc\u0259, 2017-ci ilin 30 oktyabr\u0131\u00a0h\u0259m\u00a0Az\u0259rbaycan\u0131n ictimai-siyasi v\u0259 iqtisadi h\u0259yat\u0131nda, h\u0259m d\u0259 qlobal miqyasda \u00e7ox m\u00fch\u00fcm tarixi hadis\u0259y\u0259 \u015fahidlik etdi. M\u00fcst\u0259qillik tariximizin m\u00f6ht\u0259\u015f\u0259m layih\u0259l\u0259rind\u0259n biri, Pekini Londonla birl\u0259\u015fdir\u0259n \u015e\u0259rq-Q\u0259rb n\u0259qliyyat d\u0259hlizinin m\u00fch\u00fcm seqmenti &#8211; Bak\u0131-Tbilisi-Qars d\u0259miryolu h\u0259yata v\u0259siq\u0259 ald\u0131. Beyn\u0259lxalq &#8220;a\u00e7ar&#8221;, transmilli k\u00f6rp\u00fc-ba\u011flay\u0131c\u0131 rolunu oynayan s\u00f6z\u00fcged\u0259n d\u0259miryolu y\u00fck v\u0259 s\u0259rni\u015finl\u0259rin Avropa v\u0259 Asiyaya \u00e7atd\u0131r\u0131lmas\u0131, eyni zamanda X\u0259z\u0259r h\u00f6vz\u0259si regionunun Avropa il\u0259 bilavasit\u0259 n\u0259qliyyat \u0259laq\u0259l\u0259rinin z\u0259nginl\u0259\u015fm\u0259si, \u00f6lk\u0259mizl\u0259 b\u00f6lg\u0259 d\u00f6vl\u0259tl\u0259ri aras\u0131nda xarici iqtisadi m\u00fcnasib\u0259tl\u0259rin inki\u015faf\u0131 bax\u0131m\u0131ndan b\u00f6y\u00fck perspektivl\u0259r a\u00e7\u0131r. T\u0259sad\u00fcfi deyil ki, BTQ-nin a\u00e7\u0131l\u0131\u015f\u0131ndan ke\u00e7\u0259n bir&hellip;<\/p>\n","protected":false},"author":2,"featured_media":22256,"comment_status":"closed","ping_status":"closed","sticky":false,"template":"","format":"standard","meta":{"om_disable_all_campaigns":false,"_monsterinsights_skip_tracking":false,"_monsterinsights_sitenote_active":false,"_monsterinsights_sitenote_note":"","_monsterinsights_sitenote_category":0},"categories":[19],"tags":[],"aioseo_notices":[],"gutentor_comment":0,"rttpg_featured_image_url":{"full":["https:\/\/arantv.az\/wp-content\/uploads\/2018\/10\/utvg47e9e2k0v5n3b94spiinn6btq.jpg",934,669,false],"landscape":["https:\/\/arantv.az\/wp-content\/uploads\/2018\/10\/utvg47e9e2k0v5n3b94spiinn6btq.jpg",934,669,false],"portraits":["https:\/\/arantv.az\/wp-content\/uploads\/2018\/10\/utvg47e9e2k0v5n3b94spiinn6btq.jpg",934,669,false],"thumbnail":["https:\/\/arantv.az\/wp-content\/uploads\/2018\/10\/utvg47e9e2k0v5n3b94spiinn6btq-150x150.jpg",150,150,true],"medium":["https:\/\/arantv.az\/wp-content\/uploads\/2018\/10\/utvg47e9e2k0v5n3b94spiinn6btq-300x215.jpg",300,215,true],"large":["https:\/\/arantv.az\/wp-content\/uploads\/2018\/10\/utvg47e9e2k0v5n3b94spiinn6btq.jpg",640,458,false],"1536x1536":["https:\/\/arantv.az\/wp-content\/uploads\/2018\/10\/utvg47e9e2k0v5n3b94spiinn6btq.jpg",934,669,false],"2048x2048":["https:\/\/arantv.az\/wp-content\/uploads\/2018\/10\/utvg47e9e2k0v5n3b94spiinn6btq.jpg",934,669,false],"post-thumbnail":["https:\/\/arantv.az\/wp-content\/uploads\/2018\/10\/utvg47e9e2k0v5n3b94spiinn6btq-240x172.jpg",240,172,true],"advps-thumb-one":["https:\/\/arantv.az\/wp-content\/uploads\/2018\/10\/utvg47e9e2k0v5n3b94spiinn6btq-934x620.jpg",934,620,true]},"rttpg_author":{"display_name":"V\u00fcsal Rafiqo\u011flu","author_link":"https:\/\/arantv.az\/?author=2"},"rttpg_comment":0,"rttpg_category":"<a href=\"https:\/\/arantv.az\/?cat=19\" rel=\"category\">G\u00fcnd\u0259m<\/a>","rttpg_excerpt":"ARANTV.AZ x\u0259b\u0259r verir ki, d\u00fcz bir il \u00f6nc\u0259, 2017-ci ilin 30 oktyabr\u0131\u00a0h\u0259m\u00a0Az\u0259rbaycan\u0131n ictimai-siyasi v\u0259 iqtisadi h\u0259yat\u0131nda, h\u0259m d\u0259 qlobal miqyasda \u00e7ox m\u00fch\u00fcm tarixi hadis\u0259y\u0259 \u015fahidlik etdi. M\u00fcst\u0259qillik tariximizin m\u00f6ht\u0259\u015f\u0259m layih\u0259l\u0259rind\u0259n biri, Pekini Londonla birl\u0259\u015fdir\u0259n \u015e\u0259rq-Q\u0259rb n\u0259qliyyat d\u0259hlizinin m\u00fch\u00fcm seqmenti &#8211; Bak\u0131-Tbilisi-Qars d\u0259miryolu h\u0259yata v\u0259siq\u0259 ald\u0131. Beyn\u0259lxalq &#8220;a\u00e7ar&#8221;, transmilli k\u00f6rp\u00fc-ba\u011flay\u0131c\u0131 rolunu oynayan s\u00f6z\u00fcged\u0259n d\u0259miryolu y\u00fck v\u0259&hellip;","_links":{"self":[{"href":"https:\/\/arantv.az\/index.php?rest_route=\/wp\/v2\/posts\/22255"}],"collection":[{"href":"https:\/\/arantv.az\/index.php?rest_route=\/wp\/v2\/posts"}],"about":[{"href":"https:\/\/arantv.az\/index.php?rest_route=\/wp\/v2\/types\/post"}],"author":[{"embeddable":true,"href":"https:\/\/arantv.az\/index.php?rest_route=\/wp\/v2\/users\/2"}],"replies":[{"embeddable":true,"href":"https:\/\/arantv.az\/index.php?rest_route=%2Fwp%2Fv2%2Fcomments&post=22255"}],"version-history":[{"count":0,"href":"https:\/\/arantv.az\/index.php?rest_route=\/wp\/v2\/posts\/22255\/revisions"}],"wp:featuredmedia":[{"embeddable":true,"href":"https:\/\/arantv.az\/index.php?rest_route=\/wp\/v2\/media\/22256"}],"wp:attachment":[{"href":"https:\/\/arantv.az\/index.php?rest_route=%2Fwp%2Fv2%2Fmedia&parent=22255"}],"wp:term":[{"taxonomy":"category","embeddable":true,"href":"https:\/\/arantv.az\/index.php?rest_route=%2Fwp%2Fv2%2Fcategories&post=22255"},{"taxonomy":"post_tag","embeddable":true,"href":"https:\/\/arantv.az\/index.php?rest_route=%2Fwp%2Fv2%2Ftags&post=22255"}],"curies":[{"name":"wp","href":"https:\/\/api.w.org\/{rel}","templated":true}]}}